{"id":40655,"date":"2024-11-23T13:30:21","date_gmt":"2024-11-23T12:30:21","guid":{"rendered":"https:\/\/wartapoznan.pl\/?p=40655"},"modified":"2024-11-22T21:48:26","modified_gmt":"2024-11-22T20:48:26","slug":"betclic-1-liga-warta-poznan-pogon-siedlce-profil-rywala","status":"publish","type":"post","link":"https:\/\/wartapoznan.pl\/index.php\/2024\/11\/23\/betclic-1-liga-warta-poznan-pogon-siedlce-profil-rywala\/","title":{"rendered":"Betclic 1 Liga. Warta Pozna\u0144 &#8211; Pogo\u0144 Siedlce. Profil Rywala."},"content":{"rendered":"<p><strong>W ostatnim meczu rundy jesiennej, w Grodzisku \u00a0zmierz\u0105 si\u0119 Warta Pozna\u0144 i Pogo\u0144 Siedlce. Powiedzie\u0107, \u017ce odbywa zespo\u0142y potrzebuj\u0105 punkt\u00f3w to jakby nic nie powiedzie\u0107. Zesp\u00f3\u0142 z Siedlec znajduje si\u0119 na samym dole ligowej tabeli i punkt\u00f3w potrzebuje wr\u0119cz desperacko. Warta jest tylko w nieco lepszej sytuacji i za punkt honoru stawia sobie zdobycie punkt\u00f3w przed w\u0142asn\u0105 publiczno\u015bci\u0105. Z reszt\u0105 od pocz\u0105tku swojego pobytu w Warcie trener Klepczarek konsekwentnie stawia spraw\u0119: nie ma kalkulacji, ka\u017cdy mecz ma by\u0107 dla nas meczem o zwyci\u0119stwo. <\/strong><\/p>\n<p><strong>Raport z pierwszej dru\u017cyny Warty<\/strong><\/p>\n<p>W niedziel\u0119 na boisku na pewno nie pojawi\u0105 si\u0119 Shun Shibata i najprawdopodobniej Kacper Michalski, kt\u00f3rzy lecz\u0105 urazy. Na boisku nie zobaczymy tak\u017ce Filipa Walusia, kt\u00f3ry po raz drugi w tym sezonie z\u0142ama\u0142 nos.<\/p>\n<p><strong>Sytuacja rywala<\/strong><\/p>\n<p>Beniaminek zajmuje obecnie ostatnie miejsce w tabeli Betclic 1 Ligi, maj\u0105c na koncie zaledwie 9 punkt\u00f3w. W poprzedniej kolejce prze\u0142ama\u0142 pasmo mecz\u00f3w bez zwyci\u0119stw, pokonuj\u0105c Kotwic\u0119 Ko\u0142obrzeg 2:1. W tym sezonie Pogo\u0144 zanotowa\u0142a \u0142\u0105cznie 2 zwyci\u0119stwa, 3 remisy i 11 pora\u017cek. Opr\u00f3cz meczu z Kotwic\u0105, komplet punkt\u00f3w pi\u0142karze z Siedlec wywalczyli w starciu ze Stal\u0105 Stalowa Wola, kt\u00f3r\u0105 pokonali a\u017c 3:1. Jednak by\u0142o to ju\u017c do\u015b\u0107 dawno, bo 24 sierpnia.<\/p>\n<p><strong>Trener<\/strong><\/p>\n<p><img loading=\"lazy\" decoding=\"async\" width=\"1296\" height=\"864\" class=\"alignnone size-full wp-image-40661\" src=\"https:\/\/wartapoznan.pl\/wp-content\/uploads\/2024\/11\/DSC_1802.jpg\" alt=\"\" srcset=\"https:\/\/wartapoznan.pl\/wp-content\/uploads\/2024\/11\/DSC_1802.jpg 1296w, https:\/\/wartapoznan.pl\/wp-content\/uploads\/2024\/11\/DSC_1802-300x200.jpg 300w, https:\/\/wartapoznan.pl\/wp-content\/uploads\/2024\/11\/DSC_1802-128x85.jpg 128w, https:\/\/wartapoznan.pl\/wp-content\/uploads\/2024\/11\/DSC_1802-32x21.jpg 32w\" sizes=\"(max-width: 1296px) 100vw, 1296px\" \/><\/p>\n<p>Fot: Pogo\u0144 Siedlce (www)<\/p>\n<p>Fot: Pogo\u0144 Siedlce (FB)<\/p>\n<p><em>Adam Noco\u0144<\/em><strong><br \/>\n<\/strong>Pogo\u0144 Siedlce jest jedn\u0105 z tych dru\u017cyn w Betclic 1 Lidze, kt\u00f3re postanowi\u0142y rozsta\u0107 si\u0119 w trakcie sezonu z dotychczasowymi trenerami. W Siedlcach nowym szkoleniowcem zosta\u0142 53-letni Adam Noco\u0144, kt\u00f3ry wcze\u015bniej prowadzi\u0142 Odr\u0119 Opole. Wcze\u015bniej pracowa\u0142 m.in. w Chojniczance Chojnice, Olimpii Elbl\u0105g, Podbeskidziu Bielsko-Bia\u0142a oraz GKS Tychy. W Pogoni zast\u0105pi\u0142 zwolnionego Marka Brzozowskiego.<\/p>\n<p><strong>Wa\u017cni pi\u0142karze<\/strong><\/p>\n<p><em>Karol Podli\u0144ski \u2013 napastnik<br \/>\n<\/em>Warto zwr\u00f3ci\u0107 szczeg\u00f3ln\u0105 uwag\u0119 na zawodnika z numerem 13, poniewa\u017c to najskuteczniejszy strzelec Pogoni. W tym sezonie trafi\u0142 do siatki ju\u017c 6 razy w 7 meczach. 27-latek wcze\u015bniej wyst\u0119powa\u0142 m.in. w Zag\u0142\u0119biu Lubin, G\u00f3rniku \u0141\u0119czna i Zniczu Pruszk\u00f3w.<\/p>\n<p><em>Cezary Demianiuk \u2013 ofensywny pomocnik<br \/>\n<\/em>Wychowanek klubu, kt\u00f3ry przeciwko Warcie rozegra 250. spotkanie w barwach Pogoni w rozgrywkach ponadwojew\u00f3dzkich. W tym sezonie wyst\u0105pi\u0142 w 15 meczach, zdobywaj\u0105c 2 bramki i notuj\u0105c 3 asysty.<\/p>\n<p><em>Krystian Mi\u015b \u2013 obro\u0144ca<br \/>\n<\/em>28-letni lewy obro\u0144ca, mog\u0105cy r\u00f3wnie\u017c gra\u0107 na pozycji wahad\u0142owego. Przeciwko Warcie rozegra 90. mecz w barwach Pogoni. By\u0142 wyr\u00f3\u017cniaj\u0105c\u0105 si\u0119 postaci\u0105 w zesz\u0142ym sezonie, gdy Pogo\u0144 gra\u0142a w II lidze, jednak obecnie straci\u0142 wi\u0119kszo\u015b\u0107 sezonu z powodu kontuzji.<\/p>\n<p><img loading=\"lazy\" decoding=\"async\" width=\"2048\" height=\"1363\" class=\"alignnone size-full wp-image-40663\" src=\"https:\/\/wartapoznan.pl\/wp-content\/uploads\/2024\/11\/462080775_929756739173860_1939322201154185334_n.jpg\" alt=\"\" srcset=\"https:\/\/wartapoznan.pl\/wp-content\/uploads\/2024\/11\/462080775_929756739173860_1939322201154185334_n.jpg 2048w, https:\/\/wartapoznan.pl\/wp-content\/uploads\/2024\/11\/462080775_929756739173860_1939322201154185334_n-1536x1022.jpg 1536w, https:\/\/wartapoznan.pl\/wp-content\/uploads\/2024\/11\/462080775_929756739173860_1939322201154185334_n-300x200.jpg 300w, https:\/\/wartapoznan.pl\/wp-content\/uploads\/2024\/11\/462080775_929756739173860_1939322201154185334_n-128x85.jpg 128w, https:\/\/wartapoznan.pl\/wp-content\/uploads\/2024\/11\/462080775_929756739173860_1939322201154185334_n-32x21.jpg 32w\" sizes=\"(max-width: 2048px) 100vw, 2048px\" \/>Fot: Pogo\u0144 Siedlce (FB)<\/p>\n<p><strong>Stadion<\/strong><\/p>\n<p>Pogo\u0144 rozgrywa swoje mecze na Stadionie Miejskim w Siedlcach. Obiekt mo\u017ce pomie\u015bci\u0107 2917 widz\u00f3w. Stadion posiada trybuny kryte i dobre zaplecze treningowe. Frekwencja na meczach Pogoni waha si\u0119 od 1000 do 2000 widz\u00f3w w zale\u017cno\u015bci od rangi spotkania.<\/p>\n<p><strong>Ciekawostki<\/strong><\/p>\n<ul>\n<li>Klub zosta\u0142 za\u0142o\u017cony w 1944 roku.<\/li>\n<li>Wychowankiem Pogoni jest m.in. by\u0142y bramkarz reprezentacji Polski, Artur Boruc, oraz Jacek Kie\u0142b \u2013 doskonale znany poznaniakom z wyst\u0119p\u00f3w w Lechu Pozna\u0144.<\/li>\n<li>Na \u0142awce trenerskiej Pogoni zasiada\u0142 inny reprezentant Polski \u2013 Marek Saganowski, kt\u00f3ry w 2023 roku doprowadzi\u0142 dru\u017cyn\u0119 do \u0107wier\u0107fina\u0142u Pucharu Polski.<\/li>\n<\/ul>\n<p><strong>Historia potyczek z Wart\u0105<\/strong><\/p>\n<p>Niedzielny mecz b\u0119dzie pierwszym oficjalnym spotkaniem obu dru\u017cyn.<\/p>\n<p><strong>Gdzie ogl\u0105da\u0107<\/strong><\/p>\n<p>Od 11:53 w TVPSPORT.PL, aplikacji mobilnej, smart TV, HbbTV.<\/p>\n","protected":false},"excerpt":{"rendered":"<p>W ostatnim meczu rundy jesiennej, w Grodzisku \u00a0zmierz\u0105 si\u0119 Warta Pozna\u0144 i Pogo\u0144 Siedlce. Powiedzie\u0107, \u017ce odbywa zespo\u0142y potrzebuj\u0105 punkt\u00f3w&#8230;<\/p>\n","protected":false},"author":36,"featured_media":40656,"comment_status":"closed","ping_status":"closed","sticky":false,"template":"","format":"standard","meta":{"om_disable_all_campaigns":false,"inline_featured_image":false,"footnotes":"","_links_to":"","_links_to_target":""},"categories":[94,356],"tags":[],"aioseo_notices":[],"_links":{"self":[{"href":"https:\/\/wartapoznan.pl\/index.php\/wp-json\/wp\/v2\/posts\/40655"}],"collection":[{"href":"https:\/\/wartapoznan.pl\/index.php\/wp-json\/wp\/v2\/posts"}],"about":[{"href":"https:\/\/wartapoznan.pl\/index.php\/wp-json\/wp\/v2\/types\/post"}],"author":[{"embeddable":true,"href":"https:\/\/wartapoznan.pl\/index.php\/wp-json\/wp\/v2\/users\/36"}],"replies":[{"embeddable":true,"href":"https:\/\/wartapoznan.pl\/index.php\/wp-json\/wp\/v2\/comments?post=40655"}],"version-history":[{"count":2,"href":"https:\/\/wartapoznan.pl\/index.php\/wp-json\/wp\/v2\/posts\/40655\/revisions"}],"predecessor-version":[{"id":40665,"href":"https:\/\/wartapoznan.pl\/index.php\/wp-json\/wp\/v2\/posts\/40655\/revisions\/40665"}],"wp:featuredmedia":[{"embeddable":true,"href":"https:\/\/wartapoznan.pl\/index.php\/wp-json\/wp\/v2\/media\/40656"}],"wp:attachment":[{"href":"https:\/\/wartapoznan.pl\/index.php\/wp-json\/wp\/v2\/media?parent=40655"}],"wp:term":[{"taxonomy":"category","embeddable":true,"href":"https:\/\/wartapoznan.pl\/index.php\/wp-json\/wp\/v2\/categories?post=40655"},{"taxonomy":"post_tag","embeddable":true,"href":"https:\/\/wartapoznan.pl\/index.php\/wp-json\/wp\/v2\/tags?post=40655"}],"curies":[{"name":"wp","href":"https:\/\/api.w.org\/{rel}","templated":true}]}}