{"id":40666,"date":"2024-11-24T15:25:49","date_gmt":"2024-11-24T14:25:49","guid":{"rendered":"https:\/\/wartapoznan.pl\/?p=40666"},"modified":"2024-11-24T15:25:49","modified_gmt":"2024-11-24T14:25:49","slug":"warta-wygrala-mimo-ze-pierwsza-stracila-bramke-cenne-zwyciestwo-z-pogonia-siedlce-21","status":"publish","type":"post","link":"https:\/\/wartapoznan.pl\/index.php\/2024\/11\/24\/warta-wygrala-mimo-ze-pierwsza-stracila-bramke-cenne-zwyciestwo-z-pogonia-siedlce-21\/","title":{"rendered":"Warta wygra\u0142a mimo, \u017ce pierwsza straci\u0142a bramk\u0119. Cenne zwyci\u0119stwo z Pogoni\u0105 Siedlce 2:1"},"content":{"rendered":"<p><strong>Mecz z Pogoni\u0105 zacz\u0105\u0142 si\u0119 w samo po\u0142udnie, i na tym westernowych odniesie\u0144 nie koniec. Naprzeciwko siebie stan\u0119\u0142o dw\u00f3ch przeciwnik\u00f3w, kt\u00f3rzy nie mieli za du\u017co do stracenia i nie mogli pozwoli\u0107 sobie na \u017cadne kalkulacje.<\/strong><\/p>\n<p>Ostrzej zacz\u0119\u0142a Warta. Pi\u0142karze w zielonych koszulkach zdecydowanie zamkn\u0119li przeciwnik\u00f3w w ich polu karnym. Pi\u0142ka w\u0119drowa\u0142a po okr\u0119gu, tak jakby Warciarze szukali luki, w kt\u00f3r\u0105 mogliby zagra\u0107 futbol\u00f3wk\u0119 do czyhaj\u0105cych na okazj\u0119 Rafa\u0142a Adamskiego i Macieja Firleja. Po pi\u0119ciu minutach gry w protokole widnia\u0142o ju\u017c kilka wrzutek w pole karne go\u015bci oraz pierwsza zmiana. Zaledwie dwie minuty po rozpocz\u0119ciu meczu uraz odni\u00f3s\u0142 Cezary Damianiuk i musia\u0142 opu\u015bci\u0107 boisko, a na jego miejsce wszed\u0142 Mateusz Majewski.<\/p>\n<p>Niestety dla Warty okaza\u0142o si\u0119 to bardzo niekorzystn\u0105 zmian\u0105. W 14. minucie to w\u0142a\u015bnie Majewski wykorzysta\u0142 b\u0142\u0105d obrony Zielonych i zdoby\u0142 bramk\u0119. Po golu mecz si\u0119 wyr\u00f3wna\u0142. Boisko zdominowa\u0142a brzydka, pe\u0142na fauli i przepychanek, ale wci\u0105\u017c szybka gra. Warciarzom nie mo\u017cna by\u0142o odm\u00f3wi\u0107 ch\u0119ci i woli walki w pierwszej po\u0142owie, jednak ca\u0142y czas brakowa\u0142o dok\u0142adno\u015bci, by powa\u017cnie zagrozi\u0107 bramce Pogoni. Mimo stara\u0144 Warty, ostatnie minuty nale\u017ca\u0142y zdecydowanie do go\u015bci. W 42. minucie od straty bramki Zielonych uratowa\u0142 Adrian Gryszkiewicz, kt\u00f3ry ofiarnie zatrzyma\u0142 wychodz\u0105cego na pozycj\u0119 sam na sam z bramkarzem Podli\u0144skiego.<\/p>\n<p><img loading=\"lazy\" decoding=\"async\" width=\"2560\" height=\"1706\" class=\"alignnone size-full wp-image-40671\" src=\"https:\/\/wartapoznan.pl\/wp-content\/uploads\/2024\/11\/F15A9927-Poprawione-Szumaaaa-scaled.jpg\" alt=\"\" srcset=\"https:\/\/wartapoznan.pl\/wp-content\/uploads\/2024\/11\/F15A9927-Poprawione-Szumaaaa-scaled.jpg 2560w, https:\/\/wartapoznan.pl\/wp-content\/uploads\/2024\/11\/F15A9927-Poprawione-Szumaaaa-1536x1024.jpg 1536w, https:\/\/wartapoznan.pl\/wp-content\/uploads\/2024\/11\/F15A9927-Poprawione-Szumaaaa-2048x1365.jpg 2048w, https:\/\/wartapoznan.pl\/wp-content\/uploads\/2024\/11\/F15A9927-Poprawione-Szumaaaa-300x200.jpg 300w, https:\/\/wartapoznan.pl\/wp-content\/uploads\/2024\/11\/F15A9927-Poprawione-Szumaaaa-128x85.jpg 128w, https:\/\/wartapoznan.pl\/wp-content\/uploads\/2024\/11\/F15A9927-Poprawione-Szumaaaa-32x21.jpg 32w\" sizes=\"(max-width: 2560px) 100vw, 2560px\" \/>W przerwie trener Klepczarek postanowi\u0142 wzmocni\u0107 si\u0142\u0119 ofensywn\u0105 dru\u017cyny. Na boisku Micha\u0142a Kopczy\u0144skiego zmieni\u0142 Damian G\u0105ska, a za Mateusza Ma\u0107kowiaka wszed\u0142 Jakub Kie\u0142b. To by\u0142a zmiana trafiona w \u201e10\u201d, bo kapitan Warty zaliczy\u0142 prawdziwe \u201ewej\u015bcie smoka\u201d. Kibice jeszcze nie zd\u0105\u017cyli dobrze rozsi\u0105\u015b\u0107 si\u0119 na swoich miejscach, a ju\u017c by\u0142o 1:1. Kie\u0142b doszed\u0142 do pi\u0142ki za polem karnym i precyzyjnym strza\u0142em z prawej, swojej s\u0142abszej nogi, umie\u015bci\u0142 j\u0105 w siatce tu\u017c przy s\u0142upku, nie daj\u0105c szans bramkarzowi Pogoni, Mateuszowi Pruchniewskiemu.<\/p>\n<p>Warta posz\u0142a za ciosem. W 56. minucie \u015bwietnym strza\u0142em z pierwszej pi\u0142ki popisa\u0142 si\u0119 Tomasz Wojcinowicz. Asyst\u0119 przy tej akcji zaliczy\u0142 Rafa\u0142 Adamski, ekwilibrystycznie si\u0119gaj\u0105c i zgrywaj\u0105c pi\u0142k\u0119, robi\u0105c u\u017cytek ze swoich d\u0142ugich n\u00f3g. Po tej bramce, kt\u00f3ra z pewno\u015bci\u0105 b\u0119dzie mocnym pretendentem do miana gola kolejki, Pogo\u0144 zacz\u0119\u0142a napiera\u0107. Trener Klepczarek, aby wspom\u00f3c blok defensywny, wprowadzi\u0142 Kacpra Michalskiego za zm\u0119czonego Macieja \u017burawskiego, kt\u00f3ry mocno napracowa\u0142 si\u0119 w tym meczu.<\/p>\n<p><img loading=\"lazy\" decoding=\"async\" width=\"2560\" height=\"1707\" class=\"alignnone size-full wp-image-40669\" src=\"https:\/\/wartapoznan.pl\/wp-content\/uploads\/2024\/11\/F15A0479-Poprawione-Szum-1aaa-scaled.jpg\" alt=\"\" srcset=\"https:\/\/wartapoznan.pl\/wp-content\/uploads\/2024\/11\/F15A0479-Poprawione-Szum-1aaa-scaled.jpg 2560w, https:\/\/wartapoznan.pl\/wp-content\/uploads\/2024\/11\/F15A0479-Poprawione-Szum-1aaa-1536x1024.jpg 1536w, https:\/\/wartapoznan.pl\/wp-content\/uploads\/2024\/11\/F15A0479-Poprawione-Szum-1aaa-2048x1366.jpg 2048w, https:\/\/wartapoznan.pl\/wp-content\/uploads\/2024\/11\/F15A0479-Poprawione-Szum-1aaa-300x200.jpg 300w, https:\/\/wartapoznan.pl\/wp-content\/uploads\/2024\/11\/F15A0479-Poprawione-Szum-1aaa-128x85.jpg 128w, https:\/\/wartapoznan.pl\/wp-content\/uploads\/2024\/11\/F15A0479-Poprawione-Szum-1aaa-32x21.jpg 32w\" sizes=\"(max-width: 2560px) 100vw, 2560px\" \/>W ko\u0144c\u00f3wce spotkania na boisku zrobi\u0142o si\u0119 gor\u0105co, i to nie za spraw\u0105 s\u0142o\u0144ca, kt\u00f3re w ko\u0144cu wysz\u0142o zza chmur nad stadionem w Grodzisku. Pogo\u0144 rzuci\u0142a si\u0119 do desperackich atak\u00f3w \u2013 kilka z nich zako\u0144czy\u0142o si\u0119 strza\u0142ami na bramk\u0119 Warty. Na szcz\u0119\u015bcie Leo Przybylak nie mia\u0142 z nimi wi\u0119kszych problem\u00f3w. Szczeg\u00f3lnie gro\u017anie zrobi\u0142o si\u0119 w 87. minucie. Mocny strza\u0142 z rzutu wolnego pi\u0119kn\u0105 parad\u0105 obroni\u0142 Przybylak, a przed strat\u0105 bramki z dobitki Zielonych uratowa\u0142a poprzeczka.<\/p>\n<p>Losy spotkania wa\u017cy\u0142y si\u0119 do samego ko\u0144ca, ale po czterech minutach doliczonego czasu gry s\u0119dzia odgwizda\u0142 koniec meczu. Warta mog\u0142a cieszy\u0107 si\u0119 nie tylko ze zdobytych trzech punkt\u00f3w, ale tak\u017ce z pierwszego meczu w tym sezonie, w kt\u00f3rym zdo\u0142a\u0142a odmieni\u0107 losy spotkania i zmieni\u0107 niekorzystny wynik na ostateczne zwyci\u0119stwo.<\/p>\n","protected":false},"excerpt":{"rendered":"<p>Mecz z Pogoni\u0105 zacz\u0105\u0142 si\u0119 w samo po\u0142udnie, i na tym westernowych odniesie\u0144 nie koniec. Naprzeciwko siebie stan\u0119\u0142o dw\u00f3ch przeciwnik\u00f3w,&#8230;<\/p>\n","protected":false},"author":36,"featured_media":40667,"comment_status":"closed","ping_status":"closed","sticky":false,"template":"","format":"standard","meta":{"om_disable_all_campaigns":false,"inline_featured_image":false,"footnotes":"","_links_to":"","_links_to_target":""},"categories":[356,100,1],"tags":[],"aioseo_notices":[],"_links":{"self":[{"href":"https:\/\/wartapoznan.pl\/index.php\/wp-json\/wp\/v2\/posts\/40666"}],"collection":[{"href":"https:\/\/wartapoznan.pl\/index.php\/wp-json\/wp\/v2\/posts"}],"about":[{"href":"https:\/\/wartapoznan.pl\/index.php\/wp-json\/wp\/v2\/types\/post"}],"author":[{"embeddable":true,"href":"https:\/\/wartapoznan.pl\/index.php\/wp-json\/wp\/v2\/users\/36"}],"replies":[{"embeddable":true,"href":"https:\/\/wartapoznan.pl\/index.php\/wp-json\/wp\/v2\/comments?post=40666"}],"version-history":[{"count":1,"href":"https:\/\/wartapoznan.pl\/index.php\/wp-json\/wp\/v2\/posts\/40666\/revisions"}],"predecessor-version":[{"id":40673,"href":"https:\/\/wartapoznan.pl\/index.php\/wp-json\/wp\/v2\/posts\/40666\/revisions\/40673"}],"wp:featuredmedia":[{"embeddable":true,"href":"https:\/\/wartapoznan.pl\/index.php\/wp-json\/wp\/v2\/media\/40667"}],"wp:attachment":[{"href":"https:\/\/wartapoznan.pl\/index.php\/wp-json\/wp\/v2\/media?parent=40666"}],"wp:term":[{"taxonomy":"category","embeddable":true,"href":"https:\/\/wartapoznan.pl\/index.php\/wp-json\/wp\/v2\/categories?post=40666"},{"taxonomy":"post_tag","embeddable":true,"href":"https:\/\/wartapoznan.pl\/index.php\/wp-json\/wp\/v2\/tags?post=40666"}],"curies":[{"name":"wp","href":"https:\/\/api.w.org\/{rel}","templated":true}]}}