{"id":40674,"date":"2024-11-24T16:04:53","date_gmt":"2024-11-24T15:04:53","guid":{"rendered":"https:\/\/wartapoznan.pl\/?p=40674"},"modified":"2024-11-24T16:04:53","modified_gmt":"2024-11-24T15:04:53","slug":"warta-poznan-pogon-siedlce-wypowiedzi-trenerow-po-meczu","status":"publish","type":"post","link":"https:\/\/wartapoznan.pl\/index.php\/2024\/11\/24\/warta-poznan-pogon-siedlce-wypowiedzi-trenerow-po-meczu\/","title":{"rendered":"Warta Pozna\u0144 &#8211; Pogo\u0144 Siedlce. Wypowiedzi trener\u00f3w po meczu."},"content":{"rendered":"<p><strong>Adam Nico\u0144, trener Pogoni Siedlce<\/strong><\/p>\n<p><em><img loading=\"lazy\" decoding=\"async\" width=\"2560\" height=\"1707\" class=\"alignnone size-full wp-image-40677\" src=\"https:\/\/wartapoznan.pl\/wp-content\/uploads\/2024\/11\/F15A1081-Poprawione-Szum-scaled.jpg\" alt=\"\" srcset=\"https:\/\/wartapoznan.pl\/wp-content\/uploads\/2024\/11\/F15A1081-Poprawione-Szum-scaled.jpg 2560w, https:\/\/wartapoznan.pl\/wp-content\/uploads\/2024\/11\/F15A1081-Poprawione-Szum-1536x1024.jpg 1536w, https:\/\/wartapoznan.pl\/wp-content\/uploads\/2024\/11\/F15A1081-Poprawione-Szum-2048x1365.jpg 2048w, https:\/\/wartapoznan.pl\/wp-content\/uploads\/2024\/11\/F15A1081-Poprawione-Szum-300x200.jpg 300w, https:\/\/wartapoznan.pl\/wp-content\/uploads\/2024\/11\/F15A1081-Poprawione-Szum-128x85.jpg 128w, https:\/\/wartapoznan.pl\/wp-content\/uploads\/2024\/11\/F15A1081-Poprawione-Szum-32x21.jpg 32w\" sizes=\"(max-width: 2560px) 100vw, 2560px\" \/><\/em><\/p>\n<p><em>Mecz zacz\u0105\u0142 si\u0119 dla nas fatalnie po tym, jak urazu dozna\u0142 nasz czo\u0142owy zawodnik ofensywny, Czarek Demianiuk. Szybka zmiana, strzelamy bramk\u0119 i, pomimo optycznej przewagi Warty, my\u015bl\u0119, \u017ce mieli\u015bmy ten mecz pod kontrol\u0105. Jednak na drug\u0105 po\u0142ow\u0119 w og\u00f3le nie wyszli\u015bmy i taka jest prawda. Nie rozumiem, jak w tak wa\u017cnym meczu mo\u017cna pope\u0142nia\u0107 takie b\u0142\u0119dy w defensywie \u2013 jeden po drugim.<\/em><\/p>\n<p><em>Potem m\u00f3j zesp\u00f3\u0142 na pewno d\u0105\u017cy\u0142 do tego, \u017ceby zremisowa\u0107 ten mecz. Mieli\u015bmy sytuacj\u0119 Podli\u0144skiego, kt\u00f3ry odda\u0142 strza\u0142 po rzucie wolnym wykonywanym przez Zin\u0119. Bramkarz odbi\u0142 pi\u0142k\u0119 przed siebie, a potem Karol dobi\u0142 w poprzeczk\u0119. Ca\u0142y czas byli\u015bmy w ofensywie, ale Warta dobrze i m\u0105drze si\u0119 broni\u0142a. Potrafili zagra\u0107 na zero z ty\u0142u, czego m\u00f3j zesp\u00f3\u0142 nie potrafi od pocz\u0105tku sezonu. W\u0142a\u015bnie tutaj upatruj\u0119 przyczyny tego, \u017ce mamy tak ma\u0142\u0105 liczb\u0119 punkt\u00f3w. Nie potrafimy gra\u0107 konsekwentnie i zdyscyplinowanie. M\u00f3j zesp\u00f3\u0142 w trakcie meczu \u0142apie jakie\u015b zawiechy i nie potrafi takiego meczu przerwa\u0107.<\/em><\/p>\n<p><em>Tak samo by\u0142o w innych spotkaniach, np. z Miedzi\u0105, gdzie w kr\u00f3tkim okresie czasu tracimy bramki, albo z Ark\u0105, gdzie straty wynikaj\u0105 z niepotrzebnych b\u0142\u0119d\u00f3w. Dzi\u015b pozytywne jest to, \u017ce pi\u0142karze walczyli i nie grali\u015bmy \u017ale. Ale chodzi o to, \u017ceby takie mecze wygrywa\u0107. Bo je\u015bli tych wygranych zabraknie, na ko\u0144cu sezonu mo\u017cemy by\u0107 w bardzo trudnej sytuacji.<\/em><\/p>\n<p><em>Teraz pi\u0142karze musz\u0105 si\u0119 pozbiera\u0107. Mog\u0105 by\u0107 za\u0142amani \u2013 nie dziwi\u0119 si\u0119, bo przegrali bardzo wa\u017cny mecz \u2013 ale to tak\u017ce moja rola jako trenera, \u017ceby to za\u0142amanie ust\u0105pi\u0142o. W nast\u0119pnym meczu musz\u0105 wyj\u015b\u0107 ze zdwojon\u0105 energi\u0105 i zagra\u0107 jak najlepiej.<\/em><\/p>\n<p>(Jak powa\u017cny jest uraz Cezarego Domaniuka?)<\/p>\n<p><em>Wygl\u0105da to fatalnie, bo Czarek ledwo chodzi. Nie wiem, czy b\u0119dzie gotowy na nast\u0119pny mecz. Jest tak zbity, \u017ce nie dziwi\u0119 si\u0119, \u017ce nie kontynuowa\u0142 gry. To na pewno bolesna kontuzja, a my\u015bl\u0119, \u017ce mo\u017ce by\u0107 tak\u017ce d\u0142ugotrwa\u0142a. Z krwiakiem ani nie mo\u017cna trenowa\u0107, ani gra\u0107. Nie musz\u0119 m\u00f3wi\u0107, jaki wp\u0142yw Czarek ma na nasz zesp\u00f3\u0142 w ofensywie. Tym niemniej, powinni\u015bmy sobie poradzi\u0107 bez niego.<\/em><\/p>\n<p><strong>Piotr Klepczarek, trener Warty Pozna\u0144<\/strong><\/p>\n<p><em><img loading=\"lazy\" decoding=\"async\" width=\"2560\" height=\"1707\" class=\"alignnone size-full wp-image-40679\" src=\"https:\/\/wartapoznan.pl\/wp-content\/uploads\/2024\/11\/F15A1090-Poprawione-Szum-1-scaled.jpg\" alt=\"\" srcset=\"https:\/\/wartapoznan.pl\/wp-content\/uploads\/2024\/11\/F15A1090-Poprawione-Szum-1-scaled.jpg 2560w, https:\/\/wartapoznan.pl\/wp-content\/uploads\/2024\/11\/F15A1090-Poprawione-Szum-1-1536x1024.jpg 1536w, https:\/\/wartapoznan.pl\/wp-content\/uploads\/2024\/11\/F15A1090-Poprawione-Szum-1-2048x1365.jpg 2048w, https:\/\/wartapoznan.pl\/wp-content\/uploads\/2024\/11\/F15A1090-Poprawione-Szum-1-300x200.jpg 300w, https:\/\/wartapoznan.pl\/wp-content\/uploads\/2024\/11\/F15A1090-Poprawione-Szum-1-128x85.jpg 128w, https:\/\/wartapoznan.pl\/wp-content\/uploads\/2024\/11\/F15A1090-Poprawione-Szum-1-32x21.jpg 32w\" sizes=\"(max-width: 2560px) 100vw, 2560px\" \/><\/em><\/p>\n<p><em>Przede wszystkim, tak jak zawsze, zaczn\u0119 od tego, \u017ce zrealizowali\u015bmy cel i zdobyli\u015bmy trzy punkty, bo takie by\u0142o za\u0142o\u017cenie przedmeczowe, po to si\u0119 przygotowywali\u015bmy. Bardzo trudne spotkanie wymagaj\u0105ce, kt\u00f3re mia\u0142o dwa oblicza. W pierwszej po\u0142owie my troszeczk\u0119 tacy ospali, \u017ale weszli\u015bmy w mecz, je\u017celi chodzi o dzia\u0142ania w atakowaniu.<\/em><em>Je\u017celi chodzi o dzia\u0142ania obronne, wszystko by\u0142o OK, ale fazy przej\u015bciowe stwarza\u0142y nam troch\u0119 problem\u00f3w i tutaj musieli\u015bmy lepiej reagowa\u0107. Ze stwarzaniem sytuacji te\u017c nie by\u0142o najlepiej. Wiemy z czego to wynika\u0142o, nie chc\u0119 podpowiada\u0107 komu\u015b na przysz\u0142o\u015b\u0107, ale od razu wiedzieli\u015bmy co nie funkcjonuje. Bramka po fazie przej\u015bciowej, kt\u00f3r\u0105 stracili\u015bmy, to jest te\u017c temat, kt\u00f3ry na pewno mocno musimy poprawi\u0107, bo zdecydowanie mo\u017cna by\u0142o tego unikn\u0105\u0107.<\/em><\/p>\n<p><em>W przerwie dwie zmiany w sk\u0142adzie spowodowane tym, \u017ceby po prostu ruszy\u0107 gr\u0119, to nie by\u0142y \u017cadne kontuzje. Zawodnicy rezerwowi dali bardzo wa\u017cny sygna\u0142 i poci\u0105gn\u0119li zesp\u00f3\u0142 do tego, \u017ceby stwarza\u0107 wi\u0119cej sytuacji, \u017ceby wierzy\u0107 w to, \u017ce mo\u017cemy odwr\u00f3ci\u0107 losy spotkania. I szybko tak si\u0119 sta\u0142o. \u00a0Dwie zdobyte bramki, zreszt\u0105 bardzo \u0142adne. Ko\u0144c\u00f3wka bardzo otwarta, gdzie te\u017c by\u0142o du\u017co faz przej\u015bciowych i moment\u00f3w, \u017ce mogli\u015bmy zamkn\u0105\u0107 mecz i strzeli\u0107 bramk\u0119 na 3-1.<\/em><\/p>\n<p><em>Bardzo cieszymy si\u0119 ze zwyci\u0119stwa. Cieszy to, \u017ce odwr\u00f3cili\u015bmy losy spotkania i cieszy to, \u017ce ci zawodnicy, kt\u00f3rzy byli od pocz\u0105tku na boisku i ci, kt\u00f3rzy weszli po zmianie, dali dzisiaj z siebie 100% \u00a0&#8211; dzi\u0119ki temu zwyci\u0119\u017cyli\u015bmy.<\/em><\/p>\n<p>(Dlaczego Kuba Kie\u0142b nie zagra\u0142 od pocz\u0105tku).<\/p>\n<p><em>Kuba w meczu z Odr\u0105 Opole zosta\u0142 zdj\u0119ty z boiska z powodu urazu i nie trenowa\u0142 w ca\u0142ym mikrocyklu, tym poprzedzaj\u0105cym mecz z Pogoni\u0105 Siedce, wi\u0119c to by\u0142o ze wzgl\u0119d\u00f3w na sytuacj\u0119 zdrowotn\u0105. On by\u0142 gotowy do gry, ale nie by\u0142 maksymalnie przygotowany do tego, \u017ceby m\u00f3c gra\u0107 od pocz\u0105tku<\/em><\/p>\n<p><em>(Kt\u00f3ra bramka si\u0119 trenerowi bardziej podoba\u0142a). <\/em><\/p>\n<p><em>Obydwie by\u0142y bardzo \u0142adne, bo Kuba strzeli\u0142 bramk\u0119 praw\u0105 nog\u0105 i to by\u0142 bardzo wa\u017cny moment meczu, sygna\u0142 \u017ce mo\u017cemy jeszcze odwr\u00f3ci\u0107 rosy spotkania, Bardzo \u0142adna te\u017c bramka Wojcinowicza. Tomek to jest zawodnik, kt\u00f3ry takie sytuacje ko\u0144czy w treningu wiele razy. Bardzo dobrze uderza no\u017cycami, bardzo dobrze uderza z voleja. Jego umiej\u0119tno\u015bci techniczne s\u0105 na wysokim poziomie, wi\u0119c w tym golu nie by\u0142o w tym \u017cadnego przypadku.<\/em><\/p>\n<p>&nbsp;<\/p>\n","protected":false},"excerpt":{"rendered":"<p>Adam Nico\u0144, trener Pogoni Siedlce Mecz zacz\u0105\u0142 si\u0119 dla nas fatalnie po tym, jak urazu dozna\u0142 nasz czo\u0142owy zawodnik ofensywny,&#8230;<\/p>\n","protected":false},"author":36,"featured_media":40675,"comment_status":"closed","ping_status":"closed","sticky":false,"template":"","format":"standard","meta":{"om_disable_all_campaigns":false,"inline_featured_image":false,"footnotes":"","_links_to":"","_links_to_target":""},"categories":[356,100],"tags":[],"aioseo_notices":[],"_links":{"self":[{"href":"https:\/\/wartapoznan.pl\/index.php\/wp-json\/wp\/v2\/posts\/40674"}],"collection":[{"href":"https:\/\/wartapoznan.pl\/index.php\/wp-json\/wp\/v2\/posts"}],"about":[{"href":"https:\/\/wartapoznan.pl\/index.php\/wp-json\/wp\/v2\/types\/post"}],"author":[{"embeddable":true,"href":"https:\/\/wartapoznan.pl\/index.php\/wp-json\/wp\/v2\/users\/36"}],"replies":[{"embeddable":true,"href":"https:\/\/wartapoznan.pl\/index.php\/wp-json\/wp\/v2\/comments?post=40674"}],"version-history":[{"count":1,"href":"https:\/\/wartapoznan.pl\/index.php\/wp-json\/wp\/v2\/posts\/40674\/revisions"}],"predecessor-version":[{"id":40681,"href":"https:\/\/wartapoznan.pl\/index.php\/wp-json\/wp\/v2\/posts\/40674\/revisions\/40681"}],"wp:featuredmedia":[{"embeddable":true,"href":"https:\/\/wartapoznan.pl\/index.php\/wp-json\/wp\/v2\/media\/40675"}],"wp:attachment":[{"href":"https:\/\/wartapoznan.pl\/index.php\/wp-json\/wp\/v2\/media?parent=40674"}],"wp:term":[{"taxonomy":"category","embeddable":true,"href":"https:\/\/wartapoznan.pl\/index.php\/wp-json\/wp\/v2\/categories?post=40674"},{"taxonomy":"post_tag","embeddable":true,"href":"https:\/\/wartapoznan.pl\/index.php\/wp-json\/wp\/v2\/tags?post=40674"}],"curies":[{"name":"wp","href":"https:\/\/api.w.org\/{rel}","templated":true}]}}