{"id":40791,"date":"2024-12-10T17:08:16","date_gmt":"2024-12-10T16:08:16","guid":{"rendered":"https:\/\/wartapoznan.pl\/?p=40791"},"modified":"2024-12-10T17:36:13","modified_gmt":"2024-12-10T16:36:13","slug":"final-projektu-bio-age-konferencja-z-udzialem-hannover-96-w-czwartek-na-awf","status":"publish","type":"post","link":"https:\/\/wartapoznan.pl\/index.php\/2024\/12\/10\/final-projektu-bio-age-konferencja-z-udzialem-hannover-96-w-czwartek-na-awf\/","title":{"rendered":"Fina\u0142 projektu BIO-AGE. Konferencja z udzia\u0142em Hannover 96 w czwartek na AWF."},"content":{"rendered":"<p><b>12 grudnia w Auli Akademii Wychowania Fizycznego w Poznaniu odb\u0119dzie si\u0119 fina\u0142owa konferencja projektu BIO-AGE, po\u015bwi\u0119conego prze\u0142amywaniu barier i promowaniu r\u00f3wnych szans w m\u0142odzie\u017cowej pi\u0142ce no\u017cnej. To projekt, nad kt\u00f3rym od roku pracowa\u0142a Warta Pozna\u0144 wraz z niemieckimi partnerami: Uniwersytetem Saary i klubem Hannover 96.<\/b><\/p>\n<p><span style=\"font-weight: 400;\">Projekt BIO-AGE dotyczy problematyki m\u0142odzie\u017cy p\u00f3\u017ano dojrzewaj\u0105cej w sporcie. Jego celem jest dostosowanie procesu treningowego do indywidualnych potrzeb zawodnik\u00f3w, uwzgl\u0119dniaj\u0105c ich biologiczny etap rozwoju. Dzi\u0119ki temu m\u0142odzi pi\u0142karze, zw\u0142aszcza ci rozwijaj\u0105cy si\u0119 wolniej ni\u017c r\u00f3wie\u015bnicy, mog\u0105 maksymalizowa\u0107 efekty treningowe i minimalizowa\u0107 ryzyko uraz\u00f3w.<\/span><\/p>\n<p><i><span style=\"font-weight: 400;\">Ch\u0142opcy w wieku nastoletnim nie rozwijaj\u0105 si\u0119 r\u00f3wno pod wzgl\u0119dem biologicznym, jednak w \u015bwiecie pi\u0142ki no\u017cnej nadal g\u0142\u00f3wn\u0105 wytyczn\u0105 jest metryka. Cz\u0119sto zdarza si\u0119, \u017ce m\u0142odzi zawodnicy, kt\u00f3rzy s\u0105 np. ni\u017csi czy s\u0142absi od swoich r\u00f3wie\u015bnik\u00f3w z danego rocznika, s\u0105 pomijani na treningach albo przesuwani do rezerw. To nie ma nic wsp\u00f3lnego z ich potencja\u0142em sportowym, a jedynie wynika z wolniejszego rozwoju fizycznego. Drugim problemem s\u0105 obci\u0105\u017cenia treningowe, kt\u00f3rym tacy zawodnicy s\u0105 poddawani. Obci\u0105\u017cenia te cz\u0119sto nie s\u0105 dostosowane do ich stopnia rozwoju, co grozi ryzykiem kontuzji. Oznacza to, \u017ce potencjalnie wielkie talenty s\u0105 marnowane ze wzgl\u0119du na brak uwzgl\u0119dnienia ich specyfiki biologicznej. Naszym celem by\u0142o dog\u0142\u0119bne zbadanie tego zagadnienia i opracowanie rozwi\u0105za\u0144 szkoleniowych, kt\u00f3re mog\u0142yby by\u0107 wdro\u017cone w Akademii <\/span><\/i><span style=\"font-weight: 400;\">\u2014 m\u00f3wi Miros\u0142aw W\u00f3dkowski, dyrektor Akademii Warty Pozna\u0144.<\/span><\/p>\n<p><span style=\"font-weight: 400;\"><img loading=\"lazy\" decoding=\"async\" width=\"1600\" height=\"1066\" class=\"alignnone size-full wp-image-40795\" src=\"https:\/\/wartapoznan.pl\/wp-content\/uploads\/2024\/12\/Zdjecie-WhatsApp-2024-12-10-o-16.17.23_e0d90149.jpg\" alt=\"\" srcset=\"https:\/\/wartapoznan.pl\/wp-content\/uploads\/2024\/12\/Zdjecie-WhatsApp-2024-12-10-o-16.17.23_e0d90149.jpg 1600w, https:\/\/wartapoznan.pl\/wp-content\/uploads\/2024\/12\/Zdjecie-WhatsApp-2024-12-10-o-16.17.23_e0d90149-1536x1023.jpg 1536w, https:\/\/wartapoznan.pl\/wp-content\/uploads\/2024\/12\/Zdjecie-WhatsApp-2024-12-10-o-16.17.23_e0d90149-300x200.jpg 300w, https:\/\/wartapoznan.pl\/wp-content\/uploads\/2024\/12\/Zdjecie-WhatsApp-2024-12-10-o-16.17.23_e0d90149-128x85.jpg 128w, https:\/\/wartapoznan.pl\/wp-content\/uploads\/2024\/12\/Zdjecie-WhatsApp-2024-12-10-o-16.17.23_e0d90149-32x21.jpg 32w\" sizes=\"(max-width: 1600px) 100vw, 1600px\" \/><\/span><\/p>\n<p><span style=\"font-weight: 400;\">Przez miniony rok projekt BIO-AGE by\u0142 realizowany przez Wart\u0119 Pozna\u0144 we wsp\u00f3\u0142pracy z Akademi\u0105 Wychowania Fizycznego w Poznaniu, dru\u017cyn\u0105 Hannover 96 oraz Uniwersytetem Saary. Celem tych dzia\u0142a\u0144 by\u0142o przetestowanie r\u00f3\u017cnych metod badawczych dotycz\u0105cych okre\u015blania wieku biologicznego zawodnik\u00f3w oraz stworzenie narz\u0119dzi dla trener\u00f3w, umo\u017cliwiaj\u0105cych wdro\u017cenie filozofii BIO-AGE do codziennego treningu m\u0142odych pi\u0142karzy.<\/span><\/p>\n<p><span style=\"font-weight: 400;\">Ukoronowaniem projektu b\u0119dzie konferencja naukowa 12 grudnia, kt\u00f3ra podsumuje ca\u0142y rok dzia\u0142a\u0144. Wezm\u0105 w niej udzia\u0142 trenerzy, fizjoterapeuci, osoby zwi\u0105zane profesjonalnie ze sportem oraz rodzice. W programie konferencji znajdzie si\u0119:<\/span><\/p>\n<ul>\n<li style=\"font-weight: 400;\" aria-level=\"1\"><span style=\"font-weight: 400;\">prezentacja metodologii BIO-AGE i jej zastosowania w pracy z p\u00f3\u017ano dojrzewaj\u0105cymi sportowcami,<\/span><\/li>\n<li style=\"font-weight: 400;\" aria-level=\"1\"><span style=\"font-weight: 400;\">dyskusja nad kluczowymi wnioskami z projektu oraz sposobami promowania zr\u00f3wnowa\u017conego, skoncentrowanego na zawodnikach rozwoju m\u0142odzie\u017cy,<\/span><\/li>\n<li style=\"font-weight: 400;\" aria-level=\"1\"><span style=\"font-weight: 400;\">wyst\u0105pienia przedstawicieli Warty Pozna\u0144 i Hannover 96, dziel\u0105cych si\u0119 swoimi do\u015bwiadczeniami,<\/span><\/li>\n<li style=\"font-weight: 400;\" aria-level=\"1\"><span style=\"font-weight: 400;\">analiza wp\u0142ywu uwzgl\u0119dnienia poziomu dojrza\u0142o\u015bci na zmniejszenie ryzyka kontuzji i zwi\u0119kszenie r\u00f3wno\u015bci w pi\u0142ce no\u017cnej m\u0142odzie\u017cowej.<\/span><\/li>\n<\/ul>\n<p><span style=\"font-weight: 400;\"><img loading=\"lazy\" decoding=\"async\" width=\"1055\" height=\"703\" class=\"alignnone size-full wp-image-40797\" src=\"https:\/\/wartapoznan.pl\/wp-content\/uploads\/2024\/12\/Zdjecie-WhatsApp-2024-12-10-o-16.21.21_b835d5e8w.jpg\" alt=\"\" srcset=\"https:\/\/wartapoznan.pl\/wp-content\/uploads\/2024\/12\/Zdjecie-WhatsApp-2024-12-10-o-16.21.21_b835d5e8w.jpg 1055w, https:\/\/wartapoznan.pl\/wp-content\/uploads\/2024\/12\/Zdjecie-WhatsApp-2024-12-10-o-16.21.21_b835d5e8w-300x200.jpg 300w, https:\/\/wartapoznan.pl\/wp-content\/uploads\/2024\/12\/Zdjecie-WhatsApp-2024-12-10-o-16.21.21_b835d5e8w-128x85.jpg 128w, https:\/\/wartapoznan.pl\/wp-content\/uploads\/2024\/12\/Zdjecie-WhatsApp-2024-12-10-o-16.21.21_b835d5e8w-32x21.jpg 32w\" sizes=\"(max-width: 1055px) 100vw, 1055px\" \/><\/span><\/p>\n<p><span style=\"font-weight: 400;\">Konferencja jest otwarta dla wszystkich zainteresowanych. Odb\u0119dzie si\u0119 w godzinach 10:00\u201314:00 w najbli\u017cszy czwartek na Akademii Wychowania Fizycznego w Poznaniu. Wst\u0119p jest darmowy.<\/span><img loading=\"lazy\" decoding=\"async\" width=\"905\" height=\"1280\" class=\"alignnone size-full wp-image-40801\" src=\"https:\/\/wartapoznan.pl\/wp-content\/uploads\/2024\/12\/Konferencja-Bio-Age-Plakat-I.jpg\" alt=\"\" srcset=\"https:\/\/wartapoznan.pl\/wp-content\/uploads\/2024\/12\/Konferencja-Bio-Age-Plakat-I.jpg 905w, https:\/\/wartapoznan.pl\/wp-content\/uploads\/2024\/12\/Konferencja-Bio-Age-Plakat-I-212x300.jpg 212w, https:\/\/wartapoznan.pl\/wp-content\/uploads\/2024\/12\/Konferencja-Bio-Age-Plakat-I-91x128.jpg 91w, https:\/\/wartapoznan.pl\/wp-content\/uploads\/2024\/12\/Konferencja-Bio-Age-Plakat-I-23x32.jpg 23w\" sizes=\"(max-width: 905px) 100vw, 905px\" \/><\/p>\n<p><img loading=\"lazy\" decoding=\"async\" width=\"905\" height=\"1280\" class=\"alignnone size-full wp-image-40803\" src=\"https:\/\/wartapoznan.pl\/wp-content\/uploads\/2024\/12\/Konferencja-Bioa-Age-Palakat-2.jpg\" alt=\"\" srcset=\"https:\/\/wartapoznan.pl\/wp-content\/uploads\/2024\/12\/Konferencja-Bioa-Age-Palakat-2.jpg 905w, https:\/\/wartapoznan.pl\/wp-content\/uploads\/2024\/12\/Konferencja-Bioa-Age-Palakat-2-212x300.jpg 212w, https:\/\/wartapoznan.pl\/wp-content\/uploads\/2024\/12\/Konferencja-Bioa-Age-Palakat-2-91x128.jpg 91w, https:\/\/wartapoznan.pl\/wp-content\/uploads\/2024\/12\/Konferencja-Bioa-Age-Palakat-2-23x32.jpg 23w\" sizes=\"(max-width: 905px) 100vw, 905px\" \/><\/p>\n","protected":false},"excerpt":{"rendered":"<p>12 grudnia w Auli Akademii Wychowania Fizycznego w Poznaniu odb\u0119dzie si\u0119 fina\u0142owa konferencja projektu BIO-AGE, po\u015bwi\u0119conego prze\u0142amywaniu barier i promowaniu&#8230;<\/p>\n","protected":false},"author":36,"featured_media":40792,"comment_status":"closed","ping_status":"closed","sticky":false,"template":"","format":"standard","meta":{"om_disable_all_campaigns":false,"inline_featured_image":false,"footnotes":"","_links_to":"","_links_to_target":""},"categories":[95,1],"tags":[],"aioseo_notices":[],"_links":{"self":[{"href":"https:\/\/wartapoznan.pl\/index.php\/wp-json\/wp\/v2\/posts\/40791"}],"collection":[{"href":"https:\/\/wartapoznan.pl\/index.php\/wp-json\/wp\/v2\/posts"}],"about":[{"href":"https:\/\/wartapoznan.pl\/index.php\/wp-json\/wp\/v2\/types\/post"}],"author":[{"embeddable":true,"href":"https:\/\/wartapoznan.pl\/index.php\/wp-json\/wp\/v2\/users\/36"}],"replies":[{"embeddable":true,"href":"https:\/\/wartapoznan.pl\/index.php\/wp-json\/wp\/v2\/comments?post=40791"}],"version-history":[{"count":6,"href":"https:\/\/wartapoznan.pl\/index.php\/wp-json\/wp\/v2\/posts\/40791\/revisions"}],"predecessor-version":[{"id":40807,"href":"https:\/\/wartapoznan.pl\/index.php\/wp-json\/wp\/v2\/posts\/40791\/revisions\/40807"}],"wp:featuredmedia":[{"embeddable":true,"href":"https:\/\/wartapoznan.pl\/index.php\/wp-json\/wp\/v2\/media\/40792"}],"wp:attachment":[{"href":"https:\/\/wartapoznan.pl\/index.php\/wp-json\/wp\/v2\/media?parent=40791"}],"wp:term":[{"taxonomy":"category","embeddable":true,"href":"https:\/\/wartapoznan.pl\/index.php\/wp-json\/wp\/v2\/categories?post=40791"},{"taxonomy":"post_tag","embeddable":true,"href":"https:\/\/wartapoznan.pl\/index.php\/wp-json\/wp\/v2\/tags?post=40791"}],"curies":[{"name":"wp","href":"https:\/\/api.w.org\/{rel}","templated":true}]}}