{"id":40808,"date":"2024-12-11T12:15:50","date_gmt":"2024-12-11T11:15:50","guid":{"rendered":"https:\/\/wartapoznan.pl\/?p=40808"},"modified":"2024-12-11T12:14:03","modified_gmt":"2024-12-11T11:14:03","slug":"zmiany-w-pierwszej-druzynie-warty-poznan","status":"publish","type":"post","link":"https:\/\/wartapoznan.pl\/index.php\/2024\/12\/11\/zmiany-w-pierwszej-druzynie-warty-poznan\/","title":{"rendered":"Zmiany w pierwszej dru\u017cynie Warty Pozna\u0144"},"content":{"rendered":"<p><b>Pion sportowy \u201cZielonych\u201d po podsumowaniu rundy jesiennej podj\u0105\u0142 pierwsze decyzje kadrowe. Na list\u0119 transferow\u0105 wystawieni zostali Damian G\u0105ska, Mateusz Ma\u0107kowiak, Jakub Bartkowski, Kacper J\u00f3\u017awicki oraz \u0141ukasz Norkowski. Zgod\u0119 na wypo\u017cyczenie otrzymali Filip Jakubowski i Borys O\u0142eniak. Klub planuje r\u00f3wnie\u017c skr\u00f3ci\u0107 wypo\u017cyczenie Rafa\u0142a Adamskiego z Zag\u0142\u0119bia Lubin.\u00a0<\/b><\/p>\n<p><i><span style=\"font-weight: 400;\">Uprzedzaj\u0105c komentarze, kt\u00f3re mog\u0105 si\u0119 w tej sprawie pojawi\u0107: nie nazwa\u0142bym tej sytuacji rewolucj\u0105 kadrow\u0105, a bardziej zdecydowan\u0105 korekt\u0105 sk\u0142adu. Wynika ona z naszego miejsca w tabeli ale r\u00f3wnie\u017c z okoliczno\u015bci w jakich na pocz\u0105tku sezonu budowali\u015bmy dru\u017cyn\u0119. Dopiero boisko zweryfikowa\u0142o trafno\u015b\u0107 poszczeg\u00f3lnych wybor\u00f3w. Cz\u0119\u015b\u0107 nowych zawodnik\u00f3w odnalaz\u0142a si\u0119 dru\u017cynie bardzo dobrze, natomiast cz\u0119\u015b\u0107 nie da\u0142a przez ten czas tyle, ile liczyli\u015bmy dlatego konieczne s\u0105 zmiany <\/span><\/i><span style=\"font-weight: 400;\">&#8211; m\u00f3wi Dawid Fr\u0105ckowiak, Dyrektor Sportowy Warty Pozna\u0144.<\/span><\/p>\n<p><span style=\"font-weight: 400;\">W ich miejsce klub planuje pozyska\u0107 zawodnik\u00f3w, kt\u00f3rzy podnios\u0105 warto\u015b\u0107 sportow\u0105 Warty, poprawi\u0105 gr\u0119 w ofensywie i tym samym pomog\u0105 dru\u017cynie w osi\u0105gni\u0119ciu celu na ten sezon czyli utrzymaniu si\u0119 w Betclic 1. Lidze.\u00a0<\/span><span style=\"font-weight: 400;\">Pierwsze nazwiska b\u0119d\u0105 znane by\u0107 mo\u017ce jeszcze w tym roku.<\/span><\/p>\n<p><i><span style=\"font-weight: 400;\">Chcieliby\u015bmy szybko zamkn\u0105\u0107 proces przebudowy kadry na rund\u0119 wiosenn\u0105, tak aby trener Klepczarek mia\u0142 jak najwi\u0119cej czasu na wdro\u017cenie nowych zawodnik\u00f3w, przygotowanie ich pod wzgl\u0119dem fizycznym i zgranie przebudowanego zespo\u0142u. Bierzemy pod uwag\u0119 powr\u00f3t z wypo\u017cyczenia do Unii Swarz\u0119dz Filipa Tondera, kt\u00f3ry rozpocznie przygotowania z Wart\u0105, a o jego przysz\u0142o\u015bci wiosn\u0105 zdecyduje w styczniu trener Klepczarek <\/span><\/i><span style=\"font-weight: 400;\">&#8211; uzupe\u0142nia Dawid Fr\u0105ckowiak.\u00a0 <\/span><\/p>\n","protected":false},"excerpt":{"rendered":"<p>Pion sportowy \u201cZielonych\u201d po podsumowaniu rundy jesiennej podj\u0105\u0142 pierwsze decyzje kadrowe. Na list\u0119 transferow\u0105 wystawieni zostali Damian G\u0105ska, Mateusz Ma\u0107kowiak,&#8230;<\/p>\n","protected":false},"author":36,"featured_media":40810,"comment_status":"closed","ping_status":"closed","sticky":false,"template":"","format":"standard","meta":{"om_disable_all_campaigns":false,"inline_featured_image":false,"footnotes":"","_links_to":"","_links_to_target":""},"categories":[94,100],"tags":[],"aioseo_notices":[],"_links":{"self":[{"href":"https:\/\/wartapoznan.pl\/index.php\/wp-json\/wp\/v2\/posts\/40808"}],"collection":[{"href":"https:\/\/wartapoznan.pl\/index.php\/wp-json\/wp\/v2\/posts"}],"about":[{"href":"https:\/\/wartapoznan.pl\/index.php\/wp-json\/wp\/v2\/types\/post"}],"author":[{"embeddable":true,"href":"https:\/\/wartapoznan.pl\/index.php\/wp-json\/wp\/v2\/users\/36"}],"replies":[{"embeddable":true,"href":"https:\/\/wartapoznan.pl\/index.php\/wp-json\/wp\/v2\/comments?post=40808"}],"version-history":[{"count":4,"href":"https:\/\/wartapoznan.pl\/index.php\/wp-json\/wp\/v2\/posts\/40808\/revisions"}],"predecessor-version":[{"id":40815,"href":"https:\/\/wartapoznan.pl\/index.php\/wp-json\/wp\/v2\/posts\/40808\/revisions\/40815"}],"wp:featuredmedia":[{"embeddable":true,"href":"https:\/\/wartapoznan.pl\/index.php\/wp-json\/wp\/v2\/media\/40810"}],"wp:attachment":[{"href":"https:\/\/wartapoznan.pl\/index.php\/wp-json\/wp\/v2\/media?parent=40808"}],"wp:term":[{"taxonomy":"category","embeddable":true,"href":"https:\/\/wartapoznan.pl\/index.php\/wp-json\/wp\/v2\/categories?post=40808"},{"taxonomy":"post_tag","embeddable":true,"href":"https:\/\/wartapoznan.pl\/index.php\/wp-json\/wp\/v2\/tags?post=40808"}],"curies":[{"name":"wp","href":"https:\/\/api.w.org\/{rel}","templated":true}]}}