{"id":40820,"date":"2024-12-13T17:24:40","date_gmt":"2024-12-13T16:24:40","guid":{"rendered":"https:\/\/wartapoznan.pl\/?p=40820"},"modified":"2024-12-13T17:37:27","modified_gmt":"2024-12-13T16:37:27","slug":"telewizyjna-debata-o-przyszlosci-warty-poznan-przyjdz-i-wesprzyj-warte","status":"publish","type":"post","link":"https:\/\/wartapoznan.pl\/index.php\/2024\/12\/13\/telewizyjna-debata-o-przyszlosci-warty-poznan-przyjdz-i-wesprzyj-warte\/","title":{"rendered":"Telewizyjna Debata o Przysz\u0142o\u015bci Warty Pozna\u0144. Przyjd\u017a i wesprzyj Wart\u0119!"},"content":{"rendered":"<p><b>We wtorek, 17 grudnia, o godzinie 18:50 na antenie TVP 3 Pozna\u0144 rozpocznie si\u0119 Debata o Przysz\u0142o\u015bci Warty Pozna\u0144. Zaproszeni do studia go\u015bcie b\u0119d\u0105 dyskutowa\u0107 o powrocie Warty Pozna\u0144 do miasta oraz o jej dalszych losach. Program odb\u0119dzie si\u0119 z udzia\u0142em publiczno\u015bci. Przyjd\u017a do studia TVP 3 Pozna\u0144 przy ul.Serafitek 8 i wesprzyj Wart\u0119!<\/b><\/p>\n<p><span style=\"font-weight: 400;\">Do udzia\u0142u w programie zostali zaproszeni przedstawiciele Warty Pozna\u0144, Urz\u0119du Miasta Poznania, samorz\u0105du i kibic\u00f3w. Klub w czasie debaty b\u0119dzie reprezentowa\u0142 <\/span><b>Prezes Zarz\u0105du Artur Meissner<\/b><span style=\"font-weight: 400;\">. Debat\u0119 poprowadzi dziennikarz redakcji sportowej TVP 3, <\/span><b>Tomasz W\u00f3jcik<\/b><span style=\"font-weight: 400;\">.<\/span><\/p>\n<p><span style=\"font-weight: 400;\">Poruszane b\u0119d\u0105 takie tematy, jak powr\u00f3t Warty do Poznania, spos\u00f3b finansowania przebudowy obiekt\u00f3w przy ul. Droga D\u0119bi\u0144ska 12, znaczenie tej inwestycji dla przysz\u0142o\u015bci Warty, przewidywane terminy realizacji projektu oraz udzia\u0142 Miasta w tym przedsi\u0119wzi\u0119ciu. Program b\u0119dzie dobr\u0105 okazj\u0105 do poznania stanowiska przedstawicieli w\u0142adz miasta Poznania w sprawie powrotu Warty na DD12 oraz do wyra\u017cenia opinii kibic\u00f3w w tej kwestii.\u00a0<\/span><\/p>\n<p><span style=\"font-weight: 400;\">Program odb\u0119dzie si\u0119 na \u017cywo z udzia\u0142em publiczno\u015bci. <\/span><b>Ka\u017cdy, kto chcia\u0142by wzi\u0105\u0107 udzia\u0142 w programie jako widz, powinien pojawi\u0107 si\u0119 w siedzibie TVP 3, przy ul. Serafitek 8 w Poznaniu, oko\u0142o 20 minut przed rozpocz\u0119ciem programu.<\/b><span style=\"font-weight: 400;\"> W czasie debaty prowadz\u0105cy b\u0119dzie przyjmowa\u0142 pytania od publiczno\u015bci. Dla telewidz\u00f3w zostanie tak\u017ce uruchomiony specjalny numer telefoniczny, pod kt\u00f3ry b\u0119dzie mo\u017cna dzwoni\u0107, by zadawa\u0107 pytania na antenie w trakcie programu.<\/span><\/p>\n<p><span style=\"font-weight: 400;\">Debata jest odpowiedzi\u0105 na pismo skierowane do medi\u00f3w przez kibic\u00f3w Warty Pozna\u0144, kt\u00f3rzy wezwali do pilnej dyskusji na temat powrotu Zielonych do Poznania i dalszych los\u00f3w klubu. <\/span><\/p>\n","protected":false},"excerpt":{"rendered":"<p>We wtorek, 17 grudnia, o godzinie 18:50 na antenie TVP 3 Pozna\u0144 rozpocznie si\u0119 Debata o Przysz\u0142o\u015bci Warty Pozna\u0144. Zaproszeni&#8230;<\/p>\n","protected":false},"author":36,"featured_media":40821,"comment_status":"closed","ping_status":"closed","sticky":false,"template":"","format":"standard","meta":{"om_disable_all_campaigns":false,"inline_featured_image":false,"footnotes":"","_links_to":"","_links_to_target":""},"categories":[94,1],"tags":[],"aioseo_notices":[],"_links":{"self":[{"href":"https:\/\/wartapoznan.pl\/index.php\/wp-json\/wp\/v2\/posts\/40820"}],"collection":[{"href":"https:\/\/wartapoznan.pl\/index.php\/wp-json\/wp\/v2\/posts"}],"about":[{"href":"https:\/\/wartapoznan.pl\/index.php\/wp-json\/wp\/v2\/types\/post"}],"author":[{"embeddable":true,"href":"https:\/\/wartapoznan.pl\/index.php\/wp-json\/wp\/v2\/users\/36"}],"replies":[{"embeddable":true,"href":"https:\/\/wartapoznan.pl\/index.php\/wp-json\/wp\/v2\/comments?post=40820"}],"version-history":[{"count":4,"href":"https:\/\/wartapoznan.pl\/index.php\/wp-json\/wp\/v2\/posts\/40820\/revisions"}],"predecessor-version":[{"id":40826,"href":"https:\/\/wartapoznan.pl\/index.php\/wp-json\/wp\/v2\/posts\/40820\/revisions\/40826"}],"wp:featuredmedia":[{"embeddable":true,"href":"https:\/\/wartapoznan.pl\/index.php\/wp-json\/wp\/v2\/media\/40821"}],"wp:attachment":[{"href":"https:\/\/wartapoznan.pl\/index.php\/wp-json\/wp\/v2\/media?parent=40820"}],"wp:term":[{"taxonomy":"category","embeddable":true,"href":"https:\/\/wartapoznan.pl\/index.php\/wp-json\/wp\/v2\/categories?post=40820"},{"taxonomy":"post_tag","embeddable":true,"href":"https:\/\/wartapoznan.pl\/index.php\/wp-json\/wp\/v2\/tags?post=40820"}],"curies":[{"name":"wp","href":"https:\/\/api.w.org\/{rel}","templated":true}]}}