{"id":40835,"date":"2024-12-18T14:54:54","date_gmt":"2024-12-18T13:54:54","guid":{"rendered":"https:\/\/wartapoznan.pl\/?p=40835"},"modified":"2024-12-18T17:03:54","modified_gmt":"2024-12-18T16:03:54","slug":"debata-o-przyszlosci-warty-poznan-co-uslyszelismy","status":"publish","type":"post","link":"https:\/\/wartapoznan.pl\/index.php\/2024\/12\/18\/debata-o-przyszlosci-warty-poznan-co-uslyszelismy\/","title":{"rendered":"Debata o przysz\u0142o\u015bci Warty Pozna\u0144. Co us\u0142yszeli\u015bmy?"},"content":{"rendered":"<p><strong>Deklaracja do\u0142o\u017cenia wszelkiej pomocy przy dzia\u0142aniach na rzecz powrotu Warty do Poznania oraz zobowi\u0105zanie do regularnego informowania kibic\u00f3w o post\u0119pach w tej sprawie ze strony POSiR. Zapewnienie, \u017ce Warta mo\u017ce by\u0107 spokojna o wynik czwartkowej sesji bud\u017cetowej, a tak\u017ce obietnica aktywnego w\u0142\u0105czenia si\u0119 radnych w pomoc kwestiach formalnych\u00a0 \u2013 to g\u0142\u00f3wne wnioski z Debaty o Przysz\u0142o\u015bci Warty Pozna\u0144, kt\u00f3ra odby\u0142a si\u0119 wczoraj w TVP3 Pozna\u0144. <\/strong><\/p>\n<p>We wtorkowy wiecz\u00f3r na kanapie w odnowionym studio TVP3 przy ul. Serafitek, obok prowadz\u0105cego Tomasza W\u00f3jcika, usiedli Dyrektor POSiR \u0141ukasz Miadzio\u0142ko oraz Prezes Zarz\u0105du Warta SA Artur Meissner. Na debat\u0119 zaproszony zosta\u0142 r\u00f3wnie\u017c Maciej Piekarczyk, odpowiadaj\u0105cy w Urz\u0119dzie Miasta za sport, jednak ostatecznie musia\u0142 odwo\u0142a\u0107 sw\u00f3j udzia\u0142 ze wzgl\u0119d\u00f3w zdrowotnych. Go\u015b\u0107mi specjalnymi byli przedstawiciele lokalnego samorz\u0105du i ugrupowa\u0144 politycznych: radny Tomasz Stachowiak z Koalicji Obywatelskiej, radny Przemys\u0142aw Plewi\u0144ski z Klubu Radnych Lewica Polska 2050 oraz Lidia Dudziak, wieloletnia radna z Prawa i Sprawiedliwo\u015bci. G\u0142os kibic\u00f3w reprezentowa\u0142 Mateusz Wo\u017aniak, prezes Stowarzyszenia Kibic\u00f3w Warty Pozna\u0144 \u201eNa Warcie\u201d. Na widowni zasiedli najwierniejsi fani Zielonych, a debat\u0119 mo\u017cna by\u0142o ogl\u0105da\u0107 na \u017cywo w TVP3 i w internecie.<\/p>\n<p><img loading=\"lazy\" decoding=\"async\" width=\"2560\" height=\"1707\" class=\"alignnone size-full wp-image-40841\" src=\"https:\/\/wartapoznan.pl\/wp-content\/uploads\/2024\/12\/debata2-33a-scaled.jpg\" alt=\"\" srcset=\"https:\/\/wartapoznan.pl\/wp-content\/uploads\/2024\/12\/debata2-33a-scaled.jpg 2560w, https:\/\/wartapoznan.pl\/wp-content\/uploads\/2024\/12\/debata2-33a-1536x1024.jpg 1536w, https:\/\/wartapoznan.pl\/wp-content\/uploads\/2024\/12\/debata2-33a-2048x1366.jpg 2048w, https:\/\/wartapoznan.pl\/wp-content\/uploads\/2024\/12\/debata2-33a-300x200.jpg 300w, https:\/\/wartapoznan.pl\/wp-content\/uploads\/2024\/12\/debata2-33a-128x85.jpg 128w, https:\/\/wartapoznan.pl\/wp-content\/uploads\/2024\/12\/debata2-33a-32x21.jpg 32w\" sizes=\"(max-width: 2560px) 100vw, 2560px\" \/><\/p>\n<p>Na pocz\u0105tku debaty Artur Meissner opisa\u0142 obecny stan sprawy:<em>\u00a0 Czekamy na wynik naszych zabieg\u00f3w o \u015brodki finansowe zar\u00f3wno lokalne jaki na poziomie centralnym. Aby przyspieszy\u0107 prace, projektowanie terenu wzi\u0119li\u015bmy na siebie. W tym momencie mamy przygotowany plan zagospodarowania terenu z najwa\u017cniejszym elementem: budynkiem, kt\u00f3ry b\u0119dzie pe\u0142ni\u0142 funkcj\u0119 zaplecza socjalnego i organizacyjnego. Jak najszybciej chcemy uzyska\u0107 pozwolenie na jego budow\u0119. Mamy nadziej\u0119, \u017ce\u00a0 w nowym roku b\u0119dziemy ju\u017c rusza\u0107 z pracami,\u00a0 kt\u00f3re kibice b\u0119d\u0105 mogli zobaczy\u0107. Chcieliby\u015bmy \u017ceby pierwszy mecz domowy nowego sezonu odby\u0142 si\u0119 ju\u017c w Poznaniu.<\/em><\/p>\n<p>Prezes Miadzio\u0142ko potwierdzi\u0142, \u017ce zdaje sobie spraw\u0119 z pilno\u015bci sytuacji:<br \/>\n\u2013 <em>Nikt nie dyskutuje z tym, \u017ce Warta Pozna\u0144 powinna mie\u0107 sw\u00f3j dom w Poznaniu i tutaj rozgrywa\u0107 swoje mecze. Wiemy, \u017ce czasu jest ma\u0142o i \u017ce klub musi w przysz\u0142ym roku sprosta\u0107 tym wyzwaniom. Jeste\u015bmy w sta\u0142ym kontakcie z Wart\u0105. Ca\u0142y czas spotykamy si\u0119 i rozmawiamy o szczeg\u00f3\u0142ach. Poznali\u015bmy wst\u0119pny kosztorys projektu. Wiemy, jakie wyzwania zwi\u0105zane z planami zagospodarowania tego terenu ma klub.\u00a0<\/em><\/p>\n<p>Na temat bie\u017c\u0105cej sytuacji Warty g\u0142os zabierali pozna\u0144scy radni:<\/p>\n<p><em>\u00a0&#8211; Warta jest dobrem spo\u0142ecznym Poznania, kt\u00f3re musi by\u0107 chronione i musimy zrobi\u0107 wszystko, aby Warta by\u0142a i gra\u0142a w Poznaniu. Nie mam problemu z tym, \u017ceby to podkre\u015bla\u0107, nawet jako kibic Kolejorza, kt\u00f3rym jestem <\/em>\u2013 m\u00f3wi\u0142 Przemys\u0142aw Plewi\u0144ski z Klubu Lewica Polska 2050. \u2013 <em>S\u0105 dwie sk\u0142adowe tego problemu: wcze\u015bniejsi w\u0142a\u015bciciele Warty, kt\u00f3rzy powinni podj\u0105\u0107 pewne kroki, ale ich nie podj\u0119li. P\u00f3\u017aniej: obietnice, kt\u00f3re Warta dosta\u0142a od miasta, ale kt\u00f3re si\u0119 nie spe\u0142ni\u0142y. Teraz, gdy zacz\u0119li\u015bmy rozmawia\u0107 o bardziej realnym projekcie, uda\u0142o si\u0119 przekona\u0107 radnych do pomocy Warcie. (&#8230;) Jestem pewien, \u017ce gdy prace w ko\u0144cu rusz\u0105, Komisja Licencyjna nie b\u0119dzie robi\u0107 Warcie trudno\u015bci.<\/em><\/p>\n<p><em><img loading=\"lazy\" decoding=\"async\" width=\"2560\" height=\"1708\" class=\"alignnone size-full wp-image-40855\" src=\"https:\/\/wartapoznan.pl\/wp-content\/uploads\/2024\/12\/debata2-7aaa-scaled.jpg\" alt=\"\" srcset=\"https:\/\/wartapoznan.pl\/wp-content\/uploads\/2024\/12\/debata2-7aaa-scaled.jpg 2560w, https:\/\/wartapoznan.pl\/wp-content\/uploads\/2024\/12\/debata2-7aaa-1536x1025.jpg 1536w, https:\/\/wartapoznan.pl\/wp-content\/uploads\/2024\/12\/debata2-7aaa-2048x1366.jpg 2048w, https:\/\/wartapoznan.pl\/wp-content\/uploads\/2024\/12\/debata2-7aaa-300x200.jpg 300w, https:\/\/wartapoznan.pl\/wp-content\/uploads\/2024\/12\/debata2-7aaa-128x85.jpg 128w, https:\/\/wartapoznan.pl\/wp-content\/uploads\/2024\/12\/debata2-7aaa-32x21.jpg 32w\" sizes=\"(max-width: 2560px) 100vw, 2560px\" \/><\/em><\/p>\n<p><em>&#8211; Poprzedni projekt stadionu by\u0142 nierealny do realizacji. W chwili obecnej plan na stadion jest przygotowany pod sytuacj\u0119, na kt\u00f3r\u0105 miasto sta\u0107. Mamy zapewnienie naszych pozna\u0144skich pos\u0142\u00f3w, \u017ce na poziomie centralnym znajd\u0105 si\u0119 pieni\u0105dze na wsparcie Warty. A informacja z ostatniej chwili jest taka, \u017ce zapowiadane 7,5 mln na Wart\u0119 znalaz\u0142o si\u0119 w ostatecznym projekcie bud\u017cetu miejskiego na 2025 rok i kwota ta zostanie poddana pod g\u0142osowanie w czwartek, 19 grudnia, po to, \u017ceby Wart\u0119 m\u00f3c przywr\u00f3ci\u0107 do Poznania. Teraz musimy Wart\u0119 przygotowa\u0107 te\u017c \u201egruntowo\u201d, bo trzeba zmieni\u0107 zapisy w miejscowym planie zagospodarowania \u2013 ale tu te\u017c dzia\u0142amy. Jeste\u015bmy przygotowani, \u017ceby w styczniu mocno to przyspieszy\u0107 &#8211;<\/em> m\u00f3wi\u0142 rady Tomasz Stachowiak z Koalicji Obywatelskiej.<\/p>\n<p>Do tych zapewnie\u0144 odni\u00f3s\u0142 si\u0119 Prezes Meissner. Podkre\u015bla\u0142, \u017ce przyznanie pieni\u0119dzy to nie koniec. Warta b\u0119dzie potrzebowa\u0142a tak\u017ce mocnego zaanga\u017cowania strony miejskiej w dalszy proces, a szczeg\u00f3lnie\u00a0 pomoc w rozwik\u0142aniu wszelkich formalno &#8211; prawnych trudno\u015bci, kt\u00f3re b\u0119d\u0105 wi\u0105za\u0107 si\u0119 z remontem obiekt\u00f3w przy drodze d\u0119bi\u0144skiej.<\/p>\n<p><em><img loading=\"lazy\" decoding=\"async\" width=\"2560\" height=\"1707\" class=\"alignnone size-full wp-image-40843\" src=\"https:\/\/wartapoznan.pl\/wp-content\/uploads\/2024\/12\/debata2-22a-scaled.jpg\" alt=\"\" srcset=\"https:\/\/wartapoznan.pl\/wp-content\/uploads\/2024\/12\/debata2-22a-scaled.jpg 2560w, https:\/\/wartapoznan.pl\/wp-content\/uploads\/2024\/12\/debata2-22a-1536x1024.jpg 1536w, https:\/\/wartapoznan.pl\/wp-content\/uploads\/2024\/12\/debata2-22a-2048x1366.jpg 2048w, https:\/\/wartapoznan.pl\/wp-content\/uploads\/2024\/12\/debata2-22a-300x200.jpg 300w, https:\/\/wartapoznan.pl\/wp-content\/uploads\/2024\/12\/debata2-22a-128x85.jpg 128w, https:\/\/wartapoznan.pl\/wp-content\/uploads\/2024\/12\/debata2-22a-32x21.jpg 32w\" sizes=\"(max-width: 2560px) 100vw, 2560px\" \/><\/em><\/p>\n<p><em>&#8211; Teraz, gdy s\u0142yszymy, \u017ce pieni\u0105dze b\u0119d\u0105, z mojego punktu widzenia najwa\u017cniejsze jest przychylne spojrzenie i poczucie pilno\u015bci z tej sprawy.\u00a0 Je\u015bli ta inwestycja ma by\u0107 zrealizowana w tym kr\u00f3tkim czasie, jaki mamy, to wiele kom\u00f3rek miejskich musi dzia\u0142a\u0107 sprawnie<\/em> \u2013 <em>tak sprawnie, jak tylko jest to mo\u017cliwe &#8211;<\/em> podkre\u015bla\u0142 Prezes Meissner<\/p>\n<p>Co do tej kwestii, r\u00f3wnie\u017c pad\u0142y istotne zapewnienia zar\u00f3wno ze strony Urz\u0119du Miasta\u00a0 reprezentowanego przez Dyrektora POSiR jak i ze strony pozna\u0144skich radnych:<\/p>\n<p><em>Formalne prace projektowe i pozwolenia na budow\u0119 to ju\u017c nie kompetencje POSiR\u00a0 tylko innych kom\u00f3rek miejskich. Jest to pewien proces, faktycznie troch\u0119 biurokratyczny: mamy przepisy i terminy kt\u00f3rych musimy przestrzega\u0107. Ale zawsze mo\u017cemy klubowi pom\u00f3c \u017ceby pewne drzwi szybciej otworzy\u0107 czy uzyska\u0107 potrzebne zgody &#8211; <\/em>m\u00f3wi\u0142 Dyrektor POSiR<\/p>\n<p>Pokerowe \u201csprawdzam\u201d zapowiedzia\u0142 przedstawiciel kibic\u00f3w Mateusz Wo\u017aniak:<\/p>\n<p><em><img loading=\"lazy\" decoding=\"async\" width=\"2560\" height=\"1708\" class=\"alignnone size-full wp-image-40847\" src=\"https:\/\/wartapoznan.pl\/wp-content\/uploads\/2024\/12\/debata2-20a-scaled.jpg\" alt=\"\" srcset=\"https:\/\/wartapoznan.pl\/wp-content\/uploads\/2024\/12\/debata2-20a-scaled.jpg 2560w, https:\/\/wartapoznan.pl\/wp-content\/uploads\/2024\/12\/debata2-20a-1536x1025.jpg 1536w, https:\/\/wartapoznan.pl\/wp-content\/uploads\/2024\/12\/debata2-20a-2048x1366.jpg 2048w, https:\/\/wartapoznan.pl\/wp-content\/uploads\/2024\/12\/debata2-20a-300x200.jpg 300w, https:\/\/wartapoznan.pl\/wp-content\/uploads\/2024\/12\/debata2-20a-128x85.jpg 128w, https:\/\/wartapoznan.pl\/wp-content\/uploads\/2024\/12\/debata2-20a-32x21.jpg 32w\" sizes=\"(max-width: 2560px) 100vw, 2560px\" \/><\/em><\/p>\n<p><em>Skoro tyle s\u0142yszymy o dobrej woli, chcia\u0142bym zobowi\u0105za\u0107 Dyrektora Miadzio\u0142ko: jako przedstawiciel kibic\u00f3w proponuj\u0119 comiesi\u0119czne spotkania \u201esprawdzaj\u0105ce\u201d z udzia\u0142em POSiR i kibic\u00f3w, \u017ceby\u015bmy wiedzieli, na jakim etapie jeste\u015bmy, jaki jest problem i jakie ruchy musz\u0105 zosta\u0107 wykonane przez POSiR, miasto i klub dalej. My\u015bl\u0119, \u017ce to bardzo wyja\u015bni sytuacj\u0119 i pomo\u017ce szuka\u0107 rozwi\u0105za\u0144 &#8211;<\/em> zaproponowa\u0142 Prezes Stowarzyszenia \u201cNa Warcie\u201d<\/p>\n<p>Dyrektor POSIR przysta\u0142 na tak\u0105 propozycj\u0119.<\/p>\n<p>Specjalne dzia\u0142ania zapowiedzia\u0142 radny Tomasz Stachowiak:\u00a0 <em>Nie zapominamy, \u017ce m\u00f3wimy o obiekcie miejskim. Ma s\u0142u\u017cy\u0107 nie tylko pierwszej dru\u017cynie, ale te\u017c innym sekcjom. Deklaruj\u0119 kontrol\u0119 tej sprawy ze strony Rady Miasta. Jako przedstawiciel Komisji Kultury Fizycznej mog\u0119 zaprosi\u0107 kibic\u00f3w, Wart\u0119 i POSiR na posiedzenie Komisji w marcu \u2013 dowiemy si\u0119, jakie post\u0119py w kwestii stadionu zosta\u0142y wykonane.<\/em><\/p>\n<p>Do programu dzwonili r\u00f3wnie\u017c kibice. Cz\u0119\u015b\u0107 z nich wyrazi\u0142a niezadowolenie z powodu zbyt w\u0105skiej reprezentacji strony miasta na spotkaniu. Zadawano tak\u017ce pytania o Stadion im. Szyca, celowo\u015b\u0107 rozbi\u00f3rki starego budynku Warty oraz obecn\u0105 kondycj\u0119 finansow\u0105 klubu.<\/p>\n<p><img loading=\"lazy\" decoding=\"async\" width=\"2560\" height=\"1708\" class=\"alignnone size-full wp-image-40853\" src=\"https:\/\/wartapoznan.pl\/wp-content\/uploads\/2024\/12\/debata2-2a-scaled.jpg\" alt=\"\" srcset=\"https:\/\/wartapoznan.pl\/wp-content\/uploads\/2024\/12\/debata2-2a-scaled.jpg 2560w, https:\/\/wartapoznan.pl\/wp-content\/uploads\/2024\/12\/debata2-2a-1536x1025.jpg 1536w, https:\/\/wartapoznan.pl\/wp-content\/uploads\/2024\/12\/debata2-2a-2048x1366.jpg 2048w, https:\/\/wartapoznan.pl\/wp-content\/uploads\/2024\/12\/debata2-2a-300x200.jpg 300w, https:\/\/wartapoznan.pl\/wp-content\/uploads\/2024\/12\/debata2-2a-128x85.jpg 128w, https:\/\/wartapoznan.pl\/wp-content\/uploads\/2024\/12\/debata2-2a-32x21.jpg 32w\" sizes=\"(max-width: 2560px) 100vw, 2560px\" \/><\/p>\n<p>Artur Meissner: <em>Dawny budynek po prostu nie nadawa\u0142 si\u0119 ju\u017c do u\u017cytku. Gdy pada\u0142o, dach przecieka\u0142, a w ka\u017cdym pomieszczeniu by\u0142 grzyb. Nadz\u00f3r budowlany ostrzega\u0142 nas i sugerowa\u0142, \u017ceby si\u0119 stamt\u0105d wyprowadzi\u0107, bo przebywanie w nim nie jest bezpieczne. Co do sytuacji finansowej \u2013 nikt nie ukrywa, \u017ce jest trudna. Spadek z Ekstraklasy dla Warty by\u0142 trudnym momentem i spowodowa\u0142 pojawienie si\u0119 i konieczno\u015b\u0107 sp\u0142aty zaleg\u0142o\u015bci. Mimo tych trudno\u015bci stawiamy czo\u0142a tym\u00a0 problemom i mamy nadziej\u0119, \u017ce na pocz\u0105tku kolejnego sezonu sytuacja Warty b\u0119dzie znacznie lepsza.<\/em><\/p>\n<p>Najwa\u017cniejsze ustalenia debaty:<\/p>\n<ul>\n<li>Warta jest spo\u0142ecznym dobrem i wa\u017cn\u0105 cz\u0119\u015bci\u0105 historii Poznania i co do konieczno\u015bci jej powrotu do miasta nie ma \u017cadnych w\u0105tpliwo\u015bci<\/li>\n<li>Dyrektor \u0141ukasz Miadzio\u0142ko zadeklarowa\u0142, \u017ce rozumie pilno\u015b\u0107 sytuacji oraz pomo\u017ce w miar\u0119 swoich mo\u017cliwo\u015bci Warcie przyspiesza\u0107 procedury zwi\u0105zane z realizacj\u0105 inwestycji. Przysta\u0142 r\u00f3wnie\u017c na propozycj\u0119 kibic\u00f3w o regularnych spotkaniach w sprawie post\u0119pu prac.<\/li>\n<li>Ze strony przedstawicieli Rady Miasta pad\u0142a deklaracja dotycz\u0105ca pieni\u0119dzy. Ich przyznanie Warcie ma zosta\u0107 ostatecznie przeg\u0142osowane na sesji Rady Miasta 19 grudnia.<\/li>\n<li>Radny Tomasz Stachowiak zadeklarowa\u0142 r\u00f3wnie\u017c, \u017ce Rada zaanga\u017cuje si\u0119\u00a0 w pomoc w dostosowaniu planu zagospodarowania przestrzennego do potrzeb Warty, a tak\u017ce obieca\u0142 \u015bcis\u0142y nadz\u00f3r Rady nad spraw\u0105 remontu DD12.<\/li>\n<li>Rada\u00a0od stycznia aktywnie zabierze si\u0119\u00a0 za temat dostosowywania lokalnych uwarunkowa\u0144 do potrzeb inwestycji<\/li>\n<li>Kibice zostali zaproszeni na marcowe posiedzenie Komisji Sportu, kt\u00f3ra b\u0119dzie kontrolowa\u0107 post\u0119py prac po wszystkich stronach tej sprawy.<\/li>\n<\/ul>\n<p><em><img loading=\"lazy\" decoding=\"async\" width=\"2560\" height=\"1708\" class=\"alignnone size-full wp-image-40849\" src=\"https:\/\/wartapoznan.pl\/wp-content\/uploads\/2024\/12\/debata2-31a-scaled.jpg\" alt=\"\" srcset=\"https:\/\/wartapoznan.pl\/wp-content\/uploads\/2024\/12\/debata2-31a-scaled.jpg 2560w, https:\/\/wartapoznan.pl\/wp-content\/uploads\/2024\/12\/debata2-31a-1536x1025.jpg 1536w, https:\/\/wartapoznan.pl\/wp-content\/uploads\/2024\/12\/debata2-31a-2048x1366.jpg 2048w, https:\/\/wartapoznan.pl\/wp-content\/uploads\/2024\/12\/debata2-31a-300x200.jpg 300w, https:\/\/wartapoznan.pl\/wp-content\/uploads\/2024\/12\/debata2-31a-128x85.jpg 128w, https:\/\/wartapoznan.pl\/wp-content\/uploads\/2024\/12\/debata2-31a-32x21.jpg 32w\" sizes=\"(max-width: 2560px) 100vw, 2560px\" \/><\/em><\/p>\n<p><em>Jeste\u015bmy zadowoleni z przebiegu debaty. Przede wszystkim cieszy nas fakt, \u017ce sprawa Warty Pozna\u0144 ca\u0142y czas pojawia si\u0119 w publicznej dyskusji. Wiem, \u017ce cz\u0119\u015b\u0107 kibic\u00f3w mo\u017ce czu\u0107 niedosyt, bo wiele kwestii zosta\u0142o nieporuszonych. Czas przewidziany na dyskusj\u0119 wynosi\u0142 zaledwie 40 minut i nie pozwoli\u0142 om\u00f3wi\u0107 wszystkich temat\u00f3w. Jednak us\u0142yszeli\u015bmy kilka kluczowych deklaracji, kt\u00f3re pozwalaj\u0105 mie\u0107 nadziej\u0119, \u017ce Warta w niedalekiej przysz\u0142o\u015bci powr\u00f3ci do grania w Poznaniu. Najwa\u017cniejszy jest chyba fakt, \u017ce przedstawiciele Urz\u0119du Miasta i samorz\u0105du rozumiej\u0105, jak wa\u017cna i pilna jest ta sprawa dla kibic\u00f3w i ca\u0142ej spo\u0142eczno\u015bci Zielonych oraz deklaruj\u0105 wol\u0119 wsp\u00f3\u0142pracy przy pokonywaniu formalnych przeszk\u00f3d, kt\u00f3rych z pewno\u015bci\u0105 nie zabraknie. Deklaracja dotycz\u0105ca 7,5 mln z\u0142 w przysz\u0142orocznym bud\u017cecie to ju\u017c konkret, na kt\u00f3ry czekali\u015bmy, podobnie jak zgoda Dyrektora \u0141ukasza Miadzio\u0142ko na spotkania z kibicami oraz zapowied\u017a w\u0142\u0105czenia si\u0119 Rady Miasta w proces powrotu Warty do miasta. Pierwszym testem tych deklaracji b\u0119dzie czwartkowa sesja Rady, na kt\u00f3r\u0105 niecierpliwie czekamy<\/em> \u2013 skomentowa\u0142 debat\u0119 Piotr Komorowski, rzecznik prasowy Warty Pozna\u0144 &#8211; <em>Chcia\u0142bym w imieniu klubu bardzo podzi\u0119kowa\u0107 kibicom za inicjatyw\u0119 oraz mimo przed\u015bwi\u0105tecznej gor\u0105czki pojawienie si\u0119 na debacie. Dzi\u0119kujemy tak\u017ce TVP3 Pozna\u0144 za zorganizowanie debaty i zainteresowanie sprawami Warty oraz wszystkim zaproszonym go\u015bciom za to ze zale\u017ali czas i wol\u0119 \u017ceby porozmawia\u0107 o wa\u017cnych dla nas sprawach. <\/em><\/p>\n<p>Debat\u0119 mo\u017cna obejrze\u0107 na stronie TVP pod adresem:\u00a0 <a href=\"https:\/\/sport.tvp.pl\/84074797\/debata-o-przyszlosci-warty-poznan-wideo\"><em>https:\/\/sport.tvp.pl\/84074797\/debata-o-przyszlosci-warty-poznan-wideo<\/em><\/a><\/p>\n<p><img loading=\"lazy\" decoding=\"async\" width=\"2560\" height=\"1708\" class=\"alignnone size-full wp-image-40851\" src=\"https:\/\/wartapoznan.pl\/wp-content\/uploads\/2024\/12\/debata2-1a-scaled.jpg\" alt=\"\" srcset=\"https:\/\/wartapoznan.pl\/wp-content\/uploads\/2024\/12\/debata2-1a-scaled.jpg 2560w, https:\/\/wartapoznan.pl\/wp-content\/uploads\/2024\/12\/debata2-1a-1536x1025.jpg 1536w, https:\/\/wartapoznan.pl\/wp-content\/uploads\/2024\/12\/debata2-1a-2048x1366.jpg 2048w, https:\/\/wartapoznan.pl\/wp-content\/uploads\/2024\/12\/debata2-1a-300x200.jpg 300w, https:\/\/wartapoznan.pl\/wp-content\/uploads\/2024\/12\/debata2-1a-128x85.jpg 128w, https:\/\/wartapoznan.pl\/wp-content\/uploads\/2024\/12\/debata2-1a-32x21.jpg 32w\" sizes=\"(max-width: 2560px) 100vw, 2560px\" \/><\/p>\n","protected":false},"excerpt":{"rendered":"<p>Deklaracja do\u0142o\u017cenia wszelkiej pomocy przy dzia\u0142aniach na rzecz powrotu Warty do Poznania oraz zobowi\u0105zanie do regularnego informowania kibic\u00f3w o post\u0119pach&#8230;<\/p>\n","protected":false},"author":36,"featured_media":40839,"comment_status":"closed","ping_status":"closed","sticky":false,"template":"","format":"standard","meta":{"om_disable_all_campaigns":false,"inline_featured_image":false,"footnotes":"","_links_to":"","_links_to_target":""},"categories":[290,94,1],"tags":[],"aioseo_notices":[],"_links":{"self":[{"href":"https:\/\/wartapoznan.pl\/index.php\/wp-json\/wp\/v2\/posts\/40835"}],"collection":[{"href":"https:\/\/wartapoznan.pl\/index.php\/wp-json\/wp\/v2\/posts"}],"about":[{"href":"https:\/\/wartapoznan.pl\/index.php\/wp-json\/wp\/v2\/types\/post"}],"author":[{"embeddable":true,"href":"https:\/\/wartapoznan.pl\/index.php\/wp-json\/wp\/v2\/users\/36"}],"replies":[{"embeddable":true,"href":"https:\/\/wartapoznan.pl\/index.php\/wp-json\/wp\/v2\/comments?post=40835"}],"version-history":[{"count":3,"href":"https:\/\/wartapoznan.pl\/index.php\/wp-json\/wp\/v2\/posts\/40835\/revisions"}],"predecessor-version":[{"id":40859,"href":"https:\/\/wartapoznan.pl\/index.php\/wp-json\/wp\/v2\/posts\/40835\/revisions\/40859"}],"wp:featuredmedia":[{"embeddable":true,"href":"https:\/\/wartapoznan.pl\/index.php\/wp-json\/wp\/v2\/media\/40839"}],"wp:attachment":[{"href":"https:\/\/wartapoznan.pl\/index.php\/wp-json\/wp\/v2\/media?parent=40835"}],"wp:term":[{"taxonomy":"category","embeddable":true,"href":"https:\/\/wartapoznan.pl\/index.php\/wp-json\/wp\/v2\/categories?post=40835"},{"taxonomy":"post_tag","embeddable":true,"href":"https:\/\/wartapoznan.pl\/index.php\/wp-json\/wp\/v2\/tags?post=40835"}],"curies":[{"name":"wp","href":"https:\/\/api.w.org\/{rel}","templated":true}]}}