{"id":40958,"date":"2025-01-13T15:59:57","date_gmt":"2025-01-13T14:59:57","guid":{"rendered":"https:\/\/wartapoznan.pl\/?p=40958"},"modified":"2025-01-13T16:17:31","modified_gmt":"2025-01-13T15:17:31","slug":"warta-poznan-z-pierwszym-zimowym-wzmocnieniem","status":"publish","type":"post","link":"https:\/\/wartapoznan.pl\/index.php\/2025\/01\/13\/warta-poznan-z-pierwszym-zimowym-wzmocnieniem\/","title":{"rendered":"Warta Pozna\u0144 z pierwszym zimowym wzmocnieniem"},"content":{"rendered":"<p><b>Krzysztof Drzazga podpisa\u0142 kontrakt z Wart\u0105 Pozna\u0144, kt\u00f3ry b\u0119dzie obowi\u0105zywa\u0142 do ko\u0144ca sezonu 2025\/26.\u00a0<\/b><\/p>\n<p><span style=\"font-weight: 400;\">29-letni Krzysztof Drzazga jest ofensywnym pomocnikiem, kt\u00f3ry mo\u017ce gra\u0107 r\u00f3wnie\u017c na pozycji napastnika. W bie\u017c\u0105cym sezonie wyst\u0119powa\u0142 w Miedzi Legnica, z kt\u00f3rej zdecydowa\u0142 si\u0119 odej\u015b\u0107 po zako\u0144czeniu rundy jesiennej. Do Warty Pozna\u0144 trafi\u0142 na zasadzie transferu definitywnego.\u00a0<\/span><\/p>\n<p><i><span style=\"font-weight: 400;\">Walka o Krzysztofa by\u0142a zaci\u0119ta i bardzo ciesz\u0119 si\u0119, \u017ce Krzysztof zdecydowa\u0142 si\u0119 do\u0142\u0105czy\u0107 w\u0142a\u015bnie do nas. To dok\u0142adnie ten typ zawodnika, kt\u00f3rego potrzebujemy zar\u00f3wno pod wzgl\u0119dem jako\u015bci jak i\u00a0 profilu oraz charakteru. Jestem pewien, \u017ce b\u0119dzie powa\u017cnym wzmocnieniem naszej formacji ofensywnej &#8211;<\/span><\/i><span style=\"font-weight: 400;\"> m\u00f3wi Dawid Fr\u0105ckowiak, Dyrektor Sportowy Warty Pozna\u0144.<\/span><\/p>\n<p><span style=\"font-weight: 400;\">W sezonach 2015\/16 i 2016\/17, a nast\u0119pnie 2018\/19 i 2019\/20 Krzysztof Drzazga wyst\u0119powa\u0142 w PKO BP Ekstraklasie w Wi\u015ble Krak\u00f3w. Na ekstraklasowych boiskach zaliczy\u0142 \u0142\u0105cznie 41 wyst\u0119p\u00f3w, strzelaj\u0105c 5 bramek i notuj\u0105c 8 asyst. Z kolei w 1 Lidze na boisko wybiega\u0142 165 razy, strzeli\u0142 27 bramek i zaliczy\u0142 25 asyst. Opr\u00f3cz tego 17 razy gra\u0142 w meczach pucharowych, zdobywaj\u0105c 5 bramek. Opr\u00f3cz Wis\u0142y Krak\u00f3w i Miedzi Legnica, w pi\u0142karskim CV ma te\u017c gr\u0119 w Podbeskidziu Bielsko Bia\u0142a i Puszczy Niepo\u0142omice.<\/span><\/p>\n<p>Witamy w Zielonej Rodzinie!<\/p>\n","protected":false},"excerpt":{"rendered":"<p>Krzysztof Drzazga podpisa\u0142 kontrakt z Wart\u0105 Pozna\u0144, kt\u00f3ry b\u0119dzie obowi\u0105zywa\u0142 do ko\u0144ca sezonu 2025\/26.\u00a0 29-letni Krzysztof Drzazga jest ofensywnym pomocnikiem,&#8230;<\/p>\n","protected":false},"author":36,"featured_media":40974,"comment_status":"closed","ping_status":"closed","sticky":false,"template":"","format":"standard","meta":{"om_disable_all_campaigns":false,"inline_featured_image":false,"footnotes":"","_links_to":"","_links_to_target":""},"categories":[94,100,1],"tags":[],"aioseo_notices":[],"_links":{"self":[{"href":"https:\/\/wartapoznan.pl\/index.php\/wp-json\/wp\/v2\/posts\/40958"}],"collection":[{"href":"https:\/\/wartapoznan.pl\/index.php\/wp-json\/wp\/v2\/posts"}],"about":[{"href":"https:\/\/wartapoznan.pl\/index.php\/wp-json\/wp\/v2\/types\/post"}],"author":[{"embeddable":true,"href":"https:\/\/wartapoznan.pl\/index.php\/wp-json\/wp\/v2\/users\/36"}],"replies":[{"embeddable":true,"href":"https:\/\/wartapoznan.pl\/index.php\/wp-json\/wp\/v2\/comments?post=40958"}],"version-history":[{"count":5,"href":"https:\/\/wartapoznan.pl\/index.php\/wp-json\/wp\/v2\/posts\/40958\/revisions"}],"predecessor-version":[{"id":40980,"href":"https:\/\/wartapoznan.pl\/index.php\/wp-json\/wp\/v2\/posts\/40958\/revisions\/40980"}],"wp:featuredmedia":[{"embeddable":true,"href":"https:\/\/wartapoznan.pl\/index.php\/wp-json\/wp\/v2\/media\/40974"}],"wp:attachment":[{"href":"https:\/\/wartapoznan.pl\/index.php\/wp-json\/wp\/v2\/media?parent=40958"}],"wp:term":[{"taxonomy":"category","embeddable":true,"href":"https:\/\/wartapoznan.pl\/index.php\/wp-json\/wp\/v2\/categories?post=40958"},{"taxonomy":"post_tag","embeddable":true,"href":"https:\/\/wartapoznan.pl\/index.php\/wp-json\/wp\/v2\/tags?post=40958"}],"curies":[{"name":"wp","href":"https:\/\/api.w.org\/{rel}","templated":true}]}}