{"id":41048,"date":"2025-01-23T11:25:10","date_gmt":"2025-01-23T10:25:10","guid":{"rendered":"https:\/\/wartapoznan.pl\/?p=41048"},"modified":"2025-01-24T22:19:43","modified_gmt":"2025-01-24T21:19:43","slug":"raport-wypozyczonych-runda-jesienna-2024-25","status":"publish","type":"post","link":"https:\/\/wartapoznan.pl\/index.php\/2025\/01\/23\/raport-wypozyczonych-runda-jesienna-2024-25\/","title":{"rendered":"Raport wypo\u017cyczonych: runda jesienna 2024\/25"},"content":{"rendered":"<p><strong>Korzystaj\u0105c \u017ce Zieloni przebywaj\u0105 obecnie na obozie przygotowawczym w o\u015brodku Cetniewo, przyjrzyjmy si\u0119 jak w tej rundzie\u00a0 uk\u0142ada\u0142y si\u0119 losy\u00a0 zawodnik\u00f3w wypo\u017cyczonych do innych klub\u00f3w.<\/strong><\/p>\n<p><strong><img loading=\"lazy\" decoding=\"async\" width=\"1991\" height=\"1327\" class=\"alignnone size-full wp-image-41063\" src=\"https:\/\/wartapoznan.pl\/wp-content\/uploads\/2025\/01\/rychlik.jpg\" alt=\"\" srcset=\"https:\/\/wartapoznan.pl\/wp-content\/uploads\/2025\/01\/rychlik.jpg 1991w, https:\/\/wartapoznan.pl\/wp-content\/uploads\/2025\/01\/rychlik-1536x1024.jpg 1536w, https:\/\/wartapoznan.pl\/wp-content\/uploads\/2025\/01\/rychlik-300x200.jpg 300w, https:\/\/wartapoznan.pl\/wp-content\/uploads\/2025\/01\/rychlik-128x85.jpg 128w, https:\/\/wartapoznan.pl\/wp-content\/uploads\/2025\/01\/rychlik-32x21.jpg 32w\" sizes=\"(max-width: 1991px) 100vw, 1991px\" \/><\/strong><strong>Patryk Rychlik (Vineta Wolin)<br \/>\n<\/strong>19-letni \u015brodkowy obro\u0144ca sp\u0119dzi\u0142 rund\u0119 jesienn\u0105 na wypo\u017cyczeniu w Vinecie Wolin, graj\u0105cej w Betclic 3. Lidze. W jej barwach na boisku pojawi\u0142 si\u0119 17 razy i strzeli\u0142 jedn\u0105 bramk\u0119 w meczu z Poloni\u0105 \u015aroda Wielkopolska oraz zaliczy\u0142 asyst\u0119 w zremisowanym meczu z Flot\u0105 \u015awinouj\u015bcie. Warto doda\u0107, \u017ce w wi\u0119kszo\u015bci spotka\u0144 na boisku sp\u0119dza\u0142 pe\u0142ne 90 minut.<\/p>\n<p><strong><img loading=\"lazy\" decoding=\"async\" width=\"2000\" height=\"1333\" class=\"alignnone size-full wp-image-41053\" src=\"https:\/\/wartapoznan.pl\/wp-content\/uploads\/2025\/01\/oliwer-smuniewski-s.jpg\" alt=\"\" srcset=\"https:\/\/wartapoznan.pl\/wp-content\/uploads\/2025\/01\/oliwer-smuniewski-s.jpg 2000w, https:\/\/wartapoznan.pl\/wp-content\/uploads\/2025\/01\/oliwer-smuniewski-s-1536x1024.jpg 1536w, https:\/\/wartapoznan.pl\/wp-content\/uploads\/2025\/01\/oliwer-smuniewski-s-300x200.jpg 300w, https:\/\/wartapoznan.pl\/wp-content\/uploads\/2025\/01\/oliwer-smuniewski-s-128x85.jpg 128w, https:\/\/wartapoznan.pl\/wp-content\/uploads\/2025\/01\/oliwer-smuniewski-s-32x21.jpg 32w\" sizes=\"(max-width: 2000px) 100vw, 2000px\" \/><\/strong><strong>Oliwier Smuniewski (Vineta Wolin)<br \/>\n<\/strong>Drugi z Warciarzy sp\u0119dzaj\u0105cych jesie\u0144 w Vinecie to 20-letni \u015brodkowy napastnik. Mo\u017ce zaliczy\u0107 rund\u0119 do ca\u0142kiem udanych. Na boisku pojawi\u0142 si\u0119 18 razy, strzeli\u0142 trzy bramki (z Gedani\u0105 Gda\u0144sk, Soko\u0142em Kleczew i Poloni\u0105 \u015aroda Wielkopolska) oraz zaliczy\u0142 trzy asysty.<\/p>\n<p><strong><img loading=\"lazy\" decoding=\"async\" width=\"2000\" height=\"1333\" class=\"alignnone size-full wp-image-41051\" src=\"https:\/\/wartapoznan.pl\/wp-content\/uploads\/2025\/01\/milosz-nowik-s-1.jpg\" alt=\"\" srcset=\"https:\/\/wartapoznan.pl\/wp-content\/uploads\/2025\/01\/milosz-nowik-s-1.jpg 2000w, https:\/\/wartapoznan.pl\/wp-content\/uploads\/2025\/01\/milosz-nowik-s-1-1536x1024.jpg 1536w, https:\/\/wartapoznan.pl\/wp-content\/uploads\/2025\/01\/milosz-nowik-s-1-300x200.jpg 300w, https:\/\/wartapoznan.pl\/wp-content\/uploads\/2025\/01\/milosz-nowik-s-1-128x85.jpg 128w, https:\/\/wartapoznan.pl\/wp-content\/uploads\/2025\/01\/milosz-nowik-s-1-32x21.jpg 32w\" sizes=\"(max-width: 2000px) 100vw, 2000px\" \/><\/strong><strong>Mi\u0142osz Nowik (Vineta Wolin)<br \/>\n<\/strong>\u00a0\u201eKoloni\u0119\u201d Warciarzy w Vinecie zamyka 18-letni obro\u0144ca. Ma na koncie 13 wyst\u0119p\u00f3w i dwie bramki (z Wd\u0105 \u015awiecie i B\u0142\u0119kitnymi Stargard). W przeciwie\u0144stwie do koleg\u00f3w, Mi\u0142osz nieco rzadziej pojawia\u0142 si\u0119 na boisku, co jednak nie jest zaskoczeniem, bior\u0105c pod uwag\u0119, \u017ce to bardzo m\u0142ody zawodnik, kt\u00f3ry dopiero zdobywa pierwsze pi\u0142karskie szlify.<\/p>\n<p><strong><img loading=\"lazy\" decoding=\"async\" width=\"2048\" height=\"1638\" class=\"alignnone size-full wp-image-41065\" src=\"https:\/\/wartapoznan.pl\/wp-content\/uploads\/2025\/01\/473178925_1083692600437470_804510961471554225_n.jpg\" alt=\"\" srcset=\"https:\/\/wartapoznan.pl\/wp-content\/uploads\/2025\/01\/473178925_1083692600437470_804510961471554225_n.jpg 2048w, https:\/\/wartapoznan.pl\/wp-content\/uploads\/2025\/01\/473178925_1083692600437470_804510961471554225_n-1536x1229.jpg 1536w, https:\/\/wartapoznan.pl\/wp-content\/uploads\/2025\/01\/473178925_1083692600437470_804510961471554225_n-300x240.jpg 300w, https:\/\/wartapoznan.pl\/wp-content\/uploads\/2025\/01\/473178925_1083692600437470_804510961471554225_n-128x102.jpg 128w, https:\/\/wartapoznan.pl\/wp-content\/uploads\/2025\/01\/473178925_1083692600437470_804510961471554225_n-32x26.jpg 32w\" sizes=\"(max-width: 2048px) 100vw, 2048px\" \/><\/strong><strong>Filip Tonder (Unia Swarz\u0119dz)<br \/>\n<\/strong>Pomocnik Zielonych w rundzie jesiennej gra\u0142 w Unii Swarz\u0119dz. W 12 meczach zdoby\u0142 cztery bramki, m.in. strzelaj\u0105c Flocie \u015awinouj\u015bcie i Noteci Czarnk\u00f3w. Jego dobra postawa zwr\u00f3ci\u0142a uwag\u0119 trenera Klepczaka, na tyle, \u017ce 19-latek zosta\u0142 zaproszony na ob\u00f3z przygotowawczy w Cetniewie, po kt\u00f3rym zapadnie decyzja, gdzie sp\u0119dzi rund\u0119 wiosenn\u0105. Z kolei Unia Swarz\u0119dz zajmuje obecnie 5 miejsce w tabeli II grupy Betclic III Ligi.<\/p>\n<p><strong><img loading=\"lazy\" decoding=\"async\" width=\"2000\" height=\"1333\" class=\"alignnone size-full wp-image-30802\" src=\"https:\/\/wartapoznan.pl\/wp-content\/uploads\/2024\/07\/szymon-rola-s.jpg\" alt=\"\" srcset=\"https:\/\/wartapoznan.pl\/wp-content\/uploads\/2024\/07\/szymon-rola-s.jpg 2000w, https:\/\/wartapoznan.pl\/wp-content\/uploads\/2024\/07\/szymon-rola-s-1536x1024.jpg 1536w, https:\/\/wartapoznan.pl\/wp-content\/uploads\/2024\/07\/szymon-rola-s-300x200.jpg 300w, https:\/\/wartapoznan.pl\/wp-content\/uploads\/2024\/07\/szymon-rola-s-128x85.jpg 128w, https:\/\/wartapoznan.pl\/wp-content\/uploads\/2024\/07\/szymon-rola-s-32x21.jpg 32w\" sizes=\"(max-width: 2000px) 100vw, 2000px\" \/><\/strong><strong>Szymon Rola (Note\u0107 Czarnk\u00f3w)<br \/>\n<\/strong>Wypo\u017cyczenie do Noteci Czarnk\u00f3w to pierwsza przygoda wychowanka Zielonych poza Poznaniem. Jesieni\u0105 wyst\u0105pi\u0142 w 17 meczach, niestety nie uda\u0142o mu si\u0119 zdoby\u0107 bramki. 18-letni napastnik w ponad po\u0142owie spotka\u0144 wybieg\u0142 na boisko w podstawowej \u201e11\u201d.<\/p>\n<p><strong><img loading=\"lazy\" decoding=\"async\" width=\"2000\" height=\"1333\" class=\"alignnone size-full wp-image-41055\" src=\"https:\/\/wartapoznan.pl\/wp-content\/uploads\/2025\/01\/clju19-warta-odra-01-06-24-f-28.jpg\" alt=\"\" srcset=\"https:\/\/wartapoznan.pl\/wp-content\/uploads\/2025\/01\/clju19-warta-odra-01-06-24-f-28.jpg 2000w, https:\/\/wartapoznan.pl\/wp-content\/uploads\/2025\/01\/clju19-warta-odra-01-06-24-f-28-1536x1024.jpg 1536w, https:\/\/wartapoznan.pl\/wp-content\/uploads\/2025\/01\/clju19-warta-odra-01-06-24-f-28-300x200.jpg 300w, https:\/\/wartapoznan.pl\/wp-content\/uploads\/2025\/01\/clju19-warta-odra-01-06-24-f-28-128x85.jpg 128w, https:\/\/wartapoznan.pl\/wp-content\/uploads\/2025\/01\/clju19-warta-odra-01-06-24-f-28-32x21.jpg 32w\" sizes=\"(max-width: 2000px) 100vw, 2000px\" \/><\/strong><strong>Mateusz Lechowicz (Mieszko Gniezno)<br \/>\n<\/strong>18 letni obro\u0144ca 8 razy pojawi\u0142 sie na boisku. W meczu z Piastem sp\u0119dzi\u0142 na boisku pe\u0142ne 90 minut.<\/p>\n<p><strong><img loading=\"lazy\" decoding=\"async\" width=\"2000\" height=\"1333\" class=\"alignnone size-full wp-image-41061\" src=\"https:\/\/wartapoznan.pl\/wp-content\/uploads\/2025\/01\/jakub-wajman-s.jpg\" alt=\"\" srcset=\"https:\/\/wartapoznan.pl\/wp-content\/uploads\/2025\/01\/jakub-wajman-s.jpg 2000w, https:\/\/wartapoznan.pl\/wp-content\/uploads\/2025\/01\/jakub-wajman-s-1536x1024.jpg 1536w, https:\/\/wartapoznan.pl\/wp-content\/uploads\/2025\/01\/jakub-wajman-s-300x200.jpg 300w, https:\/\/wartapoznan.pl\/wp-content\/uploads\/2025\/01\/jakub-wajman-s-128x85.jpg 128w, https:\/\/wartapoznan.pl\/wp-content\/uploads\/2025\/01\/jakub-wajman-s-32x21.jpg 32w\" sizes=\"(max-width: 2000px) 100vw, 2000px\" \/><\/strong><strong>Jakub Wajman (Piast Kobylnica)<br \/>\n<\/strong>Jeszcze latem 19 letni skrzyd\u0142owy urodzony w W\u0105growcu, zamieni\u0142 Kotwic\u0119 K\u00f3rnik gdzie rozpocz\u0105\u0142 wypo\u017cyczenie na czwartoligowego Piasta. Rozegra\u0142 11 spotka\u0144 i strzeli\u0142 2 bramki w meczach z Nielb\u0105 W\u0105growiec i Jarot\u0105 Jarocin.<\/p>\n<p><strong><img loading=\"lazy\" decoding=\"async\" width=\"2000\" height=\"1333\" class=\"alignnone size-full wp-image-41057\" src=\"https:\/\/wartapoznan.pl\/wp-content\/uploads\/2025\/01\/5A7A1116-1.jpg\" alt=\"\" srcset=\"https:\/\/wartapoznan.pl\/wp-content\/uploads\/2025\/01\/5A7A1116-1.jpg 2000w, https:\/\/wartapoznan.pl\/wp-content\/uploads\/2025\/01\/5A7A1116-1-1536x1024.jpg 1536w, https:\/\/wartapoznan.pl\/wp-content\/uploads\/2025\/01\/5A7A1116-1-300x200.jpg 300w, https:\/\/wartapoznan.pl\/wp-content\/uploads\/2025\/01\/5A7A1116-1-128x85.jpg 128w, https:\/\/wartapoznan.pl\/wp-content\/uploads\/2025\/01\/5A7A1116-1-32x21.jpg 32w\" sizes=\"(max-width: 2000px) 100vw, 2000px\" \/><\/strong><strong>Igor Sta\u0144czak (Karkonosze Jelenia G\u00f3ra)<br \/>\n<\/strong>Prawy pomocnik jesieni\u0105 reprezentowa\u0142 barwy trzecioligowca \u2013 Karkonosze Jelenia G\u00f3ra. 18-latek pojawi\u0142 si\u0119 na boisku dziewi\u0119\u0107 razy.<\/p>\n<p><strong><img loading=\"lazy\" decoding=\"async\" width=\"2000\" height=\"1333\" class=\"alignnone size-full wp-image-41059\" src=\"https:\/\/wartapoznan.pl\/wp-content\/uploads\/2025\/01\/milosz-wodecki-s-1.jpg\" alt=\"\" srcset=\"https:\/\/wartapoznan.pl\/wp-content\/uploads\/2025\/01\/milosz-wodecki-s-1.jpg 2000w, https:\/\/wartapoznan.pl\/wp-content\/uploads\/2025\/01\/milosz-wodecki-s-1-1536x1024.jpg 1536w, https:\/\/wartapoznan.pl\/wp-content\/uploads\/2025\/01\/milosz-wodecki-s-1-300x200.jpg 300w, https:\/\/wartapoznan.pl\/wp-content\/uploads\/2025\/01\/milosz-wodecki-s-1-128x85.jpg 128w, https:\/\/wartapoznan.pl\/wp-content\/uploads\/2025\/01\/milosz-wodecki-s-1-32x21.jpg 32w\" sizes=\"(max-width: 2000px) 100vw, 2000px\" \/><\/strong><strong>Mi\u0142osz W\u00f3decki (Kotwica K\u00f3rnik)<br \/>\n<\/strong>20-letni pomocnik w minionej rundzie trafi\u0142 do Kotwicy K\u00f3rnik. Nie pojawia\u0142 si\u0119 jednak cz\u0119sto na boisku \u2013 zagra\u0142 12 razy, najcz\u0119\u015bciej wychodz\u0105c na boisko z \u0142awki rezerwowych.<\/p>\n<p>Opr\u00f3cz Filipa Tondera, co do kt\u00f3rego decyzje zapadn\u0105 po obozie pierwszej dru\u017cyny w Cetniewie, wszyscy pozostali pi\u0142karze pozostan\u0105 na wypo\u017cyczeniach do ko\u0144ca sezonu 2024\/25.<\/p>\n<p><strong>Panowie, pami\u0119tamy o Was i trzymamy kciuki za udan\u0105 rund\u0119 wiosenn\u0105!<\/strong><\/p>\n","protected":false},"excerpt":{"rendered":"<p>Korzystaj\u0105c \u017ce Zieloni przebywaj\u0105 obecnie na obozie przygotowawczym w o\u015brodku Cetniewo, przyjrzyjmy si\u0119 jak w tej rundzie\u00a0 uk\u0142ada\u0142y si\u0119 losy\u00a0&#8230;<\/p>\n","protected":false},"author":36,"featured_media":41067,"comment_status":"closed","ping_status":"closed","sticky":false,"template":"","format":"standard","meta":{"om_disable_all_campaigns":false,"inline_featured_image":false,"footnotes":"","_links_to":"","_links_to_target":""},"categories":[94,1,317],"tags":[],"aioseo_notices":[],"_links":{"self":[{"href":"https:\/\/wartapoznan.pl\/index.php\/wp-json\/wp\/v2\/posts\/41048"}],"collection":[{"href":"https:\/\/wartapoznan.pl\/index.php\/wp-json\/wp\/v2\/posts"}],"about":[{"href":"https:\/\/wartapoznan.pl\/index.php\/wp-json\/wp\/v2\/types\/post"}],"author":[{"embeddable":true,"href":"https:\/\/wartapoznan.pl\/index.php\/wp-json\/wp\/v2\/users\/36"}],"replies":[{"embeddable":true,"href":"https:\/\/wartapoznan.pl\/index.php\/wp-json\/wp\/v2\/comments?post=41048"}],"version-history":[{"count":5,"href":"https:\/\/wartapoznan.pl\/index.php\/wp-json\/wp\/v2\/posts\/41048\/revisions"}],"predecessor-version":[{"id":41094,"href":"https:\/\/wartapoznan.pl\/index.php\/wp-json\/wp\/v2\/posts\/41048\/revisions\/41094"}],"wp:featuredmedia":[{"embeddable":true,"href":"https:\/\/wartapoznan.pl\/index.php\/wp-json\/wp\/v2\/media\/41067"}],"wp:attachment":[{"href":"https:\/\/wartapoznan.pl\/index.php\/wp-json\/wp\/v2\/media?parent=41048"}],"wp:term":[{"taxonomy":"category","embeddable":true,"href":"https:\/\/wartapoznan.pl\/index.php\/wp-json\/wp\/v2\/categories?post=41048"},{"taxonomy":"post_tag","embeddable":true,"href":"https:\/\/wartapoznan.pl\/index.php\/wp-json\/wp\/v2\/tags?post=41048"}],"curies":[{"name":"wp","href":"https:\/\/api.w.org\/{rel}","templated":true}]}}