{"id":41347,"date":"2025-02-21T12:00:56","date_gmt":"2025-02-21T11:00:56","guid":{"rendered":"https:\/\/wartapoznan.pl\/?p=41347"},"modified":"2025-02-21T11:10:23","modified_gmt":"2025-02-21T10:10:23","slug":"kino-helios-na-dluzej-z-warta-poznan","status":"publish","type":"post","link":"https:\/\/wartapoznan.pl\/index.php\/2025\/02\/21\/kino-helios-na-dluzej-z-warta-poznan\/","title":{"rendered":"Kino Helios na d\u0142u\u017cej z Wart\u0105 Pozna\u0144."},"content":{"rendered":"<p><b>Na ten sequel czekali\u015bmy z niecierpliwo\u015bci\u0105!<br \/>\nKino <\/b><b>Helios Pozna\u0144 przed\u0142u\u017cy\u0142o umow\u0119 partnersk\u0105 z Wart\u0105 Pozna\u0144. Multipleks, zlokalizowany w centrum handlowym Posnania, pozostanie sponsorem Warty i posiadaczem Pakietu Platynowego w Klubie Biznesu Warty Pozna\u0144.\u00a0<\/b><\/p>\n<p><span style=\"font-weight: 400;\">Kino Helios Pozna\u0144 rozpocz\u0119\u0142o wsp\u00f3\u0142prac\u0119 z Wart\u0105 pod koniec 2023 roku. Teraz, umowa zawarta na rok zosta\u0142a przed\u0142u\u017cona do ko\u0144ca 2025. W ramach \u015bwiadcze\u0144 reklamowych, przed ka\u017cdym seansem na du\u017cym ekranie wy\u015bwietlane b\u0119d\u0105 spoty reklamowe Warty Pozna\u0144, na terenie Helios pojawi sie branding Warty a kibice nadal b\u0119d\u0105 mogli korzysta\u0107 z lubianego, warcia\u0144skiego monid\u0142a. Dodatkowo dla kibic\u00f3w, organizowane b\u0119d\u0105 wsp\u00f3lne akcje promocyjne.<\/span><\/p>\n<p><i><span style=\"font-weight: 400;\"><img loading=\"lazy\" decoding=\"async\" width=\"1500\" height=\"1000\" class=\"alignnone size-full wp-image-41348\" src=\"https:\/\/wartapoznan.pl\/wp-content\/uploads\/2025\/02\/monidlo_www.jpg\" alt=\"\" srcset=\"https:\/\/wartapoznan.pl\/wp-content\/uploads\/2025\/02\/monidlo_www.jpg 1500w, https:\/\/wartapoznan.pl\/wp-content\/uploads\/2025\/02\/monidlo_www-300x200.jpg 300w, https:\/\/wartapoznan.pl\/wp-content\/uploads\/2025\/02\/monidlo_www-128x85.jpg 128w, https:\/\/wartapoznan.pl\/wp-content\/uploads\/2025\/02\/monidlo_www-32x21.jpg 32w\" sizes=\"(max-width: 1500px) 100vw, 1500px\" \/><\/span><\/i><\/p>\n<p><i><span style=\"font-weight: 400;\">Zdecydowa\u0142am si\u0119 kontynuowa\u0107 wsp\u00f3\u0142prac\u0119 z Wart\u0105 Pozna\u0144 poniewa\u017c mamy wsp\u00f3lny cel- nie\u015b\u0107 niesamowite emocje Naszym Widzom , Kibicom i Partnerom. Jeste\u015bmy wierni, lojalni i bezkompromisowi w swych decyzjach. Z prawdziw\u0105 pasj\u0105 i determinacj\u0105 zacie\u015bniamy Nasz\u0105 przyja\u017a\u0144, tworz\u0105c szalone wsp\u00f3lne projekty.\u00a0 Ostatni rok wsp\u00f3\u0142pracy pokaza\u0142, \u017ce z Wart\u0105 &#8211; WARTOby\u0107 ! Serdecznie dzi\u0119kuj\u0119 <\/span><\/i><span style=\"font-weight: 400;\">&#8211; Aleksandra Przyby\u0142a Dyrektor Kina Helios Pozna\u0144\u00a0<\/span><\/p>\n<p><em>Kino Helios to 8 sal, dziesi\u0105tki tysi\u0119cy odwiedzaj\u0105cych miesi\u0119cznie, eventy tematyczne co tydzie\u0144. To miejsce odwiedzane zar\u00f3wno przez mieszka\u0144c\u00f3w Poznania jak i okolic miasta. Dla nas to fantastyczna okazja do budowania spo\u0142eczno\u015bci Warty Pozna\u0144 &#8211;<\/em> powiedzia\u0142 Marcin Kozubski, Dyrektor Marketingu Warty Pozna\u0144.<\/p>\n","protected":false},"excerpt":{"rendered":"<p>Na ten sequel czekali\u015bmy z niecierpliwo\u015bci\u0105! Kino Helios Pozna\u0144 przed\u0142u\u017cy\u0142o umow\u0119 partnersk\u0105 z Wart\u0105 Pozna\u0144. Multipleks, zlokalizowany w centrum handlowym&#8230;<\/p>\n","protected":false},"author":36,"featured_media":41352,"comment_status":"closed","ping_status":"closed","sticky":false,"template":"","format":"standard","meta":{"om_disable_all_campaigns":false,"inline_featured_image":false,"footnotes":"","_links_to":"","_links_to_target":""},"categories":[94,103,1],"tags":[],"aioseo_notices":[],"_links":{"self":[{"href":"https:\/\/wartapoznan.pl\/index.php\/wp-json\/wp\/v2\/posts\/41347"}],"collection":[{"href":"https:\/\/wartapoznan.pl\/index.php\/wp-json\/wp\/v2\/posts"}],"about":[{"href":"https:\/\/wartapoznan.pl\/index.php\/wp-json\/wp\/v2\/types\/post"}],"author":[{"embeddable":true,"href":"https:\/\/wartapoznan.pl\/index.php\/wp-json\/wp\/v2\/users\/36"}],"replies":[{"embeddable":true,"href":"https:\/\/wartapoznan.pl\/index.php\/wp-json\/wp\/v2\/comments?post=41347"}],"version-history":[{"count":4,"href":"https:\/\/wartapoznan.pl\/index.php\/wp-json\/wp\/v2\/posts\/41347\/revisions"}],"predecessor-version":[{"id":41357,"href":"https:\/\/wartapoznan.pl\/index.php\/wp-json\/wp\/v2\/posts\/41347\/revisions\/41357"}],"wp:featuredmedia":[{"embeddable":true,"href":"https:\/\/wartapoznan.pl\/index.php\/wp-json\/wp\/v2\/media\/41352"}],"wp:attachment":[{"href":"https:\/\/wartapoznan.pl\/index.php\/wp-json\/wp\/v2\/media?parent=41347"}],"wp:term":[{"taxonomy":"category","embeddable":true,"href":"https:\/\/wartapoznan.pl\/index.php\/wp-json\/wp\/v2\/categories?post=41347"},{"taxonomy":"post_tag","embeddable":true,"href":"https:\/\/wartapoznan.pl\/index.php\/wp-json\/wp\/v2\/tags?post=41347"}],"curies":[{"name":"wp","href":"https:\/\/api.w.org\/{rel}","templated":true}]}}