{"id":41361,"date":"2025-02-20T14:31:14","date_gmt":"2025-02-20T13:31:14","guid":{"rendered":"https:\/\/wartapoznan.pl\/?p=41361"},"modified":"2025-02-21T15:09:37","modified_gmt":"2025-02-21T14:09:37","slug":"harmonogram-gier-akademii-5","status":"publish","type":"post","link":"https:\/\/wartapoznan.pl\/index.php\/2025\/02\/20\/harmonogram-gier-akademii-5\/","title":{"rendered":"Harmonogram gier Akademii"},"content":{"rendered":"<p><strong>Ligowe emocje zbli\u017caj\u0105 si\u0119 wielkimi krokami, bo ju\u017c za tydzie\u0144 wracaj\u0105, p\u00f3ki co cz\u0119\u015bciowo, nasze ulubione rozgrywki Centralnej Ligi Junior\u00f3w, ale zanim to nast\u0105pi czekaj\u0105 nas gry kontrolne z bardzo ciekawymi rywalami.<\/strong><\/p>\n<p><strong>Warta Pozna\u0144 U-19 &#8211; Orze\u0142 Granowo (Klasa okr\u0119gowa)<\/strong><\/p>\n<p><em>Sobota, godz. 9:00 &#8211; Grodzisk Wlkp.<\/em><\/p>\n<p><strong>Pogo\u0144 Szczecin U-17 &#8211; Warta Pozna\u0144 U-17<\/strong><\/p>\n<p><em>Pi\u0105tek, godz. 12:30 &#8211; Szczecin<\/em><\/p>\n<p><strong>FASE Szczecin U-15 &#8211; Warta Pozna\u0144 U-15<\/strong><\/p>\n<p><em>Pi\u0105tek, godz. 13:30 &#8211; Szczecin<\/em><\/p>\n<p><strong>Warta Pozna\u0144 U-14 &#8211; Kozio\u0142ek Pozna\u0144 U-15<\/strong><\/p>\n<p><em>Sobota, godz. 8:45 &#8211; Pozna\u0144, ul. Warmi\u0144ska<\/em><\/p>\n<p><strong>Warta Pozna\u0144 U-13 &#8211; MKS Polonia Leszno U-14<\/strong><\/p>\n<p><em>Niedziela, godz. 9:00 &#8211; Leszno<\/em><\/p>\n<p><strong>Warta Pozna\u0144 U-12 &#8211; Suchary Suchy Las \/ Nielba W\u0105growiec<\/strong><\/p>\n<p><em>Sobota, godz. 10:00 &#8211; Pozna\u0144, ul. Konwaliowa \/ sobota, godz. 17:30 &#8211; Pozna\u0144, ul. Warmi\u0144ska<\/em><\/p>\n<p><strong>Warta Pozna\u0144 U-11 &#8211; AT Krotoszyn<\/strong><\/p>\n<p><em>Sobota, godz. 16:00 &#8211; Pozna\u0144, ul. Harcerska<\/em><\/p>\n<p><strong>Warta Pozna\u0144 U-10 &#8211; Polonia Cup<\/strong><\/p>\n<p><em>Niedziela, \u015aroda Kobra Arena<\/em><\/p>\n<p><strong>Suchary Suchy Las &#8211; Warta Pozna\u0144 U-9<\/strong><\/p>\n<p><em>Sobota, godz. 8:00 &#8211; Suchy Las<\/em><\/p>\n<p><strong>AP Oborniki &#8211; Warta Pozna\u0144 U-9<\/strong><\/p>\n<p><em>Niedziela, godz. 10:00 &#8211; Oborniki<\/em><\/p>\n<p><strong>Warta Pozna\u0144 U-8 &#8211; Pogo\u0144 Szczecin, AP Zielona G\u00f3ra, Warta Gorz\u00f3w Wlkp.<\/strong><\/p>\n<p><em>Sobota, godz. 10:00 &#8211; Gorz\u00f3w Wlkp.<\/em><\/p>\n<p><strong>Warta Pozna\u0144 WU-16 &#8211; MKS Dopiewo\u00a0<\/strong><\/p>\n<p><em>Niedziela, godz. 13:00 &#8211; Pozna\u0144, ul. Warmi\u0144ska<\/em><\/p>\n<p><strong>Warta Pozna\u0144 WU-11 &#8211; Polonia Cup<\/strong><\/p>\n<p><em>Sobota &#8211; \u015aroda Wlkp.\u00a0<\/em><\/p>\n<p>\u017byczymy powodzenia dla wszystkich naszych dru\u017cyn.<\/p>\n<p>fot. Jan Piechota<\/p>\n","protected":false},"excerpt":{"rendered":"<p>Ligowe emocje zbli\u017caj\u0105 si\u0119 wielkimi krokami, bo ju\u017c za tydzie\u0144 wracaj\u0105, p\u00f3ki co cz\u0119\u015bciowo, nasze ulubione rozgrywki Centralnej Ligi Junior\u00f3w,&#8230;<\/p>\n","protected":false},"author":39,"featured_media":41362,"comment_status":"closed","ping_status":"closed","sticky":false,"template":"","format":"standard","meta":{"om_disable_all_campaigns":false,"inline_featured_image":false,"footnotes":"","_links_to":"","_links_to_target":""},"categories":[95],"tags":[],"aioseo_notices":[],"_links":{"self":[{"href":"https:\/\/wartapoznan.pl\/index.php\/wp-json\/wp\/v2\/posts\/41361"}],"collection":[{"href":"https:\/\/wartapoznan.pl\/index.php\/wp-json\/wp\/v2\/posts"}],"about":[{"href":"https:\/\/wartapoznan.pl\/index.php\/wp-json\/wp\/v2\/types\/post"}],"author":[{"embeddable":true,"href":"https:\/\/wartapoznan.pl\/index.php\/wp-json\/wp\/v2\/users\/39"}],"replies":[{"embeddable":true,"href":"https:\/\/wartapoznan.pl\/index.php\/wp-json\/wp\/v2\/comments?post=41361"}],"version-history":[{"count":1,"href":"https:\/\/wartapoznan.pl\/index.php\/wp-json\/wp\/v2\/posts\/41361\/revisions"}],"predecessor-version":[{"id":41364,"href":"https:\/\/wartapoznan.pl\/index.php\/wp-json\/wp\/v2\/posts\/41361\/revisions\/41364"}],"wp:featuredmedia":[{"embeddable":true,"href":"https:\/\/wartapoznan.pl\/index.php\/wp-json\/wp\/v2\/media\/41362"}],"wp:attachment":[{"href":"https:\/\/wartapoznan.pl\/index.php\/wp-json\/wp\/v2\/media?parent=41361"}],"wp:term":[{"taxonomy":"category","embeddable":true,"href":"https:\/\/wartapoznan.pl\/index.php\/wp-json\/wp\/v2\/categories?post=41361"},{"taxonomy":"post_tag","embeddable":true,"href":"https:\/\/wartapoznan.pl\/index.php\/wp-json\/wp\/v2\/tags?post=41361"}],"curies":[{"name":"wp","href":"https:\/\/api.w.org\/{rel}","templated":true}]}}