{"id":41402,"date":"2025-02-25T11:16:02","date_gmt":"2025-02-25T10:16:02","guid":{"rendered":"https:\/\/wartapoznan.pl\/?p=41402"},"modified":"2025-02-25T11:16:02","modified_gmt":"2025-02-25T10:16:02","slug":"wypowiedzi-trenerow-po-meczu-6","status":"publish","type":"post","link":"https:\/\/wartapoznan.pl\/index.php\/2025\/02\/25\/wypowiedzi-trenerow-po-meczu-6\/","title":{"rendered":"Wypowiedzi trener\u00f3w po meczu."},"content":{"rendered":"<h3><b>Po meczu odby\u0142a sie konferencja prasowa, na kt\u00f3rej trenerzy skomentowali mecz:\u00a0<\/b><\/h3>\n<h4><b>Trener Piotr Klepczarek:<\/b><\/h4>\n<p><span style=\"font-weight: 400;\"><img loading=\"lazy\" decoding=\"async\" width=\"2560\" height=\"1707\" class=\"alignnone size-full wp-image-41405\" src=\"https:\/\/wartapoznan.pl\/wp-content\/uploads\/2025\/02\/konfa-1a-scaled.jpg\" alt=\"\" srcset=\"https:\/\/wartapoznan.pl\/wp-content\/uploads\/2025\/02\/konfa-1a-scaled.jpg 2560w, https:\/\/wartapoznan.pl\/wp-content\/uploads\/2025\/02\/konfa-1a-1536x1024.jpg 1536w, https:\/\/wartapoznan.pl\/wp-content\/uploads\/2025\/02\/konfa-1a-2048x1366.jpg 2048w, https:\/\/wartapoznan.pl\/wp-content\/uploads\/2025\/02\/konfa-1a-300x200.jpg 300w, https:\/\/wartapoznan.pl\/wp-content\/uploads\/2025\/02\/konfa-1a-128x85.jpg 128w, https:\/\/wartapoznan.pl\/wp-content\/uploads\/2025\/02\/konfa-1a-32x21.jpg 32w\" sizes=\"(max-width: 2560px) 100vw, 2560px\" \/><\/span><\/p>\n<p><span style=\"font-weight: 400;\">Dla nas wynik jest rozczarowaniem. Wiedzieli\u015bmy, \u017ce przyje\u017cd\u017camy na trudny teren. Wiedzieli\u015bmy, \u017ce jest to zesp\u00f3\u0142 po du\u017cych zmianach i ciekawych ruchach transferowych. Jednak graj\u0105c taki mecz tak d\u0142ugo w przewadze, powinni\u015bmy go wygra\u0107 i zdoby\u0107 3 punkty. Nasza nieskuteczno\u015b\u0107 spowodowa\u0142a, \u017ce jest tylko remis. A by\u0142y nawet momenty, gdy to gospodarze mogli zdoby\u0107 bramk\u0119. Mieli\u015bmy przewag\u0119 w sytuacjach i posiadaniu pi\u0142ki, ale takie mecze trzeba wygrywa\u0107.<\/span><\/p>\n<h4><b>Trener Ireneusz Pietrzykowski:<\/b><\/h4>\n<p><span style=\"font-weight: 400;\"><img loading=\"lazy\" decoding=\"async\" width=\"2560\" height=\"1707\" class=\"alignnone size-full wp-image-41407\" src=\"https:\/\/wartapoznan.pl\/wp-content\/uploads\/2025\/02\/konfa-2-1a-scaled.jpg\" alt=\"\" srcset=\"https:\/\/wartapoznan.pl\/wp-content\/uploads\/2025\/02\/konfa-2-1a-scaled.jpg 2560w, https:\/\/wartapoznan.pl\/wp-content\/uploads\/2025\/02\/konfa-2-1a-1536x1024.jpg 1536w, https:\/\/wartapoznan.pl\/wp-content\/uploads\/2025\/02\/konfa-2-1a-2048x1366.jpg 2048w, https:\/\/wartapoznan.pl\/wp-content\/uploads\/2025\/02\/konfa-2-1a-300x200.jpg 300w, https:\/\/wartapoznan.pl\/wp-content\/uploads\/2025\/02\/konfa-2-1a-128x85.jpg 128w, https:\/\/wartapoznan.pl\/wp-content\/uploads\/2025\/02\/konfa-2-1a-32x21.jpg 32w\" sizes=\"(max-width: 2560px) 100vw, 2560px\" \/>Pewnie mnie Pa\u0144stwo spytacie czy jestem zadowolony z wyniku. Patrz\u0105c na drug\u0105 po\u0142ow\u0119, nie jestem zadowolony. Nie zgodz\u0119 si\u0119 z trenerem Klepczarkiem, \u017ce Warta mia\u0142a wi\u0119cej okazji w drugiej po\u0142owie. Mieli jedn\u0105 stuprocentow\u0105 sytuacj\u0119, my mieli\u015bmy trzy. Paradoksalnie, gdy grali\u015bmy jednego mniej, to my mieli\u015bmy wi\u0119cej do zaoferowania. Posiadanie pi\u0142ki by\u0142o po stronie Warty \u2013 no bo tak musia\u0142o by\u0107, graj\u0105c o jednego wi\u0119cej. Powiedzia\u0142em w szatni zawodnikom, \u017ce je\u015bli b\u0119dziemy tak walczy\u0107 jak w drugiej po\u0142owie, to jeste\u015bmy w stanie si\u0119 utrzyma\u0107. Dzi\u015b wszyscy liczyli\u015bmy na wi\u0119cej, ale to si\u0119 nie uda\u0142o. Teraz czas na wygrywanie.<\/span><\/p>\n","protected":false},"excerpt":{"rendered":"<p>Po meczu odby\u0142a sie konferencja prasowa, na kt\u00f3rej trenerzy skomentowali mecz:\u00a0 Trener Piotr Klepczarek: Dla nas wynik jest rozczarowaniem. Wiedzieli\u015bmy,&#8230;<\/p>\n","protected":false},"author":36,"featured_media":41405,"comment_status":"closed","ping_status":"closed","sticky":false,"template":"","format":"standard","meta":{"om_disable_all_campaigns":false,"inline_featured_image":false,"footnotes":"","_links_to":"","_links_to_target":""},"categories":[1],"tags":[],"aioseo_notices":[],"_links":{"self":[{"href":"https:\/\/wartapoznan.pl\/index.php\/wp-json\/wp\/v2\/posts\/41402"}],"collection":[{"href":"https:\/\/wartapoznan.pl\/index.php\/wp-json\/wp\/v2\/posts"}],"about":[{"href":"https:\/\/wartapoznan.pl\/index.php\/wp-json\/wp\/v2\/types\/post"}],"author":[{"embeddable":true,"href":"https:\/\/wartapoznan.pl\/index.php\/wp-json\/wp\/v2\/users\/36"}],"replies":[{"embeddable":true,"href":"https:\/\/wartapoznan.pl\/index.php\/wp-json\/wp\/v2\/comments?post=41402"}],"version-history":[{"count":1,"href":"https:\/\/wartapoznan.pl\/index.php\/wp-json\/wp\/v2\/posts\/41402\/revisions"}],"predecessor-version":[{"id":41409,"href":"https:\/\/wartapoznan.pl\/index.php\/wp-json\/wp\/v2\/posts\/41402\/revisions\/41409"}],"wp:featuredmedia":[{"embeddable":true,"href":"https:\/\/wartapoznan.pl\/index.php\/wp-json\/wp\/v2\/media\/41405"}],"wp:attachment":[{"href":"https:\/\/wartapoznan.pl\/index.php\/wp-json\/wp\/v2\/media?parent=41402"}],"wp:term":[{"taxonomy":"category","embeddable":true,"href":"https:\/\/wartapoznan.pl\/index.php\/wp-json\/wp\/v2\/categories?post=41402"},{"taxonomy":"post_tag","embeddable":true,"href":"https:\/\/wartapoznan.pl\/index.php\/wp-json\/wp\/v2\/tags?post=41402"}],"curies":[{"name":"wp","href":"https:\/\/api.w.org\/{rel}","templated":true}]}}