{"id":41418,"date":"2025-02-26T10:00:58","date_gmt":"2025-02-26T09:00:58","guid":{"rendered":"https:\/\/wartapoznan.pl\/?p=41418"},"modified":"2025-02-26T10:26:02","modified_gmt":"2025-02-26T09:26:02","slug":"filip-jakubowski-zostal-wypozyczony-z-warty-poznan-do-zaglebia-ii-lubin","status":"publish","type":"post","link":"https:\/\/wartapoznan.pl\/index.php\/2025\/02\/26\/filip-jakubowski-zostal-wypozyczony-z-warty-poznan-do-zaglebia-ii-lubin\/","title":{"rendered":"Filip Jakubowski zosta\u0142 wypo\u017cyczony z Warty Pozna\u0144 do Zag\u0142\u0119bia II Lubin."},"content":{"rendered":"<p><span style=\"font-weight: 400;\">Umowa przewiduje wypo\u017cyczenie do ko\u0144ca sezonu z opcj\u0105 transferu definitywnego.\u00a0<\/span><\/p>\n<p><span style=\"font-weight: 400;\">20 letni \u015brodkowy obro\u0144ca jest wychowankiem Warty Pozna\u0144. W tym sezonie w barwach Warty pojawi\u0142 si\u0119 na boisku 2 razy. <\/span><\/p>\n","protected":false},"excerpt":{"rendered":"<p>Umowa przewiduje wypo\u017cyczenie do ko\u0144ca sezonu z opcj\u0105 transferu definitywnego.\u00a0 20 letni \u015brodkowy obro\u0144ca jest wychowankiem Warty Pozna\u0144. W tym&#8230;<\/p>\n","protected":false},"author":36,"featured_media":41421,"comment_status":"closed","ping_status":"closed","sticky":false,"template":"","format":"standard","meta":{"om_disable_all_campaigns":false,"inline_featured_image":false,"footnotes":"","_links_to":"","_links_to_target":""},"categories":[94,356,100,165,1],"tags":[],"aioseo_notices":[],"_links":{"self":[{"href":"https:\/\/wartapoznan.pl\/index.php\/wp-json\/wp\/v2\/posts\/41418"}],"collection":[{"href":"https:\/\/wartapoznan.pl\/index.php\/wp-json\/wp\/v2\/posts"}],"about":[{"href":"https:\/\/wartapoznan.pl\/index.php\/wp-json\/wp\/v2\/types\/post"}],"author":[{"embeddable":true,"href":"https:\/\/wartapoznan.pl\/index.php\/wp-json\/wp\/v2\/users\/36"}],"replies":[{"embeddable":true,"href":"https:\/\/wartapoznan.pl\/index.php\/wp-json\/wp\/v2\/comments?post=41418"}],"version-history":[{"count":3,"href":"https:\/\/wartapoznan.pl\/index.php\/wp-json\/wp\/v2\/posts\/41418\/revisions"}],"predecessor-version":[{"id":41431,"href":"https:\/\/wartapoznan.pl\/index.php\/wp-json\/wp\/v2\/posts\/41418\/revisions\/41431"}],"wp:featuredmedia":[{"embeddable":true,"href":"https:\/\/wartapoznan.pl\/index.php\/wp-json\/wp\/v2\/media\/41421"}],"wp:attachment":[{"href":"https:\/\/wartapoznan.pl\/index.php\/wp-json\/wp\/v2\/media?parent=41418"}],"wp:term":[{"taxonomy":"category","embeddable":true,"href":"https:\/\/wartapoznan.pl\/index.php\/wp-json\/wp\/v2\/categories?post=41418"},{"taxonomy":"post_tag","embeddable":true,"href":"https:\/\/wartapoznan.pl\/index.php\/wp-json\/wp\/v2\/tags?post=41418"}],"curies":[{"name":"wp","href":"https:\/\/api.w.org\/{rel}","templated":true}]}}