{"id":41425,"date":"2025-02-25T17:06:27","date_gmt":"2025-02-25T16:06:27","guid":{"rendered":"https:\/\/wartapoznan.pl\/?p=41425"},"modified":"2025-02-25T16:39:59","modified_gmt":"2025-02-25T15:39:59","slug":"pilkarz-evertonu-dolacza-do-warty-poznan","status":"publish","type":"post","link":"https:\/\/wartapoznan.pl\/index.php\/2025\/02\/25\/pilkarz-evertonu-dolacza-do-warty-poznan\/","title":{"rendered":"Pi\u0142karz Evertonu do\u0142\u0105cza do Warty Pozna\u0144"},"content":{"rendered":"<p><strong>Sekcja Amp Futbolu Warty Pozna\u0144 pozyska\u0142a cenne wzmocnienie. Do dru\u017cyny do\u0142\u0105czy\u0142 Liam Brittles, reprezentant Anglii. Kontrakt obowi\u0105zywa\u0107 b\u0119dzie minimum do 2026 roku.<\/strong><\/p>\n<p><span style=\"font-weight: 400;\">Liam Brittles ma 23 lata i na co dzie\u0144 mieszka w Londynie. Co ciekawe, b\u0119dzie \u0142\u0105czy\u0142 gr\u0119 w Warcie z reprezentowaniem barw brytyjskiego Evertonu, na co pozwalaj\u0105 przepisy rozgrywek amp futbolowych. Nowy zawodnik Zielonych najlepiej czuje si\u0119 na pozycji pomocnika i obro\u0144cy.<\/span><\/p>\n<p><span style=\"font-weight: 400;\"><em>Liam to m\u0142ody i perspektywiczny zawodnik, kt\u00f3ry wraca do amp futbolu. Cechuje go bardzo du\u017ce zaanga\u017cowanie i profesjonalizm, dzi\u0119ki czemu pozytywnie wp\u0142ynie na naszych nowych oraz m\u0142odych zawodnik\u00f3w, zwi\u0119kszaj\u0105c poziom jako\u015bci na treningach. Bardzo cieszymy si\u0119, \u017ce taki zawodnik mo\u017ce reprezentowa\u0107 Zielone barwy, wpisuj\u0105c si\u0119 w obecne wymagania naszej sekcji<\/em> \u2013 ocenia kierownik sekcji Amp Futbolu Warty Pozna\u0144, Kacper Pyto.<\/span><\/p>\n<p>Z<em>acza\u0328\u0142em obserwowa\u0107 druz\u0307yne\u0328 w mediach spo\u0142ecznos\u0301ciowych pod koniec 2022 roku i od tamtej pory bacznie s\u0301ledzi\u0142em profesjonalizm klubu oraz jego popularnos\u0301c\u0301. Chcia\u0142em tez\u0307 sprawdzic\u0301 sie\u0328 w nowym kraju i dzie\u0328ki temu byc\u0301 wartos\u0301cia\u0328 dodana\u0328 dla druz\u0307yny w kaz\u0307dy moz\u0307liwy sposo\u0301b<\/em> &#8211; m\u00f3wi nowy pi\u0142karz Warty<\/p>\n<p><span style=\"font-weight: 400;\">Brytyjczyk to czwarty cudzoziemiec w kadrze Warty Pozna\u0144. Opr\u00f3cz niego w dru\u017cynie jest jeszcze jeden Brytyjczyk, Niemiec oraz Maroka\u0144czyk.<\/span><\/p>\n<p><span style=\"font-weight: 400;\">Tegoroczne rozgrywki PZU Amp Futbol Ekstraklasy rozpoczn\u0105 si\u0119 turniejem w Poznaniu w dniach 22\u201323 marca. W tym sezonie rywalizowa\u0107 b\u0119d\u0105 nast\u0119puj\u0105ce dru\u017cyny:<\/span><\/p>\n<ul>\n<li style=\"font-weight: 400;\" aria-level=\"1\"><span style=\"font-weight: 400;\">Warta Pozna\u0144<\/span><\/li>\n<li style=\"font-weight: 400;\" aria-level=\"1\"><span style=\"font-weight: 400;\">Wis\u0142a Krak\u00f3w<\/span><\/li>\n<li style=\"font-weight: 400;\" aria-level=\"1\"><span style=\"font-weight: 400;\">\u015al\u0105sk Wroc\u0142aw<\/span><\/li>\n<li style=\"font-weight: 400;\" aria-level=\"1\"><span style=\"font-weight: 400;\">Rekord Bielsko-Bia\u0142a<\/span><\/li>\n<li style=\"font-weight: 400;\" aria-level=\"1\"><span style=\"font-weight: 400;\">Zawisza Bydgoszcz<\/span><\/li>\n<li style=\"font-weight: 400;\" aria-level=\"1\"><span style=\"font-weight: 400;\">Stal Rzesz\u00f3w<\/span><\/li>\n<li style=\"font-weight: 400;\" aria-level=\"1\"><span style=\"font-weight: 400;\">Pokrowa Lw\u00f3w<\/span><\/li>\n<li style=\"font-weight: 400;\" aria-level=\"1\"><span style=\"font-weight: 400;\">Legia Warszawa<\/span><\/li>\n<\/ul>\n","protected":false},"excerpt":{"rendered":"<p>Sekcja Amp Futbolu Warty Pozna\u0144 pozyska\u0142a cenne wzmocnienie. Do dru\u017cyny do\u0142\u0105czy\u0142 Liam Brittles, reprezentant Anglii. Kontrakt obowi\u0105zywa\u0107 b\u0119dzie minimum do&#8230;<\/p>\n","protected":false},"author":36,"featured_media":41426,"comment_status":"closed","ping_status":"closed","sticky":false,"template":"","format":"standard","meta":{"om_disable_all_campaigns":false,"inline_featured_image":false,"footnotes":"","_links_to":"","_links_to_target":""},"categories":[94,184,165,1],"tags":[],"aioseo_notices":[],"_links":{"self":[{"href":"https:\/\/wartapoznan.pl\/index.php\/wp-json\/wp\/v2\/posts\/41425"}],"collection":[{"href":"https:\/\/wartapoznan.pl\/index.php\/wp-json\/wp\/v2\/posts"}],"about":[{"href":"https:\/\/wartapoznan.pl\/index.php\/wp-json\/wp\/v2\/types\/post"}],"author":[{"embeddable":true,"href":"https:\/\/wartapoznan.pl\/index.php\/wp-json\/wp\/v2\/users\/36"}],"replies":[{"embeddable":true,"href":"https:\/\/wartapoznan.pl\/index.php\/wp-json\/wp\/v2\/comments?post=41425"}],"version-history":[{"count":3,"href":"https:\/\/wartapoznan.pl\/index.php\/wp-json\/wp\/v2\/posts\/41425\/revisions"}],"predecessor-version":[{"id":41430,"href":"https:\/\/wartapoznan.pl\/index.php\/wp-json\/wp\/v2\/posts\/41425\/revisions\/41430"}],"wp:featuredmedia":[{"embeddable":true,"href":"https:\/\/wartapoznan.pl\/index.php\/wp-json\/wp\/v2\/media\/41426"}],"wp:attachment":[{"href":"https:\/\/wartapoznan.pl\/index.php\/wp-json\/wp\/v2\/media?parent=41425"}],"wp:term":[{"taxonomy":"category","embeddable":true,"href":"https:\/\/wartapoznan.pl\/index.php\/wp-json\/wp\/v2\/categories?post=41425"},{"taxonomy":"post_tag","embeddable":true,"href":"https:\/\/wartapoznan.pl\/index.php\/wp-json\/wp\/v2\/tags?post=41425"}],"curies":[{"name":"wp","href":"https:\/\/api.w.org\/{rel}","templated":true}]}}