{"id":41716,"date":"2025-04-05T23:55:08","date_gmt":"2025-04-05T21:55:08","guid":{"rendered":"https:\/\/wartapoznan.pl\/?p=41716"},"modified":"2025-04-05T23:55:08","modified_gmt":"2025-04-05T21:55:08","slug":"przegrywamy-z-wisla-krakow-10-po-walce-do-ostatniej-minuty","status":"publish","type":"post","link":"https:\/\/wartapoznan.pl\/index.php\/2025\/04\/05\/przegrywamy-z-wisla-krakow-10-po-walce-do-ostatniej-minuty\/","title":{"rendered":"Przegrywamy z Wis\u0142\u0105 Krak\u00f3w 1:0 po walce do ostatniej minuty."},"content":{"rendered":"<p><strong>Wis\u0142a by\u0142a uwa\u017cana za bezdyskusyjnego faworyta tego spotkania, jednak mo\u017cna przypuszcza\u0107, \u017ce wielu kibic\u00f3w po meczu mog\u0142o by\u0107 zaskoczonych tym, \u017ce zdobycie 3 punkt\u00f3w przyjdzie jej a\u017c tak trudno. Warta rozegra\u0142a jedno z lepszych spotka\u0144 w tym sezonie i mimo pora\u017cki 1:0, zawodnicy Zielonych mieli prawo zej\u015b\u0107 z boiska z podniesionymi g\u0142owami. <\/strong><\/p>\n<p>Ju\u017c zestawieniem wyj\u015bciowej jedenastki trener Tarasiewicz da\u0142 wyra\u017any sygna\u0142, \u017ce w tym meczu nie zamierza kalkulowa\u0107 i chowa\u0107 si\u0119 za podw\u00f3jn\u0105 gard\u0105. W obronie od pierwszej minuty zagrali 4 obro\u0144cy: Kie\u0142b, Markov, Przyby\u0142ko i Szeliga. W linii pomocy pojawili si\u0119 Kopczy\u0144ski i Shibata, a przed nimi Rajsel, Dzrazga i Michalski. Rol\u0119 wysuni\u0119tego napastnika pe\u0142ni\u0142 Maciej Firlej. Miedzy s\u0142upkami stan\u0105\u0142 Daniel Kajzer.<\/p>\n<p><img loading=\"lazy\" decoding=\"async\" width=\"2560\" height=\"1708\" class=\"alignnone size-full wp-image-41719\" src=\"https:\/\/wartapoznan.pl\/wp-content\/uploads\/2025\/04\/relacja1-3-scaled.jpg\" alt=\"\" srcset=\"https:\/\/wartapoznan.pl\/wp-content\/uploads\/2025\/04\/relacja1-3-scaled.jpg 2560w, https:\/\/wartapoznan.pl\/wp-content\/uploads\/2025\/04\/relacja1-3-1536x1025.jpg 1536w, https:\/\/wartapoznan.pl\/wp-content\/uploads\/2025\/04\/relacja1-3-2048x1366.jpg 2048w, https:\/\/wartapoznan.pl\/wp-content\/uploads\/2025\/04\/relacja1-3-300x200.jpg 300w, https:\/\/wartapoznan.pl\/wp-content\/uploads\/2025\/04\/relacja1-3-128x85.jpg 128w, https:\/\/wartapoznan.pl\/wp-content\/uploads\/2025\/04\/relacja1-3-32x21.jpg 32w\" sizes=\"(max-width: 2560px) 100vw, 2560px\" \/><\/p>\n<p>Od pocz\u0105tku obie dru\u017cyny narzuci\u0142y intensywne tempo. Trzeba przyzna\u0107, \u017ce w dru\u017cynie Zielonych w pierwszych minutach sporo by\u0142o nerwowo\u015bci. Pi\u0142karze Warty wydawali si\u0119 \u201eelektryczni\u201d. Ich poczynania cechowa\u0142a waleczno\u015b\u0107, ale tak\u017ce brak dok\u0142adno\u015bci. Ta sytuacja trwa\u0142a jednak kwadrans, a potem z ka\u017cd\u0105 kolejn\u0105 minut\u0105 Zieloni zacz\u0119li nabiera\u0107 pewno\u015bci siebie. W 25. minucie po \u015bwietnym dograniu najpierw Kopczy\u0144skiego, a potem Firleja, w doskona\u0142ej sytuacji by\u0142 Rajsel, ale strzela\u0142 za s\u0142abo. Trzy minuty p\u00f3\u017aniej efektywnym szczupakiem uderza\u0107 pr\u00f3bowa\u0142 Drzazga. Po p\u00f3\u0142 godziny meczu mo\u017cna by\u0142o powiedzie\u0107, \u017ce to raczej Wis\u0142a si\u0119 broni, a Warta przewa\u017ca. Nieliczne kontry Bia\u0142ej Gwiazdy by\u0142y jednak gro\u017ane. W ka\u017cdej jednak na posterunku byli obro\u0144cy Warty i bardzo uwa\u017cny Daniel Kajzer. W 37. minucie Zieloni przeprowadzili kolejny rajd. Sprintem obro\u0144c\u00f3w wyprzedzi\u0142 Drzazga, dogrywa\u0142 do Firleja, ale ten o milimetry pomyli\u0142 si\u0119, przegrywaj\u0105c pojedynek 1:1 z bramkarzem Wis\u0142y.<\/p>\n<p>Mimo braku bramek gra Warty mog\u0142a podoba\u0107 si\u0119 zgromadzonym w Grodzisku kibicom. Po raz pierwszy od wielu tygodni raz po raz z trybun dochodzi\u0142y burzliwe oklaski, nagradzaj\u0105ce Zielonych za kolejne dobre zagranie albo ofiarn\u0105 interwencje w obronie. Emocje udzieli\u0142y si\u0119 te\u017c sztabowi. Spokojny zwykle na treningach i konferencjach prasowych trener Tarasiewicz tym razem \u017cywio\u0142owo reagowa\u0142 na ka\u017cde zagranie swoich zawodnik\u00f3w.<\/p>\n<p><img loading=\"lazy\" decoding=\"async\" width=\"2560\" height=\"1708\" class=\"alignnone size-full wp-image-41721\" src=\"https:\/\/wartapoznan.pl\/wp-content\/uploads\/2025\/04\/relacja2-1-scaled.jpg\" alt=\"\" srcset=\"https:\/\/wartapoznan.pl\/wp-content\/uploads\/2025\/04\/relacja2-1-scaled.jpg 2560w, https:\/\/wartapoznan.pl\/wp-content\/uploads\/2025\/04\/relacja2-1-1536x1025.jpg 1536w, https:\/\/wartapoznan.pl\/wp-content\/uploads\/2025\/04\/relacja2-1-2048x1366.jpg 2048w, https:\/\/wartapoznan.pl\/wp-content\/uploads\/2025\/04\/relacja2-1-300x200.jpg 300w, https:\/\/wartapoznan.pl\/wp-content\/uploads\/2025\/04\/relacja2-1-128x85.jpg 128w, https:\/\/wartapoznan.pl\/wp-content\/uploads\/2025\/04\/relacja2-1-32x21.jpg 32w\" sizes=\"(max-width: 2560px) 100vw, 2560px\" \/><\/p>\n<p>Do drugiej po\u0142owy Warta przyst\u0105pi\u0142a z jedn\u0105 zmian\u0105. Graj\u0105cego z \u017c\u00f3\u0142t\u0105 kartk\u0105 Jakuba Kie\u0142ba zmieni\u0142 Bartkowski. W szatni Bia\u0142ej Gwiazdy w przerwie musia\u0142o pa\u015b\u0107 kilka mocnych s\u0142\u00f3w, bo na drug\u0105 po\u0142ow\u0119 Wi\u015blacy wyszli bardziej skoncentrowani i zdeterminowani. To op\u0142aci\u0142o si\u0119 ostatecznie w 57. minucie. Strza\u0142em z dystansu Daniela Kajzera pokona\u0142 Rafa\u0142 Mikulec. Bramkarz Warty nie mia\u0142 przy tym uderzeniu zbyt wiele do powiedzenia. Po straconym golu Warcie nie opad\u0142y jednak skrzyd\u0142a. Kilka minut p\u00f3\u017aniej strza\u0142em z dystansu stara\u0142 si\u0119 zrewan\u017cowa\u0107 Michalski, jednak pi\u0142ka o centymetry przelecia\u0142a nad poprzeczk\u0105 bramki pilnowanej przez Patryka Letkiewicza. Do ko\u0144ca spotkania Warta stara\u0142a si\u0119 agresywnie atakowa\u0107 i walczy\u0107 o korzystny rezultat. Efektownym golem mog\u0142a si\u0119 sko\u0144czy\u0107 pr\u00f3ba przelobowania bramkarza go\u015bci przez Drzazg\u0119, kt\u00f3ry dostrzeg\u0142, \u017ce Patryk Letkiewicz zbyt daleko wyszed\u0142 przed swoj\u0105 bramk\u0119 \u2013 niestety ponownie milimetry uratowa\u0142y Wis\u0142\u0119. W 87. minucie w polu karnym upad\u0142 Bartkowski. Kibice domagali si\u0119 rzutu karnego, jednak arbiter nie dostrzeg\u0142 w zagraniu Urygi przewinienia. Na boisku pojawili si\u0119 jeszcze Jurii Tkaczuk, Maciej \u017burawski, Damian G\u0105ska i Micha\u0142 Feliks, ale ich wej\u015bcie nie odmieni\u0142o ju\u017c los\u00f3w spotkania.<\/p>\n<p>Mecz ostatecznie sko\u0144czy\u0142 si\u0119 wynikiem 1:0 dla Wis\u0142y i przybli\u017cy\u0142 Bia\u0142\u0105 Gwiazd\u0119 do upragnionego celu: walki o awans do Ekstraklasy. Dla Warty to gorzka pora\u017cka, poniewa\u017c by\u0142 to mecz pe\u0142en walki, determinacji i po\u015bwi\u0119cenia \u2013 by\u0107 mo\u017ce najlepszy, jaki w tym sezonie ogl\u0105dali\u015bmy na stadionie w Grodzisku. Mimo \u017ce nadal martwi brak bramek, dzi\u015b pojawi\u0142o sie kilak naprawd\u0119 dogodnych sytuacji. Niestety, licz\u0105 si\u0119 punkty, a tych Warta nie zdoby\u0142a i nadal trwa walka o utrzymanie w 1 Lidze. Kolejny mecz we wtorek, 8 kwietnia z Ark\u0105 w Gdyni.<\/p>\n","protected":false},"excerpt":{"rendered":"<p>Wis\u0142a by\u0142a uwa\u017cana za bezdyskusyjnego faworyta tego spotkania, jednak mo\u017cna przypuszcza\u0107, \u017ce wielu kibic\u00f3w po meczu mog\u0142o by\u0107 zaskoczonych tym,&#8230;<\/p>\n","protected":false},"author":36,"featured_media":41717,"comment_status":"closed","ping_status":"closed","sticky":false,"template":"","format":"standard","meta":{"om_disable_all_campaigns":false,"inline_featured_image":false,"footnotes":"","_links_to":"","_links_to_target":""},"categories":[94,356,100,1],"tags":[],"aioseo_notices":[],"_links":{"self":[{"href":"https:\/\/wartapoznan.pl\/index.php\/wp-json\/wp\/v2\/posts\/41716"}],"collection":[{"href":"https:\/\/wartapoznan.pl\/index.php\/wp-json\/wp\/v2\/posts"}],"about":[{"href":"https:\/\/wartapoznan.pl\/index.php\/wp-json\/wp\/v2\/types\/post"}],"author":[{"embeddable":true,"href":"https:\/\/wartapoznan.pl\/index.php\/wp-json\/wp\/v2\/users\/36"}],"replies":[{"embeddable":true,"href":"https:\/\/wartapoznan.pl\/index.php\/wp-json\/wp\/v2\/comments?post=41716"}],"version-history":[{"count":2,"href":"https:\/\/wartapoznan.pl\/index.php\/wp-json\/wp\/v2\/posts\/41716\/revisions"}],"predecessor-version":[{"id":41724,"href":"https:\/\/wartapoznan.pl\/index.php\/wp-json\/wp\/v2\/posts\/41716\/revisions\/41724"}],"wp:featuredmedia":[{"embeddable":true,"href":"https:\/\/wartapoznan.pl\/index.php\/wp-json\/wp\/v2\/media\/41717"}],"wp:attachment":[{"href":"https:\/\/wartapoznan.pl\/index.php\/wp-json\/wp\/v2\/media?parent=41716"}],"wp:term":[{"taxonomy":"category","embeddable":true,"href":"https:\/\/wartapoznan.pl\/index.php\/wp-json\/wp\/v2\/categories?post=41716"},{"taxonomy":"post_tag","embeddable":true,"href":"https:\/\/wartapoznan.pl\/index.php\/wp-json\/wp\/v2\/tags?post=41716"}],"curies":[{"name":"wp","href":"https:\/\/api.w.org\/{rel}","templated":true}]}}