{"id":42069,"date":"2025-05-14T14:04:23","date_gmt":"2025-05-14T12:04:23","guid":{"rendered":"https:\/\/wartapoznan.pl\/?p=42069"},"modified":"2025-05-14T15:09:47","modified_gmt":"2025-05-14T13:09:47","slug":"pilkarki-sekcji-ampfutbolowej-warty-z-powolaniem-do-kadry-narodowej","status":"publish","type":"post","link":"https:\/\/wartapoznan.pl\/index.php\/2025\/05\/14\/pilkarki-sekcji-ampfutbolowej-warty-z-powolaniem-do-kadry-narodowej\/","title":{"rendered":"Pi\u0142karki sekcji ampfutbolowej Warty z powo\u0142aniem do kadry narodowej."},"content":{"rendered":"<p class=\"\" data-start=\"55\" data-end=\"202\"><strong>Pi\u0142karki sekcji amp futbolowej Warty Pozna\u0144 zosta\u0142y powo\u0142ane na zgrupowanie reprezentacji Polski, kt\u00f3re odb\u0119dzie si\u0119 w najbli\u017cszy weekend w D\u0119bicy.<\/strong><\/p>\n<p class=\"\" data-start=\"204\" data-end=\"612\">Do kadry na zgrupowanie powo\u0142ane zosta\u0142y bramkarka Mirella Rozmiarek oraz zawodniczki z pola: Daria Majkowska, Marta Oblas oraz Jagoda Che\u0142miniak. Dla dw\u00f3ch pierwszych jest to ju\u017c kolejna przygoda z kadr\u0105 \u2013 obydwie zawodniczki s\u0105 medalistkami zesz\u0142orocznych Mistrzostw \u015awiata w Kolumbii, na kt\u00f3rych Polska zaj\u0119\u0142a 3. miejsce. Jagoda Che\u0142miniak to debiutantka w kadrze, kt\u00f3ra w tym roku do\u0142\u0105czy\u0142a do Zielonych.<\/p>\n<p class=\"\" data-start=\"614\" data-end=\"949\">Najbli\u017cszym wyzwaniem dla kadry Polski b\u0119dzie Amp Futbol Cup \u2013 turniej towarzyski, w kt\u00f3rym kadra zmierzy si\u0119 z Ukrain\u0105 i Angli\u0105. Zostanie rozegrany w dniach 28\u201329 czerwca w Warszawie. Trenerem kadry jest Ola Zubrzycka \u2013 by\u0142a pi\u0142karka m.in. Heliosu Bia\u0142ystok, Piastovii Piast\u00f3w, AP Lotos Gda\u0144sk (dzi\u015b AP Orlen Gda\u0144sk) i Marcusa Gdynia.<\/p>\n<p data-start=\"614\" data-end=\"949\"><img loading=\"lazy\" decoding=\"async\" width=\"1600\" height=\"1066\" class=\"alignnone size-full wp-image-42076\" src=\"https:\/\/wartapoznan.pl\/wp-content\/uploads\/2025\/05\/Zdjecie-WhatsApp-2025-05-14-o-14.07.34_0c1bdb96.jpg\" alt=\"\" srcset=\"https:\/\/wartapoznan.pl\/wp-content\/uploads\/2025\/05\/Zdjecie-WhatsApp-2025-05-14-o-14.07.34_0c1bdb96.jpg 1600w, https:\/\/wartapoznan.pl\/wp-content\/uploads\/2025\/05\/Zdjecie-WhatsApp-2025-05-14-o-14.07.34_0c1bdb96-1536x1023.jpg 1536w, https:\/\/wartapoznan.pl\/wp-content\/uploads\/2025\/05\/Zdjecie-WhatsApp-2025-05-14-o-14.07.34_0c1bdb96-300x200.jpg 300w, https:\/\/wartapoznan.pl\/wp-content\/uploads\/2025\/05\/Zdjecie-WhatsApp-2025-05-14-o-14.07.34_0c1bdb96-128x85.jpg 128w, https:\/\/wartapoznan.pl\/wp-content\/uploads\/2025\/05\/Zdjecie-WhatsApp-2025-05-14-o-14.07.34_0c1bdb96-32x21.jpg 32w\" sizes=\"(max-width: 1600px) 100vw, 1600px\" \/><\/p>\n<p data-start=\"614\" data-end=\"949\">Mirella Rozmiarek<\/p>\n<p data-start=\"614\" data-end=\"949\"><img loading=\"lazy\" decoding=\"async\" width=\"1600\" height=\"1066\" class=\"alignnone size-full wp-image-42078\" src=\"https:\/\/wartapoznan.pl\/wp-content\/uploads\/2025\/05\/Zdjecie-WhatsApp-2025-05-14-o-14.10.20_cffe7e62.jpg\" alt=\"\" srcset=\"https:\/\/wartapoznan.pl\/wp-content\/uploads\/2025\/05\/Zdjecie-WhatsApp-2025-05-14-o-14.10.20_cffe7e62.jpg 1600w, https:\/\/wartapoznan.pl\/wp-content\/uploads\/2025\/05\/Zdjecie-WhatsApp-2025-05-14-o-14.10.20_cffe7e62-1536x1023.jpg 1536w, https:\/\/wartapoznan.pl\/wp-content\/uploads\/2025\/05\/Zdjecie-WhatsApp-2025-05-14-o-14.10.20_cffe7e62-300x200.jpg 300w, https:\/\/wartapoznan.pl\/wp-content\/uploads\/2025\/05\/Zdjecie-WhatsApp-2025-05-14-o-14.10.20_cffe7e62-128x85.jpg 128w, https:\/\/wartapoznan.pl\/wp-content\/uploads\/2025\/05\/Zdjecie-WhatsApp-2025-05-14-o-14.10.20_cffe7e62-32x21.jpg 32w\" sizes=\"(max-width: 1600px) 100vw, 1600px\" \/><\/p>\n<p data-start=\"614\" data-end=\"949\">Daria Majkowska<\/p>\n<p data-start=\"614\" data-end=\"949\"><img loading=\"lazy\" decoding=\"async\" width=\"1600\" height=\"1066\" class=\"alignnone size-full wp-image-42080\" src=\"https:\/\/wartapoznan.pl\/wp-content\/uploads\/2025\/05\/Zdjecie-WhatsApp-2025-05-14-o-14.08.43_edaa2bdb.jpg\" alt=\"\" srcset=\"https:\/\/wartapoznan.pl\/wp-content\/uploads\/2025\/05\/Zdjecie-WhatsApp-2025-05-14-o-14.08.43_edaa2bdb.jpg 1600w, https:\/\/wartapoznan.pl\/wp-content\/uploads\/2025\/05\/Zdjecie-WhatsApp-2025-05-14-o-14.08.43_edaa2bdb-1536x1023.jpg 1536w, https:\/\/wartapoznan.pl\/wp-content\/uploads\/2025\/05\/Zdjecie-WhatsApp-2025-05-14-o-14.08.43_edaa2bdb-300x200.jpg 300w, https:\/\/wartapoznan.pl\/wp-content\/uploads\/2025\/05\/Zdjecie-WhatsApp-2025-05-14-o-14.08.43_edaa2bdb-128x85.jpg 128w, https:\/\/wartapoznan.pl\/wp-content\/uploads\/2025\/05\/Zdjecie-WhatsApp-2025-05-14-o-14.08.43_edaa2bdb-32x21.jpg 32w\" sizes=\"(max-width: 1600px) 100vw, 1600px\" \/><\/p>\n<p data-start=\"614\" data-end=\"949\">Marta Oblas<\/p>\n<p data-start=\"614\" data-end=\"949\"><img loading=\"lazy\" decoding=\"async\" width=\"1500\" height=\"1000\" class=\"alignnone size-full wp-image-42082\" src=\"https:\/\/wartapoznan.pl\/wp-content\/uploads\/2025\/05\/Zdjecie-WhatsApp-2025-05-14-o-14.14.29_ab92721f.jpg\" alt=\"\" srcset=\"https:\/\/wartapoznan.pl\/wp-content\/uploads\/2025\/05\/Zdjecie-WhatsApp-2025-05-14-o-14.14.29_ab92721f.jpg 1500w, https:\/\/wartapoznan.pl\/wp-content\/uploads\/2025\/05\/Zdjecie-WhatsApp-2025-05-14-o-14.14.29_ab92721f-300x200.jpg 300w, https:\/\/wartapoznan.pl\/wp-content\/uploads\/2025\/05\/Zdjecie-WhatsApp-2025-05-14-o-14.14.29_ab92721f-128x85.jpg 128w, https:\/\/wartapoznan.pl\/wp-content\/uploads\/2025\/05\/Zdjecie-WhatsApp-2025-05-14-o-14.14.29_ab92721f-32x21.jpg 32w\" sizes=\"(max-width: 1500px) 100vw, 1500px\" \/><\/p>\n<p data-start=\"614\" data-end=\"949\">Jagoda Che\u0142miniak<\/p>\n<p data-start=\"614\" data-end=\"949\">fot g\u0142\u00f3wna. Tomasz Stefanik<\/p>\n","protected":false},"excerpt":{"rendered":"<p>Pi\u0142karki sekcji amp futbolowej Warty Pozna\u0144 zosta\u0142y powo\u0142ane na zgrupowanie reprezentacji Polski, kt\u00f3re odb\u0119dzie si\u0119 w najbli\u017cszy weekend w D\u0119bicy&#8230;.<\/p>\n","protected":false},"author":36,"featured_media":42070,"comment_status":"closed","ping_status":"closed","sticky":false,"template":"","format":"standard","meta":{"om_disable_all_campaigns":false,"inline_featured_image":false,"footnotes":"","_links_to":"","_links_to_target":""},"categories":[273,94,184,316],"tags":[],"aioseo_notices":[],"_links":{"self":[{"href":"https:\/\/wartapoznan.pl\/index.php\/wp-json\/wp\/v2\/posts\/42069"}],"collection":[{"href":"https:\/\/wartapoznan.pl\/index.php\/wp-json\/wp\/v2\/posts"}],"about":[{"href":"https:\/\/wartapoznan.pl\/index.php\/wp-json\/wp\/v2\/types\/post"}],"author":[{"embeddable":true,"href":"https:\/\/wartapoznan.pl\/index.php\/wp-json\/wp\/v2\/users\/36"}],"replies":[{"embeddable":true,"href":"https:\/\/wartapoznan.pl\/index.php\/wp-json\/wp\/v2\/comments?post=42069"}],"version-history":[{"count":5,"href":"https:\/\/wartapoznan.pl\/index.php\/wp-json\/wp\/v2\/posts\/42069\/revisions"}],"predecessor-version":[{"id":42084,"href":"https:\/\/wartapoznan.pl\/index.php\/wp-json\/wp\/v2\/posts\/42069\/revisions\/42084"}],"wp:featuredmedia":[{"embeddable":true,"href":"https:\/\/wartapoznan.pl\/index.php\/wp-json\/wp\/v2\/media\/42070"}],"wp:attachment":[{"href":"https:\/\/wartapoznan.pl\/index.php\/wp-json\/wp\/v2\/media?parent=42069"}],"wp:term":[{"taxonomy":"category","embeddable":true,"href":"https:\/\/wartapoznan.pl\/index.php\/wp-json\/wp\/v2\/categories?post=42069"},{"taxonomy":"post_tag","embeddable":true,"href":"https:\/\/wartapoznan.pl\/index.php\/wp-json\/wp\/v2\/tags?post=42069"}],"curies":[{"name":"wp","href":"https:\/\/api.w.org\/{rel}","templated":true}]}}