{"id":42452,"date":"2025-07-18T13:10:02","date_gmt":"2025-07-18T11:10:02","guid":{"rendered":"https:\/\/wartapoznan.pl\/?p=42452"},"modified":"2025-07-18T13:10:02","modified_gmt":"2025-07-18T11:10:02","slug":"ostatni-sparing-przed-startem-sezonu","status":"publish","type":"post","link":"https:\/\/wartapoznan.pl\/index.php\/2025\/07\/18\/ostatni-sparing-przed-startem-sezonu\/","title":{"rendered":"Ostatni sparing przed startem sezonu"},"content":{"rendered":"<p><strong>W sobot\u0119, 19 lipca, Warta Pozna\u0144 rozegra ostatni mecz kontrolny przed rozpocz\u0119ciem sezonu rozgrywek pi\u0142karskiej 2. Ligi. Rywalem Warty b\u0119dzie dru\u017cyna G\u00f3rnika Polkowice.\u00a0<\/strong><\/p>\n<p><span style=\"font-weight: 400;\">Sobotni przeciwnik Zielonych to solidna dru\u017cyna 3-ligowa. Klub w sezonie 2022\/23 wyst\u0119powa\u0142 w 2. lidze, z kt\u00f3rej spad\u0142 na najni\u017cszy poziom rozgrywkowy. W dw\u00f3ch kolejnych sezonach ko\u0144czy\u0142 rozgrywki odpowiednio na 4. i 9. miejscu. Trener Andrzej Sawicki ma do dyspozycji \u2013 podobnie jak Warta \u2013 m\u0142ody sk\u0142ad, wi\u0119c mo\u017cna spodziewa\u0107 si\u0119 dynamicznego i szybkiego meczu.<\/span><\/p>\n<p><span style=\"font-weight: 400;\">Spotkanie zostanie rozegrane przy Drodze D\u0119bi\u0144skiej 12. Dla Warty b\u0119dzie to swego rodzaju \u201crozgrzewka\u201d przed powrotem do Poznania na stadion w \u201cOgr\u00f3dku\u201d, kt\u00f3ry wobec trwaj\u0105cego remontu oraz braku kompletnej infrastruktury nie jest jeszcze w pe\u0142ni gotowy na przyjmowanie widz\u00f3w. Wobec braku zaplecza socjalnego na stadionie, w drodze wyj\u0105tku, go\u015bcie b\u0119d\u0105 mogli skorzysta\u0107 z szatni w budynku POSiR.<\/span><\/p>\n<p><span style=\"font-weight: 400;\">Pocz\u0105tek meczu o godzinie 12:00.<\/span><\/p>\n","protected":false},"excerpt":{"rendered":"<p>W sobot\u0119, 19 lipca, Warta Pozna\u0144 rozegra ostatni mecz kontrolny przed rozpocz\u0119ciem sezonu rozgrywek pi\u0142karskiej 2. Ligi. Rywalem Warty b\u0119dzie&#8230;<\/p>\n","protected":false},"author":36,"featured_media":42453,"comment_status":"closed","ping_status":"closed","sticky":false,"template":"","format":"standard","meta":{"om_disable_all_campaigns":false,"inline_featured_image":false,"footnotes":"","_links_to":"","_links_to_target":""},"categories":[94,100,102,1],"tags":[],"aioseo_notices":[],"_links":{"self":[{"href":"https:\/\/wartapoznan.pl\/index.php\/wp-json\/wp\/v2\/posts\/42452"}],"collection":[{"href":"https:\/\/wartapoznan.pl\/index.php\/wp-json\/wp\/v2\/posts"}],"about":[{"href":"https:\/\/wartapoznan.pl\/index.php\/wp-json\/wp\/v2\/types\/post"}],"author":[{"embeddable":true,"href":"https:\/\/wartapoznan.pl\/index.php\/wp-json\/wp\/v2\/users\/36"}],"replies":[{"embeddable":true,"href":"https:\/\/wartapoznan.pl\/index.php\/wp-json\/wp\/v2\/comments?post=42452"}],"version-history":[{"count":1,"href":"https:\/\/wartapoznan.pl\/index.php\/wp-json\/wp\/v2\/posts\/42452\/revisions"}],"predecessor-version":[{"id":42455,"href":"https:\/\/wartapoznan.pl\/index.php\/wp-json\/wp\/v2\/posts\/42452\/revisions\/42455"}],"wp:featuredmedia":[{"embeddable":true,"href":"https:\/\/wartapoznan.pl\/index.php\/wp-json\/wp\/v2\/media\/42453"}],"wp:attachment":[{"href":"https:\/\/wartapoznan.pl\/index.php\/wp-json\/wp\/v2\/media?parent=42452"}],"wp:term":[{"taxonomy":"category","embeddable":true,"href":"https:\/\/wartapoznan.pl\/index.php\/wp-json\/wp\/v2\/categories?post=42452"},{"taxonomy":"post_tag","embeddable":true,"href":"https:\/\/wartapoznan.pl\/index.php\/wp-json\/wp\/v2\/tags?post=42452"}],"curies":[{"name":"wp","href":"https:\/\/api.w.org\/{rel}","templated":true}]}}