{"id":42456,"date":"2025-07-18T18:09:00","date_gmt":"2025-07-18T16:09:00","guid":{"rendered":"https:\/\/wartapoznan.pl\/?p=42456"},"modified":"2025-07-18T18:09:00","modified_gmt":"2025-07-18T16:09:00","slug":"poznanski-transfer-warty-poznan","status":"publish","type":"post","link":"https:\/\/wartapoznan.pl\/index.php\/2025\/07\/18\/poznanski-transfer-warty-poznan\/","title":{"rendered":"Pozna\u0144ski transfer Warty Pozna\u0144"},"content":{"rendered":"<h3 dir=\"ltr\"><strong>Igor Kornobis, 20-letni obro\u0144ca rezerw Lecha Pozna\u0144, zmienia barwy niebieskie na zielone i do\u0142\u0105cza do Warty Pozna\u0144. Pi\u0142karz podpisa\u0142 kontrakt na jeden rok z mo\u017cliwo\u015bci\u0105 przed\u0142u\u017cenia na kolejny.<\/strong><\/h3>\n<p dir=\"ltr\">Urodzony w Poznaniu Igor Kornobis rozpoczyna\u0142 swoj\u0105 przygod\u0119 z pi\u0142k\u0105 w We\u0142nie Rogo\u017ano, a nast\u0119pnie przeni\u00f3s\u0142 si\u0119 do junior\u00f3w Lecha Pozna\u0144. Po 8 latach wszed\u0142 do sk\u0142adu dru\u017cyny rezerw Kolejorza, w kt\u00f3rej rozegra\u0142 69 spotka\u0144, w kt\u00f3rych strzeli\u0142 7 bramek i zaliczy\u0142 8 asyst. W sezonie 23\/24 zosta\u0142 zg\u0142oszony do sk\u0142adu pierwszej dru\u017cyny, ale nie mia\u0142 okazji zadebiutowa\u0107 w Ekstraklasie.<\/p>\n<p dir=\"ltr\"><img loading=\"lazy\" decoding=\"async\" width=\"2048\" height=\"2560\" class=\"alignnone size-full wp-image-42457\" src=\"https:\/\/wartapoznan.pl\/wp-content\/uploads\/2025\/07\/igor-kornobis-scaled.jpg\" alt=\"\" srcset=\"https:\/\/wartapoznan.pl\/wp-content\/uploads\/2025\/07\/igor-kornobis-scaled.jpg 2048w, https:\/\/wartapoznan.pl\/wp-content\/uploads\/2025\/07\/igor-kornobis-1229x1536.jpg 1229w, https:\/\/wartapoznan.pl\/wp-content\/uploads\/2025\/07\/igor-kornobis-1638x2048.jpg 1638w, https:\/\/wartapoznan.pl\/wp-content\/uploads\/2025\/07\/igor-kornobis-240x300.jpg 240w, https:\/\/wartapoznan.pl\/wp-content\/uploads\/2025\/07\/igor-kornobis-102x128.jpg 102w, https:\/\/wartapoznan.pl\/wp-content\/uploads\/2025\/07\/igor-kornobis-26x32.jpg 26w\" sizes=\"(max-width: 2048px) 100vw, 2048px\" \/><br \/>\nNominaln\u0105 pozycj\u0105 pi\u0142karza jest prawa obrona, mo\u017ce tak\u017ce wyst\u0119powa\u0107 na prawym wahadle. O jego \u201eci\u0105gu\u201d na bramk\u0119 i dynamice przekonali si\u0119 ju\u017c widzowie sparingu Zielonych z Huraganem Pobiedziska, w kt\u00f3rym strzeli\u0142 bramk\u0119 na 2:0.<\/p>\n<h4><strong>Witamy na Wildzie i \u017cyczymy powodzenia!<\/strong><\/h4>\n","protected":false},"excerpt":{"rendered":"<p>Igor Kornobis, 20-letni obro\u0144ca rezerw Lecha Pozna\u0144, zmienia barwy niebieskie na zielone i do\u0142\u0105cza do Warty Pozna\u0144. Pi\u0142karz podpisa\u0142 kontrakt&#8230;<\/p>\n","protected":false},"author":38,"featured_media":42459,"comment_status":"closed","ping_status":"closed","sticky":false,"template":"","format":"standard","meta":{"om_disable_all_campaigns":false,"inline_featured_image":false,"footnotes":"","_links_to":"","_links_to_target":""},"categories":[94,100],"tags":[],"aioseo_notices":[],"_links":{"self":[{"href":"https:\/\/wartapoznan.pl\/index.php\/wp-json\/wp\/v2\/posts\/42456"}],"collection":[{"href":"https:\/\/wartapoznan.pl\/index.php\/wp-json\/wp\/v2\/posts"}],"about":[{"href":"https:\/\/wartapoznan.pl\/index.php\/wp-json\/wp\/v2\/types\/post"}],"author":[{"embeddable":true,"href":"https:\/\/wartapoznan.pl\/index.php\/wp-json\/wp\/v2\/users\/38"}],"replies":[{"embeddable":true,"href":"https:\/\/wartapoznan.pl\/index.php\/wp-json\/wp\/v2\/comments?post=42456"}],"version-history":[{"count":1,"href":"https:\/\/wartapoznan.pl\/index.php\/wp-json\/wp\/v2\/posts\/42456\/revisions"}],"predecessor-version":[{"id":42461,"href":"https:\/\/wartapoznan.pl\/index.php\/wp-json\/wp\/v2\/posts\/42456\/revisions\/42461"}],"wp:featuredmedia":[{"embeddable":true,"href":"https:\/\/wartapoznan.pl\/index.php\/wp-json\/wp\/v2\/media\/42459"}],"wp:attachment":[{"href":"https:\/\/wartapoznan.pl\/index.php\/wp-json\/wp\/v2\/media?parent=42456"}],"wp:term":[{"taxonomy":"category","embeddable":true,"href":"https:\/\/wartapoznan.pl\/index.php\/wp-json\/wp\/v2\/categories?post=42456"},{"taxonomy":"post_tag","embeddable":true,"href":"https:\/\/wartapoznan.pl\/index.php\/wp-json\/wp\/v2\/tags?post=42456"}],"curies":[{"name":"wp","href":"https:\/\/api.w.org\/{rel}","templated":true}]}}