{"id":42472,"date":"2025-07-20T13:36:47","date_gmt":"2025-07-20T11:36:47","guid":{"rendered":"https:\/\/wartapoznan.pl\/?p=42472"},"modified":"2025-07-21T21:17:26","modified_gmt":"2025-07-21T19:17:26","slug":"plan-sparingow-druzyn-mlodziezowych","status":"publish","type":"post","link":"https:\/\/wartapoznan.pl\/index.php\/2025\/07\/20\/plan-sparingow-druzyn-mlodziezowych\/","title":{"rendered":"Plan sparing\u00f3w dru\u017cyn m\u0142odzie\u017cowych"},"content":{"rendered":"<p><strong>Nasze dru\u017cyny m\u0142odzie\u017cowe ju\u017c w zesz\u0142ym tygodniu rozpocz\u0119\u0142y przygotowania do nadchodz\u0105cych rozgrywek w sezonie 2025\/2026, natomiast ju\u017c w najbli\u017cszych dniach odb\u0119d\u0105 si\u0119 pierwsze gry kontrolne.\u00a0<\/strong><\/p>\n<p>Najstarsi zawodnicy Akademii reprezentuj\u0105cy dru\u017cyn\u0119 Junior\u00f3w starszych, z kt\u00f3rych znaczna cz\u0119\u015b\u0107 b\u0119dzie stanowi\u0142a r\u00f3wnie\u017c o sile Warty Pozna\u0144 II, pierwszy sparing rozegra ju\u017c w \u015brod\u0119, a ca\u0142y cykl zwie\u0144czy 1. kolejk\u0105 Red Box 5. Ligi i rywalizacj\u0105 z rezerwami Polonii \u015aroda Wielkopolska oraz spotkaniem 1. kolejki Ligi Wojew\u00f3dzkiej do lat 19.<\/p>\n<p><strong>Plan sparing\u00f3w Warty Pozna\u0144 U-19:<\/strong><\/p>\n<p><em>23.07 godz. 11:00 &#8211; Opalenica &#8211; Gra kontrolna ze \u015al\u0105skiem Wroc\u0142aw U-16\u00a0<\/em><\/p>\n<p><em>25.07 godz. 10:00 &#8211; Opalenica &#8211; Gra kontrolna ze \u015al\u0105skiem Wroc\u0142aw U-17<\/em><\/p>\n<p><em>30.07 godz. 18:00 &#8211; Pobiedziska &#8211; Gra kontrolna z pierwszym zespo\u0142em Huraganu Pobiedziska<\/em><\/p>\n<p><em>02.08 godz. 17:00 &#8211; Mi\u0119dzych\u00f3d &#8211; Gra kontrolna z pierwszym zespo\u0142em Oranienburger FC Eintracht (Niemcy)<\/em><\/p>\n<p>Dru\u017cyna naszych Junior\u00f3w m\u0142odszych, kt\u00f3ra w nadchodz\u0105cym sezonie r\u00f3wnie\u017c b\u0119d\u0105 rywalizowa\u0107 w rozgrywkach Ligi Wojew\u00f3dzkiej na ten moment ma zapewniony jedn\u0105 gr\u0119 sparingow\u0105.<\/p>\n<p><strong>Plan sparingu Warty Pozna\u0144 U-17:<\/strong><\/p>\n<p><em>26.07 godz. 10:00 &#8211; Gosty\u0144 &#8211; Gra kontrolna z Jaguarem Gda\u0144sk<\/em><\/p>\n<p>Zesp\u00f3\u0142 Trampkarzy starszych w nowym sezonie, podobnie jak w poprzednich latach, rywalizowa\u0107 b\u0119dzie w Centralnej Lidze Junior\u00f3w do lat 15. Ponadto od 28.07 do 02.08 dru\u017cyna b\u0119dzie przebywa\u0107 na zgrupowaniu we Wroc\u0142awiu. Natomiast spotkanie 1. kolejki zaplanowane jest ju\u017c na 23.08. Rywalem zespo\u0142u prowadzonego przez Trenera Piotra Mydlikowskiego b\u0119dzie Arka Gdynia.<\/p>\n<p><strong>Plan sparing\u00f3w Warty Pozna\u0144 U-15<\/strong><\/p>\n<p><em>26.07 godz. 10:00 &#8211; Pozna\u0144, ul. Warmi\u0144ska &#8211; Gra kontrolna z Mieszko Gniezno U-16<\/em><\/p>\n<p><em>30.07 godz.10:30 &#8211; Wroc\u0142aw &#8211; Gra kontrolna z FC Wroc\u0142aw U-15<\/em><\/p>\n<p><em>02.08 godz. 12:00 &#8211; Wroc\u0142aw &#8211; Gra kontrolna z Odr\u0105 Opole U-15<\/em><\/p>\n<p><em>08.08 godz.12:00 &#8211; \u0141\u00f3d\u017a &#8211; Gra kontrolna z \u0141KS \u0141\u00f3d\u017a U-15<\/em><\/p>\n<p><em>16.08 &#8211; Pozna\u0144, ul. Warmi\u0144ska &#8211; Gra kontrolna z Lechi\u0105 Zielona G\u00f3ra<\/em><\/p>\n<p>&nbsp;<\/p>\n<p>&nbsp;<\/p>\n","protected":false},"excerpt":{"rendered":"<p>Nasze dru\u017cyny m\u0142odzie\u017cowe ju\u017c w zesz\u0142ym tygodniu rozpocz\u0119\u0142y przygotowania do nadchodz\u0105cych rozgrywek w sezonie 2025\/2026, natomiast ju\u017c w najbli\u017cszych dniach&#8230;<\/p>\n","protected":false},"author":39,"featured_media":40810,"comment_status":"closed","ping_status":"closed","sticky":false,"template":"","format":"standard","meta":{"om_disable_all_campaigns":false,"inline_featured_image":false,"footnotes":"","_links_to":"","_links_to_target":""},"categories":[95],"tags":[],"aioseo_notices":[],"_links":{"self":[{"href":"https:\/\/wartapoznan.pl\/index.php\/wp-json\/wp\/v2\/posts\/42472"}],"collection":[{"href":"https:\/\/wartapoznan.pl\/index.php\/wp-json\/wp\/v2\/posts"}],"about":[{"href":"https:\/\/wartapoznan.pl\/index.php\/wp-json\/wp\/v2\/types\/post"}],"author":[{"embeddable":true,"href":"https:\/\/wartapoznan.pl\/index.php\/wp-json\/wp\/v2\/users\/39"}],"replies":[{"embeddable":true,"href":"https:\/\/wartapoznan.pl\/index.php\/wp-json\/wp\/v2\/comments?post=42472"}],"version-history":[{"count":1,"href":"https:\/\/wartapoznan.pl\/index.php\/wp-json\/wp\/v2\/posts\/42472\/revisions"}],"predecessor-version":[{"id":42473,"href":"https:\/\/wartapoznan.pl\/index.php\/wp-json\/wp\/v2\/posts\/42472\/revisions\/42473"}],"wp:featuredmedia":[{"embeddable":true,"href":"https:\/\/wartapoznan.pl\/index.php\/wp-json\/wp\/v2\/media\/40810"}],"wp:attachment":[{"href":"https:\/\/wartapoznan.pl\/index.php\/wp-json\/wp\/v2\/media?parent=42472"}],"wp:term":[{"taxonomy":"category","embeddable":true,"href":"https:\/\/wartapoznan.pl\/index.php\/wp-json\/wp\/v2\/categories?post=42472"},{"taxonomy":"post_tag","embeddable":true,"href":"https:\/\/wartapoznan.pl\/index.php\/wp-json\/wp\/v2\/tags?post=42472"}],"curies":[{"name":"wp","href":"https:\/\/api.w.org\/{rel}","templated":true}]}}