{"id":42474,"date":"2025-07-22T15:45:54","date_gmt":"2025-07-22T13:45:54","guid":{"rendered":"https:\/\/wartapoznan.pl\/?p=42474"},"modified":"2025-07-22T15:45:54","modified_gmt":"2025-07-22T13:45:54","slug":"konferencja-prasowa-przed-rozpoczeciem-sezonu-2025-26-betclic-2-ligi","status":"publish","type":"post","link":"https:\/\/wartapoznan.pl\/index.php\/2025\/07\/22\/konferencja-prasowa-przed-rozpoczeciem-sezonu-2025-26-betclic-2-ligi\/","title":{"rendered":"Konferencja prasowa przed rozpocz\u0119ciem sezonu 2025\/26 Betclic 2 Ligi."},"content":{"rendered":"<p>W \u015brod\u0119 o godz. 9.30 odb\u0119dzie sie pierwsza konferencja prasowa z nowym trenerem Warty Maciejem Tokarczykiem. Zapraszamy wszystkich przedstawiciele medi\u00f3w. Poni\u017cej plan spotkania:<\/p>\n<p><strong>Data:<\/strong> \u015aroda, 23 lipca, godz. 9.30<\/p>\n<p><strong>Miejsce: <\/strong>Siedziba Warty Pozna\u0144. ul. Spychalskiego 34<\/p>\n<p><strong>Plan:\u00a0<\/strong><\/p>\n<ul>\n<li>9.30-10.00: <strong>Konferencja prasowa<\/strong> na temat spraw sportowych<\/li>\n<li>10.00-10.30: Rozmowy <strong>1:1<\/strong>\n<ul>\n<li>Do dyspozycji dziennikarzy b\u0119d\u0105: Trener Maciej Tokarczyk oraz pi\u0142karze: Kamil Kumoch i Leo Przybylak<\/li>\n<\/ul>\n<\/li>\n<li>10.30-10.45: Kr\u00f3tki <strong>briefing z Arturem Meissnerem na temat spraw organizacyjnych,<\/strong> w tym powrotu Warty na DD12. Po briefingu czas na rozmowy 1:1.<\/li>\n<li>11.30: <strong>Trening otwarty <\/strong>dla medi\u00f3w (pierwsze 15 minut). Przerwa pomi\u0119dzy konferencj\u0105, a treningiem wynika z konieczno\u015bci przeprowadzenia odprawy przez trenera.<\/li>\n<\/ul>\n<p><strong>Natomiast czwartek 24 lipca, godz. 18.00, w KontenerArt, przy. ul. Ewangelickiej odb\u0119dzie si\u0119 Prezentacja dru\u017cyny Warty Pozna\u0144 na sezon 2025\/26.<br \/>\n<\/strong><\/p>\n<p>B\u0119dzie to prezentacja pierwszej dru\u017cyny i sztabu dla kibic\u00f3w i sympatyk\u00f3w Warty. Otwarta dla wszystkich ch\u0119tnych. Nie przewidujemy specjalnego panelu dla medi\u00f3w, ale je\u015bli b\u0119d\u0105 chcieli Pa\u0144stwo porozmawia\u0107 z kimkolwiek z obecnych pi\u0142karzy lub przedstawicieli sztabu, to oczywi\u015bcie b\u0119dzie taka mo\u017cliwo\u015b\u0107.<\/p>\n","protected":false},"excerpt":{"rendered":"<p>W \u015brod\u0119 o godz. 9.30 odb\u0119dzie sie pierwsza konferencja prasowa z nowym trenerem Warty Maciejem Tokarczykiem. Zapraszamy wszystkich przedstawiciele medi\u00f3w&#8230;.<\/p>\n","protected":false},"author":36,"featured_media":42051,"comment_status":"closed","ping_status":"closed","sticky":false,"template":"","format":"standard","meta":{"om_disable_all_campaigns":false,"inline_featured_image":false,"footnotes":"","_links_to":"","_links_to_target":""},"categories":[94,1],"tags":[],"aioseo_notices":[],"_links":{"self":[{"href":"https:\/\/wartapoznan.pl\/index.php\/wp-json\/wp\/v2\/posts\/42474"}],"collection":[{"href":"https:\/\/wartapoznan.pl\/index.php\/wp-json\/wp\/v2\/posts"}],"about":[{"href":"https:\/\/wartapoznan.pl\/index.php\/wp-json\/wp\/v2\/types\/post"}],"author":[{"embeddable":true,"href":"https:\/\/wartapoznan.pl\/index.php\/wp-json\/wp\/v2\/users\/36"}],"replies":[{"embeddable":true,"href":"https:\/\/wartapoznan.pl\/index.php\/wp-json\/wp\/v2\/comments?post=42474"}],"version-history":[{"count":1,"href":"https:\/\/wartapoznan.pl\/index.php\/wp-json\/wp\/v2\/posts\/42474\/revisions"}],"predecessor-version":[{"id":42475,"href":"https:\/\/wartapoznan.pl\/index.php\/wp-json\/wp\/v2\/posts\/42474\/revisions\/42475"}],"wp:featuredmedia":[{"embeddable":true,"href":"https:\/\/wartapoznan.pl\/index.php\/wp-json\/wp\/v2\/media\/42051"}],"wp:attachment":[{"href":"https:\/\/wartapoznan.pl\/index.php\/wp-json\/wp\/v2\/media?parent=42474"}],"wp:term":[{"taxonomy":"category","embeddable":true,"href":"https:\/\/wartapoznan.pl\/index.php\/wp-json\/wp\/v2\/categories?post=42474"},{"taxonomy":"post_tag","embeddable":true,"href":"https:\/\/wartapoznan.pl\/index.php\/wp-json\/wp\/v2\/tags?post=42474"}],"curies":[{"name":"wp","href":"https:\/\/api.w.org\/{rel}","templated":true}]}}