{"id":42476,"date":"2025-07-23T14:10:17","date_gmt":"2025-07-23T12:10:17","guid":{"rendered":"https:\/\/wartapoznan.pl\/?p=42476"},"modified":"2025-07-23T14:10:17","modified_gmt":"2025-07-23T12:10:17","slug":"artur-gaza-zawodnikiem-warty-poznan","status":"publish","type":"post","link":"https:\/\/wartapoznan.pl\/index.php\/2025\/07\/23\/artur-gaza-zawodnikiem-warty-poznan\/","title":{"rendered":"Artur Ga\u017ca zawodnikiem Warty Pozna\u0144!"},"content":{"rendered":"<h3 dir=\"ltr\"><strong>To si\u0119 nazywa wej\u015bcie do dru\u017cyny. W swoje 18. urodziny pi\u0142karz podpisa\u0142 kontrakt z Wart\u0105 Pozna\u0144. Pomocnik zwi\u0105za\u0142 si\u0119 z kontraktem z klubem na 2 lata<\/strong><\/h3>\n<p dir=\"ltr\">Artur Ga\u017ca jest wychowankiem GKS Tychy, z kt\u00f3rego w 2023 roku przeszed\u0142 do s\u0142yn\u0105cej ze stawiania na uzdolnion\u0105 m\u0142odzie\u017c Stali Rzesz\u00f3w. Na koncie ma 5 wyst\u0119p\u00f3w w Betclic 1. lidze oraz 1 w rozgrywkach Pucharu Polski.<\/p>\n<h4 dir=\"ltr\"><img loading=\"lazy\" decoding=\"async\" width=\"2048\" height=\"2560\" class=\"alignnone size-full wp-image-42477\" src=\"https:\/\/wartapoznan.pl\/wp-content\/uploads\/2025\/07\/artur-gaza-scaled.jpg\" alt=\"\" srcset=\"https:\/\/wartapoznan.pl\/wp-content\/uploads\/2025\/07\/artur-gaza-scaled.jpg 2048w, https:\/\/wartapoznan.pl\/wp-content\/uploads\/2025\/07\/artur-gaza-1229x1536.jpg 1229w, https:\/\/wartapoznan.pl\/wp-content\/uploads\/2025\/07\/artur-gaza-1638x2048.jpg 1638w, https:\/\/wartapoznan.pl\/wp-content\/uploads\/2025\/07\/artur-gaza-240x300.jpg 240w, https:\/\/wartapoznan.pl\/wp-content\/uploads\/2025\/07\/artur-gaza-102x128.jpg 102w, https:\/\/wartapoznan.pl\/wp-content\/uploads\/2025\/07\/artur-gaza-26x32.jpg 26w\" sizes=\"(max-width: 2048px) 100vw, 2048px\" \/><strong>Witamy w dru\u017cynie, trzymamy kciuki i\u2026 \u017cyczymy wszystkiego najlepszego z okazji urodzin!<\/strong><\/h4>\n","protected":false},"excerpt":{"rendered":"<p>To si\u0119 nazywa wej\u015bcie do dru\u017cyny. W swoje 18. urodziny pi\u0142karz podpisa\u0142 kontrakt z Wart\u0105 Pozna\u0144. Pomocnik zwi\u0105za\u0142 si\u0119 z&#8230;<\/p>\n","protected":false},"author":38,"featured_media":42479,"comment_status":"closed","ping_status":"closed","sticky":false,"template":"","format":"standard","meta":{"om_disable_all_campaigns":false,"inline_featured_image":false,"footnotes":"","_links_to":"","_links_to_target":""},"categories":[1],"tags":[],"aioseo_notices":[],"_links":{"self":[{"href":"https:\/\/wartapoznan.pl\/index.php\/wp-json\/wp\/v2\/posts\/42476"}],"collection":[{"href":"https:\/\/wartapoznan.pl\/index.php\/wp-json\/wp\/v2\/posts"}],"about":[{"href":"https:\/\/wartapoznan.pl\/index.php\/wp-json\/wp\/v2\/types\/post"}],"author":[{"embeddable":true,"href":"https:\/\/wartapoznan.pl\/index.php\/wp-json\/wp\/v2\/users\/38"}],"replies":[{"embeddable":true,"href":"https:\/\/wartapoznan.pl\/index.php\/wp-json\/wp\/v2\/comments?post=42476"}],"version-history":[{"count":1,"href":"https:\/\/wartapoznan.pl\/index.php\/wp-json\/wp\/v2\/posts\/42476\/revisions"}],"predecessor-version":[{"id":42481,"href":"https:\/\/wartapoznan.pl\/index.php\/wp-json\/wp\/v2\/posts\/42476\/revisions\/42481"}],"wp:featuredmedia":[{"embeddable":true,"href":"https:\/\/wartapoznan.pl\/index.php\/wp-json\/wp\/v2\/media\/42479"}],"wp:attachment":[{"href":"https:\/\/wartapoznan.pl\/index.php\/wp-json\/wp\/v2\/media?parent=42476"}],"wp:term":[{"taxonomy":"category","embeddable":true,"href":"https:\/\/wartapoznan.pl\/index.php\/wp-json\/wp\/v2\/categories?post=42476"},{"taxonomy":"post_tag","embeddable":true,"href":"https:\/\/wartapoznan.pl\/index.php\/wp-json\/wp\/v2\/tags?post=42476"}],"curies":[{"name":"wp","href":"https:\/\/api.w.org\/{rel}","templated":true}]}}