{"id":42482,"date":"2025-07-23T16:42:55","date_gmt":"2025-07-23T14:42:55","guid":{"rendered":"https:\/\/wartapoznan.pl\/?p=42482"},"modified":"2025-07-23T16:42:55","modified_gmt":"2025-07-23T14:42:55","slug":"kamil-kumoch-nowym-kapitanem-warty-poznan","status":"publish","type":"post","link":"https:\/\/wartapoznan.pl\/index.php\/2025\/07\/23\/kamil-kumoch-nowym-kapitanem-warty-poznan\/","title":{"rendered":"Kamil Kumoch nowym kapitanem Warty Pozna\u0144"},"content":{"rendered":"<p><span style=\"font-weight: 400;\">Pozyskany w tym oknie transferowym pomocnik Kamil Kumoch b\u0119dzie nowym kapitanem Warty Pozna\u0144 w sezonie 2025\/26. Zdaniem trenera pi\u0142karz ma predyspozycje do bycia jednym z lider\u00f3w nowej dru\u017cyny i cieszy si\u0119 jego zaufaniem, zbudowanym jeszcze w czasie wsp\u00f3lnej pracy w Wi\u015ble Pu\u0142awy.<\/span><\/p>\n<p><span style=\"font-weight: 400;\">Wicekapitanami b\u0119d\u0105 wychowanek Warty Leo Przybylak oraz r\u00f3wnie\u017c nowa posta\u0107 w klubie &#8211;\u00a0 Szymon Michalski. Ukszta\u0142towa\u0142a si\u0119 r\u00f3wnie\u017c rada dru\u017cyny. Opr\u00f3cz wspomnianych pi\u0142karzy nale\u017ce\u0107 do niej b\u0119d\u0105 Filip Walu\u015b, Tomasz Wojcinowicz i Kacper Lepczy\u0144ski.<\/span><\/p>\n<p><span style=\"font-weight: 400;\"><em><img loading=\"lazy\" decoding=\"async\" width=\"2560\" height=\"1600\" class=\"alignnone size-full wp-image-42485\" src=\"https:\/\/wartapoznan.pl\/wp-content\/uploads\/2025\/07\/rada-druzyny-2-scaled.jpg\" alt=\"\" srcset=\"https:\/\/wartapoznan.pl\/wp-content\/uploads\/2025\/07\/rada-druzyny-2-scaled.jpg 2560w, https:\/\/wartapoznan.pl\/wp-content\/uploads\/2025\/07\/rada-druzyny-2-1536x960.jpg 1536w, https:\/\/wartapoznan.pl\/wp-content\/uploads\/2025\/07\/rada-druzyny-2-2048x1280.jpg 2048w, https:\/\/wartapoznan.pl\/wp-content\/uploads\/2025\/07\/rada-druzyny-2-300x188.jpg 300w, https:\/\/wartapoznan.pl\/wp-content\/uploads\/2025\/07\/rada-druzyny-2-128x80.jpg 128w, https:\/\/wartapoznan.pl\/wp-content\/uploads\/2025\/07\/rada-druzyny-2-32x20.jpg 32w\" sizes=\"(max-width: 2560px) 100vw, 2560px\" \/>Jestem przekonany, \u017ce \u201cKumi\u201d to odpowiednia osoba do pe\u0142nienia tej funkcji. Jest to typ lidera, na kt\u00f3rego mocno licz\u0119. My\u015bl\u0119, \u017ce wraz z Leo i Szymkiem stworz\u0105 grup\u0119 kapitan\u00f3w, kt\u00f3rzy w dobrych, ale przede wszystkim w tych z\u0142ych momentach b\u0119d\u0105 inspirowa\u0107 reszt\u0119 ekipy<\/em> \u2014 skomentowa\u0142 wyb\u00f3r trener Tokarczyk.<\/span><\/p>\n<p>Wszystkich pi\u0142karzy Warty b\u0119dzie mo\u017cna pozna\u0107 na prezentacji dru\u017cyny ju\u017c w czwartek 24 lipca,<br \/>\nw KontenerArt przy ul. Ewangelickiej w Poznaniu.<\/p>\n<p>Start o godz. 18:00.<\/p>\n<p>Zapraszamy!<\/p>\n","protected":false},"excerpt":{"rendered":"<p>Pozyskany w tym oknie transferowym pomocnik Kamil Kumoch b\u0119dzie nowym kapitanem Warty Pozna\u0144 w sezonie 2025\/26. Zdaniem trenera pi\u0142karz ma&#8230;<\/p>\n","protected":false},"author":36,"featured_media":42483,"comment_status":"closed","ping_status":"closed","sticky":false,"template":"","format":"standard","meta":{"om_disable_all_campaigns":false,"inline_featured_image":false,"footnotes":"","_links_to":"","_links_to_target":""},"categories":[94,100,1],"tags":[],"aioseo_notices":[],"_links":{"self":[{"href":"https:\/\/wartapoznan.pl\/index.php\/wp-json\/wp\/v2\/posts\/42482"}],"collection":[{"href":"https:\/\/wartapoznan.pl\/index.php\/wp-json\/wp\/v2\/posts"}],"about":[{"href":"https:\/\/wartapoznan.pl\/index.php\/wp-json\/wp\/v2\/types\/post"}],"author":[{"embeddable":true,"href":"https:\/\/wartapoznan.pl\/index.php\/wp-json\/wp\/v2\/users\/36"}],"replies":[{"embeddable":true,"href":"https:\/\/wartapoznan.pl\/index.php\/wp-json\/wp\/v2\/comments?post=42482"}],"version-history":[{"count":2,"href":"https:\/\/wartapoznan.pl\/index.php\/wp-json\/wp\/v2\/posts\/42482\/revisions"}],"predecessor-version":[{"id":42488,"href":"https:\/\/wartapoznan.pl\/index.php\/wp-json\/wp\/v2\/posts\/42482\/revisions\/42488"}],"wp:featuredmedia":[{"embeddable":true,"href":"https:\/\/wartapoznan.pl\/index.php\/wp-json\/wp\/v2\/media\/42483"}],"wp:attachment":[{"href":"https:\/\/wartapoznan.pl\/index.php\/wp-json\/wp\/v2\/media?parent=42482"}],"wp:term":[{"taxonomy":"category","embeddable":true,"href":"https:\/\/wartapoznan.pl\/index.php\/wp-json\/wp\/v2\/categories?post=42482"},{"taxonomy":"post_tag","embeddable":true,"href":"https:\/\/wartapoznan.pl\/index.php\/wp-json\/wp\/v2\/tags?post=42482"}],"curies":[{"name":"wp","href":"https:\/\/api.w.org\/{rel}","templated":true}]}}