{"id":42489,"date":"2025-07-24T21:49:57","date_gmt":"2025-07-24T19:49:57","guid":{"rendered":"https:\/\/wartapoznan.pl\/?p=42489"},"modified":"2025-07-24T21:53:16","modified_gmt":"2025-07-24T19:53:16","slug":"jan-niedzielski-zawodnikiem-warty-poznan","status":"publish","type":"post","link":"https:\/\/wartapoznan.pl\/index.php\/2025\/07\/24\/jan-niedzielski-zawodnikiem-warty-poznan\/","title":{"rendered":"Jan Niedzielski zawodnikiem Warty Pozna\u0144!"},"content":{"rendered":"<h3><strong>20-letni defensywny pomocnik Jan Niedzielski podpisa\u0142 kontrakt z Wart\u0105 Pozna\u0144. Pi\u0142karz zwi\u0105za\u0142 si\u0119 z Zielonymi kontraktem do ko\u0144ca sezonu z mo\u017cliwo\u015bci\u0105 przed\u0142u\u017cenia na 2 kolejne lata.<\/strong><\/h3>\n<p>Niedzielski zmieni klub, ale nie zmieni miasta. Wcze\u015bniej reprezentowa\u0142 barwy Lecha Pozna\u0144, wyst\u0119puj\u0105c najpierw w dru\u017cynach m\u0142odzie\u017cowych, a p\u00f3\u017aniej w dru\u017cynie rezerw \u201dKolejorza\u201d. Na koncie ma 22 wyst\u0119py w II lidze, 27 w III lidze oraz 4 w Pucharze Polski.<\/p>\n<p><img loading=\"lazy\" decoding=\"async\" width=\"2048\" height=\"2560\" class=\"alignnone size-full wp-image-42490\" src=\"https:\/\/wartapoznan.pl\/wp-content\/uploads\/2025\/07\/jan-niedzielski-scaled.jpg\" alt=\"\" srcset=\"https:\/\/wartapoznan.pl\/wp-content\/uploads\/2025\/07\/jan-niedzielski-scaled.jpg 2048w, https:\/\/wartapoznan.pl\/wp-content\/uploads\/2025\/07\/jan-niedzielski-1229x1536.jpg 1229w, https:\/\/wartapoznan.pl\/wp-content\/uploads\/2025\/07\/jan-niedzielski-1638x2048.jpg 1638w, https:\/\/wartapoznan.pl\/wp-content\/uploads\/2025\/07\/jan-niedzielski-240x300.jpg 240w, https:\/\/wartapoznan.pl\/wp-content\/uploads\/2025\/07\/jan-niedzielski-102x128.jpg 102w, https:\/\/wartapoznan.pl\/wp-content\/uploads\/2025\/07\/jan-niedzielski-26x32.jpg 26w\" sizes=\"(max-width: 2048px) 100vw, 2048px\" \/>Pi\u0142karz b\u0119dzie wyst\u0119powa\u0142 z numerem 13.<\/p>\n<h4><strong>Witamy w Zielonej Rodzinie i \u017cyczymy powodzenia!<\/strong><\/h4>\n","protected":false},"excerpt":{"rendered":"<p>20-letni defensywny pomocnik Jan Niedzielski podpisa\u0142 kontrakt z Wart\u0105 Pozna\u0144. Pi\u0142karz zwi\u0105za\u0142 si\u0119 z Zielonymi kontraktem do ko\u0144ca sezonu z&#8230;<\/p>\n","protected":false},"author":38,"featured_media":42492,"comment_status":"closed","ping_status":"closed","sticky":false,"template":"","format":"standard","meta":{"om_disable_all_campaigns":false,"inline_featured_image":false,"footnotes":"","_links_to":"","_links_to_target":""},"categories":[94,374,100],"tags":[],"aioseo_notices":[],"_links":{"self":[{"href":"https:\/\/wartapoznan.pl\/index.php\/wp-json\/wp\/v2\/posts\/42489"}],"collection":[{"href":"https:\/\/wartapoznan.pl\/index.php\/wp-json\/wp\/v2\/posts"}],"about":[{"href":"https:\/\/wartapoznan.pl\/index.php\/wp-json\/wp\/v2\/types\/post"}],"author":[{"embeddable":true,"href":"https:\/\/wartapoznan.pl\/index.php\/wp-json\/wp\/v2\/users\/38"}],"replies":[{"embeddable":true,"href":"https:\/\/wartapoznan.pl\/index.php\/wp-json\/wp\/v2\/comments?post=42489"}],"version-history":[{"count":2,"href":"https:\/\/wartapoznan.pl\/index.php\/wp-json\/wp\/v2\/posts\/42489\/revisions"}],"predecessor-version":[{"id":42495,"href":"https:\/\/wartapoznan.pl\/index.php\/wp-json\/wp\/v2\/posts\/42489\/revisions\/42495"}],"wp:featuredmedia":[{"embeddable":true,"href":"https:\/\/wartapoznan.pl\/index.php\/wp-json\/wp\/v2\/media\/42492"}],"wp:attachment":[{"href":"https:\/\/wartapoznan.pl\/index.php\/wp-json\/wp\/v2\/media?parent=42489"}],"wp:term":[{"taxonomy":"category","embeddable":true,"href":"https:\/\/wartapoznan.pl\/index.php\/wp-json\/wp\/v2\/categories?post=42489"},{"taxonomy":"post_tag","embeddable":true,"href":"https:\/\/wartapoznan.pl\/index.php\/wp-json\/wp\/v2\/tags?post=42489"}],"curies":[{"name":"wp","href":"https:\/\/api.w.org\/{rel}","templated":true}]}}