{"id":42496,"date":"2025-07-25T13:43:55","date_gmt":"2025-07-25T11:43:55","guid":{"rendered":"https:\/\/wartapoznan.pl\/?p=42496"},"modified":"2025-07-25T13:43:55","modified_gmt":"2025-07-25T11:43:55","slug":"warta-poznan-zaprezentowala-sklad-na-sezon-2025-26-oto-pelna-lista","status":"publish","type":"post","link":"https:\/\/wartapoznan.pl\/index.php\/2025\/07\/25\/warta-poznan-zaprezentowala-sklad-na-sezon-2025-26-oto-pelna-lista\/","title":{"rendered":"Warta Pozna\u0144 zaprezentowa\u0142a sk\u0142ad na sezon 2025\/26. Oto pe\u0142na lista:"},"content":{"rendered":"<p><strong>W czwartek, 24.07, Warta Pozna\u0144 zaprezentowa\u0142a sztab szkoleniowy i zawodnik\u00f3w pierwszej dru\u017cyny na nowy sezon rozgrywek Betclic 2. Ligi. Spotkanie odby\u0142o si\u0119 w popularnych \u201cKontenerach\u201d, czyli KontenerArt przy ul. Ewangelickiej w Poznaniu.<\/strong><\/p>\n<p><span style=\"font-weight: 400;\"><img loading=\"lazy\" decoding=\"async\" width=\"2560\" height=\"1707\" class=\"alignnone size-full wp-image-42513\" src=\"https:\/\/wartapoznan.pl\/wp-content\/uploads\/2025\/07\/Warta-Poznan-Preznetacja-druzyny-9-scaled.jpg\" alt=\"\" srcset=\"https:\/\/wartapoznan.pl\/wp-content\/uploads\/2025\/07\/Warta-Poznan-Preznetacja-druzyny-9-scaled.jpg 2560w, https:\/\/wartapoznan.pl\/wp-content\/uploads\/2025\/07\/Warta-Poznan-Preznetacja-druzyny-9-1536x1024.jpg 1536w, https:\/\/wartapoznan.pl\/wp-content\/uploads\/2025\/07\/Warta-Poznan-Preznetacja-druzyny-9-2048x1366.jpg 2048w, https:\/\/wartapoznan.pl\/wp-content\/uploads\/2025\/07\/Warta-Poznan-Preznetacja-druzyny-9-300x200.jpg 300w, https:\/\/wartapoznan.pl\/wp-content\/uploads\/2025\/07\/Warta-Poznan-Preznetacja-druzyny-9-128x85.jpg 128w, https:\/\/wartapoznan.pl\/wp-content\/uploads\/2025\/07\/Warta-Poznan-Preznetacja-druzyny-9-32x21.jpg 32w\" sizes=\"(max-width: 2560px) 100vw, 2560px\" \/><\/span><\/p>\n<p><span style=\"font-weight: 400;\">Zgromadzeni kibice mogli dowiedzie\u0107 si\u0119, jaki jest pomys\u0142 na rozw\u00f3j dru\u017cyny bezpo\u015brednio od trenera Macieja Tokarczyka, a tak\u017ce pozna\u0107 wi\u0119cej informacji o pi\u0142karzach pierwszej dru\u017cyny \u2013 tak\u017ce ciekawostki z ich prywatnego \u017cycia. Mo\u017cna si\u0119 by\u0142o <\/span><a href=\"http:\/\/m.in\"><span style=\"font-weight: 400;\">m.in<\/span><\/a><span style=\"font-weight: 400;\">. dowiedzie\u0107, kto w dru\u017cynie studiuje ekonomi\u0119, kto jest mi\u0142o\u015bnikiem w\u0142oskiego \u201edolce vita\u201d, a kto jest mistrzem szach\u00f3w. <\/span><span style=\"font-weight: 400;\">Opr\u00f3cz tego ka\u017cdy kibic m\u00f3g\u0142 zapozowa\u0107 do wsp\u00f3lnego zdj\u0119cia, \u201cprzybi\u0107 pi\u0105tk\u0119\u201d albo po prostu porozmawia\u0107 o tym, co nas czeka ju\u017c w najbli\u017cszych meczach.<\/span><\/p>\n<p><span style=\"font-weight: 400;\"><img loading=\"lazy\" decoding=\"async\" width=\"2560\" height=\"1707\" class=\"alignnone size-full wp-image-42519\" src=\"https:\/\/wartapoznan.pl\/wp-content\/uploads\/2025\/07\/Warta-Poznan-Preznetacja-druzyny-12-scaled.jpg\" alt=\"\" srcset=\"https:\/\/wartapoznan.pl\/wp-content\/uploads\/2025\/07\/Warta-Poznan-Preznetacja-druzyny-12-scaled.jpg 2560w, https:\/\/wartapoznan.pl\/wp-content\/uploads\/2025\/07\/Warta-Poznan-Preznetacja-druzyny-12-1536x1024.jpg 1536w, https:\/\/wartapoznan.pl\/wp-content\/uploads\/2025\/07\/Warta-Poznan-Preznetacja-druzyny-12-2048x1366.jpg 2048w, https:\/\/wartapoznan.pl\/wp-content\/uploads\/2025\/07\/Warta-Poznan-Preznetacja-druzyny-12-300x200.jpg 300w, https:\/\/wartapoznan.pl\/wp-content\/uploads\/2025\/07\/Warta-Poznan-Preznetacja-druzyny-12-128x85.jpg 128w, https:\/\/wartapoznan.pl\/wp-content\/uploads\/2025\/07\/Warta-Poznan-Preznetacja-druzyny-12-32x21.jpg 32w\" sizes=\"(max-width: 2560px) 100vw, 2560px\" \/><\/span><\/p>\n<p><span style=\"font-weight: 400;\">Spotkanie poprowadzili Szymon Mierzy\u0144ski \u2013 spiker Warty Pozna\u0144 \u2013 oraz konferansjer sportowy Wojtek \u0141yszczak.<\/span><span style=\"font-weight: 400;\"><br \/>\n<\/span><\/p>\n<p><img loading=\"lazy\" decoding=\"async\" width=\"2560\" height=\"1707\" class=\"alignnone size-full wp-image-42505\" src=\"https:\/\/wartapoznan.pl\/wp-content\/uploads\/2025\/07\/Warta-Poznan-Preznetacja-druzyny-3-scaled.jpg\" alt=\"\" srcset=\"https:\/\/wartapoznan.pl\/wp-content\/uploads\/2025\/07\/Warta-Poznan-Preznetacja-druzyny-3-scaled.jpg 2560w, https:\/\/wartapoznan.pl\/wp-content\/uploads\/2025\/07\/Warta-Poznan-Preznetacja-druzyny-3-1536x1024.jpg 1536w, https:\/\/wartapoznan.pl\/wp-content\/uploads\/2025\/07\/Warta-Poznan-Preznetacja-druzyny-3-2048x1366.jpg 2048w, https:\/\/wartapoznan.pl\/wp-content\/uploads\/2025\/07\/Warta-Poznan-Preznetacja-druzyny-3-300x200.jpg 300w, https:\/\/wartapoznan.pl\/wp-content\/uploads\/2025\/07\/Warta-Poznan-Preznetacja-druzyny-3-128x85.jpg 128w, https:\/\/wartapoznan.pl\/wp-content\/uploads\/2025\/07\/Warta-Poznan-Preznetacja-druzyny-3-32x21.jpg 32w\" sizes=\"(max-width: 2560px) 100vw, 2560px\" \/><\/p>\n<p><span style=\"font-weight: 400;\">Oto pe\u0142ny sk\u0142ad Warty Pozna\u0144 na sezon 2025\/26:<\/span><\/p>\n<p><strong>KADRA<\/strong><\/p>\n<p><span style=\"font-weight: 400;\">BRAMKARZE<\/span><\/p>\n<ol>\n<li><span style=\"font-weight: 400;\"> Jakub KOSIOREK<\/span><\/li>\n<li><span style=\"font-weight: 400;\"> Bartosz PIECHOWIAK<\/span><\/li>\n<li><span style=\"font-weight: 400;\"> Leo PRZYBYLAK\u00a0\u00a0<\/span><\/li>\n<\/ol>\n<p><span style=\"font-weight: 400;\">OBRO\u0143CY<\/span><\/p>\n<ol start=\"2\">\n<li><span style=\"font-weight: 400;\"> Kacper LEPCZY\u0143SKI<\/span><\/li>\n<li><span style=\"font-weight: 400;\"> Szymon MICHALSKI\u00a0 \u00a0 \u00a0 <\/span><\/li>\n<li><span style=\"font-weight: 400;\"> Tomasz WOJCINOWICZ <\/span><\/li>\n<li><span style=\"font-weight: 400;\"> Patryk RYCHLIK \u00a0 \u00a0 \u00a0 \u00a0 \u00a0 \u00a0 <\/span><\/li>\n<li><span style=\"font-weight: 400;\"> Dmytro AVDEEV (UKR)\u00a0\u00a0<\/span><\/li>\n<li><span style=\"font-weight: 400;\"> Filip JAKUBOWSKI<\/span><\/li>\n<\/ol>\n<p><span style=\"font-weight: 400;\">POMOCNICY<\/span><\/p>\n<ol start=\"7\">\n<li><span style=\"font-weight: 400;\"> Filip WALU\u015a<\/span><\/li>\n<li><span style=\"font-weight: 400;\"> Kamil KUMOCH \u00a0 <\/span><\/li>\n<li><span style=\"font-weight: 400;\"> Bartosz WIKTORUK<\/span><\/li>\n<li><span style=\"font-weight: 400;\"> Jan NIEDZIELSKI<\/span><\/li>\n<li><span style=\"font-weight: 400;\"> Igor KORNOBIS\u00a0 <\/span><\/li>\n<li><span style=\"font-weight: 400;\"> Marcel STEFANIAK<\/span><\/li>\n<li><span style=\"font-weight: 400;\"> Karol DZIEDZIC\u00a0 <\/span><\/li>\n<li><span style=\"font-weight: 400;\"> Marcel ZYLLA (POL\/NIE)<\/span><\/li>\n<li><span style=\"font-weight: 400;\"> Kacper RYCHERT\u00a0\u00a0<\/span><\/li>\n<li><span style=\"font-weight: 400;\"> Igor STA\u0143CZAK<\/span><\/li>\n<\/ol>\n<p><span style=\"font-weight: 400;\">NAPASTNICY<\/span><\/p>\n<ol start=\"9\">\n<li><span style=\"font-weight: 400;\"> Mateusz STANEK\u00a0 <\/span><\/li>\n<li><span style=\"font-weight: 400;\"> Filip TONDER<\/span><\/li>\n<li><span style=\"font-weight: 400;\"> Micha\u0142 SMOCZY\u0143SKI\u00a0<\/span><\/li>\n<\/ol>\n<p><b>SZTAB SZKOLENIOWY<\/b><\/p>\n<ol>\n<li><span style=\"font-weight: 400;\"> Maciej Tokarczyk &#8211; trener.<\/span><\/li>\n<li><span style=\"font-weight: 400;\"> Grzegorz Adamski &#8211; pierwszy asystent trenera.<\/span><\/li>\n<li><span style=\"font-weight: 400;\"> J\u0119drzej \u0141\u0105giewka &#8211; asystent trenera.<\/span><\/li>\n<li><span style=\"font-weight: 400;\"> Artur Sz\u00f3stak &#8211; trener bramkarzy.<\/span><\/li>\n<li><span style=\"font-weight: 400;\"> Jacek Ma\u0107kowiak\u00a0 &#8211; trener przygotowania motorycznego<\/span><\/li>\n<li><span style=\"font-weight: 400;\"> Klaudia J\u0119draszyk &#8211; fizjoterapeutka.<\/span><\/li>\n<li><span style=\"font-weight: 400;\"> Wojciech Danielewicz &#8211; fizjoterapeuta.<\/span><\/li>\n<li><span style=\"font-weight: 400;\"> Karol Majewski\u00a0 &#8211; kierownik dru\u017cyny.<\/span><\/li>\n<\/ol>\n<p>&nbsp;<\/p>\n<p><img loading=\"lazy\" decoding=\"async\" width=\"2560\" height=\"1707\" class=\"alignnone size-medium wp-image-42499\" src=\"https:\/\/wartapoznan.pl\/wp-content\/uploads\/2025\/07\/Warta-Poznan-Preznetacja-druzyny-14-scaled.jpg\" alt=\"\" srcset=\"https:\/\/wartapoznan.pl\/wp-content\/uploads\/2025\/07\/Warta-Poznan-Preznetacja-druzyny-14-scaled.jpg 2560w, https:\/\/wartapoznan.pl\/wp-content\/uploads\/2025\/07\/Warta-Poznan-Preznetacja-druzyny-14-1536x1024.jpg 1536w, https:\/\/wartapoznan.pl\/wp-content\/uploads\/2025\/07\/Warta-Poznan-Preznetacja-druzyny-14-2048x1366.jpg 2048w, https:\/\/wartapoznan.pl\/wp-content\/uploads\/2025\/07\/Warta-Poznan-Preznetacja-druzyny-14-300x200.jpg 300w, https:\/\/wartapoznan.pl\/wp-content\/uploads\/2025\/07\/Warta-Poznan-Preznetacja-druzyny-14-128x85.jpg 128w, https:\/\/wartapoznan.pl\/wp-content\/uploads\/2025\/07\/Warta-Poznan-Preznetacja-druzyny-14-32x21.jpg 32w\" sizes=\"(max-width: 2560px) 100vw, 2560px\" \/><img loading=\"lazy\" decoding=\"async\" width=\"2560\" height=\"1707\" class=\"alignnone size-medium wp-image-42501\" src=\"https:\/\/wartapoznan.pl\/wp-content\/uploads\/2025\/07\/Warta-Poznan-Preznetacja-druzyny-1-scaled.jpg\" alt=\"\" srcset=\"https:\/\/wartapoznan.pl\/wp-content\/uploads\/2025\/07\/Warta-Poznan-Preznetacja-druzyny-1-scaled.jpg 2560w, https:\/\/wartapoznan.pl\/wp-content\/uploads\/2025\/07\/Warta-Poznan-Preznetacja-druzyny-1-1536x1024.jpg 1536w, https:\/\/wartapoznan.pl\/wp-content\/uploads\/2025\/07\/Warta-Poznan-Preznetacja-druzyny-1-2048x1366.jpg 2048w, https:\/\/wartapoznan.pl\/wp-content\/uploads\/2025\/07\/Warta-Poznan-Preznetacja-druzyny-1-300x200.jpg 300w, https:\/\/wartapoznan.pl\/wp-content\/uploads\/2025\/07\/Warta-Poznan-Preznetacja-druzyny-1-128x85.jpg 128w, https:\/\/wartapoznan.pl\/wp-content\/uploads\/2025\/07\/Warta-Poznan-Preznetacja-druzyny-1-32x21.jpg 32w\" sizes=\"(max-width: 2560px) 100vw, 2560px\" \/><img loading=\"lazy\" decoding=\"async\" width=\"2560\" height=\"1707\" class=\"alignnone size-medium wp-image-42503\" src=\"https:\/\/wartapoznan.pl\/wp-content\/uploads\/2025\/07\/Warta-Poznan-Preznetacja-druzyny-2-scaled.jpg\" alt=\"\" srcset=\"https:\/\/wartapoznan.pl\/wp-content\/uploads\/2025\/07\/Warta-Poznan-Preznetacja-druzyny-2-scaled.jpg 2560w, https:\/\/wartapoznan.pl\/wp-content\/uploads\/2025\/07\/Warta-Poznan-Preznetacja-druzyny-2-1536x1024.jpg 1536w, https:\/\/wartapoznan.pl\/wp-content\/uploads\/2025\/07\/Warta-Poznan-Preznetacja-druzyny-2-2048x1366.jpg 2048w, https:\/\/wartapoznan.pl\/wp-content\/uploads\/2025\/07\/Warta-Poznan-Preznetacja-druzyny-2-300x200.jpg 300w, https:\/\/wartapoznan.pl\/wp-content\/uploads\/2025\/07\/Warta-Poznan-Preznetacja-druzyny-2-128x85.jpg 128w, https:\/\/wartapoznan.pl\/wp-content\/uploads\/2025\/07\/Warta-Poznan-Preznetacja-druzyny-2-32x21.jpg 32w\" sizes=\"(max-width: 2560px) 100vw, 2560px\" \/><img loading=\"lazy\" decoding=\"async\" width=\"2560\" height=\"1707\" class=\"alignnone size-medium wp-image-42507\" src=\"https:\/\/wartapoznan.pl\/wp-content\/uploads\/2025\/07\/Warta-Poznan-Preznetacja-druzyny-4-scaled.jpg\" alt=\"\" srcset=\"https:\/\/wartapoznan.pl\/wp-content\/uploads\/2025\/07\/Warta-Poznan-Preznetacja-druzyny-4-scaled.jpg 2560w, https:\/\/wartapoznan.pl\/wp-content\/uploads\/2025\/07\/Warta-Poznan-Preznetacja-druzyny-4-1536x1024.jpg 1536w, https:\/\/wartapoznan.pl\/wp-content\/uploads\/2025\/07\/Warta-Poznan-Preznetacja-druzyny-4-2048x1366.jpg 2048w, https:\/\/wartapoznan.pl\/wp-content\/uploads\/2025\/07\/Warta-Poznan-Preznetacja-druzyny-4-300x200.jpg 300w, https:\/\/wartapoznan.pl\/wp-content\/uploads\/2025\/07\/Warta-Poznan-Preznetacja-druzyny-4-128x85.jpg 128w, https:\/\/wartapoznan.pl\/wp-content\/uploads\/2025\/07\/Warta-Poznan-Preznetacja-druzyny-4-32x21.jpg 32w\" sizes=\"(max-width: 2560px) 100vw, 2560px\" \/><img loading=\"lazy\" decoding=\"async\" width=\"2560\" height=\"1707\" class=\"alignnone size-medium wp-image-42509\" src=\"https:\/\/wartapoznan.pl\/wp-content\/uploads\/2025\/07\/Warta-Poznan-Preznetacja-druzyny-5-scaled.jpg\" alt=\"\" srcset=\"https:\/\/wartapoznan.pl\/wp-content\/uploads\/2025\/07\/Warta-Poznan-Preznetacja-druzyny-5-scaled.jpg 2560w, https:\/\/wartapoznan.pl\/wp-content\/uploads\/2025\/07\/Warta-Poznan-Preznetacja-druzyny-5-1536x1024.jpg 1536w, https:\/\/wartapoznan.pl\/wp-content\/uploads\/2025\/07\/Warta-Poznan-Preznetacja-druzyny-5-2048x1366.jpg 2048w, https:\/\/wartapoznan.pl\/wp-content\/uploads\/2025\/07\/Warta-Poznan-Preznetacja-druzyny-5-300x200.jpg 300w, https:\/\/wartapoznan.pl\/wp-content\/uploads\/2025\/07\/Warta-Poznan-Preznetacja-druzyny-5-128x85.jpg 128w, https:\/\/wartapoznan.pl\/wp-content\/uploads\/2025\/07\/Warta-Poznan-Preznetacja-druzyny-5-32x21.jpg 32w\" sizes=\"(max-width: 2560px) 100vw, 2560px\" \/><img loading=\"lazy\" decoding=\"async\" width=\"2560\" height=\"1707\" class=\"alignnone size-medium wp-image-42515\" src=\"https:\/\/wartapoznan.pl\/wp-content\/uploads\/2025\/07\/Warta-Poznan-Preznetacja-druzyny-10-scaled.jpg\" alt=\"\" srcset=\"https:\/\/wartapoznan.pl\/wp-content\/uploads\/2025\/07\/Warta-Poznan-Preznetacja-druzyny-10-scaled.jpg 2560w, https:\/\/wartapoznan.pl\/wp-content\/uploads\/2025\/07\/Warta-Poznan-Preznetacja-druzyny-10-1536x1024.jpg 1536w, https:\/\/wartapoznan.pl\/wp-content\/uploads\/2025\/07\/Warta-Poznan-Preznetacja-druzyny-10-2048x1366.jpg 2048w, https:\/\/wartapoznan.pl\/wp-content\/uploads\/2025\/07\/Warta-Poznan-Preznetacja-druzyny-10-300x200.jpg 300w, https:\/\/wartapoznan.pl\/wp-content\/uploads\/2025\/07\/Warta-Poznan-Preznetacja-druzyny-10-128x85.jpg 128w, https:\/\/wartapoznan.pl\/wp-content\/uploads\/2025\/07\/Warta-Poznan-Preznetacja-druzyny-10-32x21.jpg 32w\" sizes=\"(max-width: 2560px) 100vw, 2560px\" \/><img loading=\"lazy\" decoding=\"async\" width=\"2560\" height=\"1707\" class=\"alignnone size-medium wp-image-42517\" src=\"https:\/\/wartapoznan.pl\/wp-content\/uploads\/2025\/07\/Warta-Poznan-Preznetacja-druzyny-11-scaled.jpg\" alt=\"\" srcset=\"https:\/\/wartapoznan.pl\/wp-content\/uploads\/2025\/07\/Warta-Poznan-Preznetacja-druzyny-11-scaled.jpg 2560w, https:\/\/wartapoznan.pl\/wp-content\/uploads\/2025\/07\/Warta-Poznan-Preznetacja-druzyny-11-1536x1024.jpg 1536w, https:\/\/wartapoznan.pl\/wp-content\/uploads\/2025\/07\/Warta-Poznan-Preznetacja-druzyny-11-2048x1366.jpg 2048w, https:\/\/wartapoznan.pl\/wp-content\/uploads\/2025\/07\/Warta-Poznan-Preznetacja-druzyny-11-300x200.jpg 300w, https:\/\/wartapoznan.pl\/wp-content\/uploads\/2025\/07\/Warta-Poznan-Preznetacja-druzyny-11-128x85.jpg 128w, https:\/\/wartapoznan.pl\/wp-content\/uploads\/2025\/07\/Warta-Poznan-Preznetacja-druzyny-11-32x21.jpg 32w\" sizes=\"(max-width: 2560px) 100vw, 2560px\" \/><img loading=\"lazy\" decoding=\"async\" width=\"2560\" height=\"1707\" class=\"alignnone size-medium wp-image-42521\" src=\"https:\/\/wartapoznan.pl\/wp-content\/uploads\/2025\/07\/Warta-Poznan-Preznetacja-druzyny-13-1-scaled.jpg\" alt=\"\" srcset=\"https:\/\/wartapoznan.pl\/wp-content\/uploads\/2025\/07\/Warta-Poznan-Preznetacja-druzyny-13-1-scaled.jpg 2560w, https:\/\/wartapoznan.pl\/wp-content\/uploads\/2025\/07\/Warta-Poznan-Preznetacja-druzyny-13-1-1536x1024.jpg 1536w, https:\/\/wartapoznan.pl\/wp-content\/uploads\/2025\/07\/Warta-Poznan-Preznetacja-druzyny-13-1-2048x1366.jpg 2048w, https:\/\/wartapoznan.pl\/wp-content\/uploads\/2025\/07\/Warta-Poznan-Preznetacja-druzyny-13-1-300x200.jpg 300w, https:\/\/wartapoznan.pl\/wp-content\/uploads\/2025\/07\/Warta-Poznan-Preznetacja-druzyny-13-1-128x85.jpg 128w, https:\/\/wartapoznan.pl\/wp-content\/uploads\/2025\/07\/Warta-Poznan-Preznetacja-druzyny-13-1-32x21.jpg 32w\" sizes=\"(max-width: 2560px) 100vw, 2560px\" \/><\/p>\n<p><img loading=\"lazy\" decoding=\"async\" width=\"2560\" height=\"1707\" class=\"alignnone size-full wp-image-42524\" src=\"https:\/\/wartapoznan.pl\/wp-content\/uploads\/2025\/07\/DSC06956-scaled.jpg\" alt=\"\" srcset=\"https:\/\/wartapoznan.pl\/wp-content\/uploads\/2025\/07\/DSC06956-scaled.jpg 2560w, https:\/\/wartapoznan.pl\/wp-content\/uploads\/2025\/07\/DSC06956-1536x1024.jpg 1536w, https:\/\/wartapoznan.pl\/wp-content\/uploads\/2025\/07\/DSC06956-2048x1365.jpg 2048w, https:\/\/wartapoznan.pl\/wp-content\/uploads\/2025\/07\/DSC06956-300x200.jpg 300w, https:\/\/wartapoznan.pl\/wp-content\/uploads\/2025\/07\/DSC06956-128x85.jpg 128w, https:\/\/wartapoznan.pl\/wp-content\/uploads\/2025\/07\/DSC06956-32x21.jpg 32w\" sizes=\"(max-width: 2560px) 100vw, 2560px\" \/><\/p>\n<p><img loading=\"lazy\" decoding=\"async\" width=\"2560\" height=\"1707\" class=\"alignnone size-medium wp-image-42526\" src=\"https:\/\/wartapoznan.pl\/wp-content\/uploads\/2025\/07\/Preznetacja-druzyny-Warty-Poznan-1-scaled.jpg\" alt=\"\" srcset=\"https:\/\/wartapoznan.pl\/wp-content\/uploads\/2025\/07\/Preznetacja-druzyny-Warty-Poznan-1-scaled.jpg 2560w, https:\/\/wartapoznan.pl\/wp-content\/uploads\/2025\/07\/Preznetacja-druzyny-Warty-Poznan-1-1536x1024.jpg 1536w, https:\/\/wartapoznan.pl\/wp-content\/uploads\/2025\/07\/Preznetacja-druzyny-Warty-Poznan-1-2048x1365.jpg 2048w, https:\/\/wartapoznan.pl\/wp-content\/uploads\/2025\/07\/Preznetacja-druzyny-Warty-Poznan-1-300x200.jpg 300w, https:\/\/wartapoznan.pl\/wp-content\/uploads\/2025\/07\/Preznetacja-druzyny-Warty-Poznan-1-128x85.jpg 128w, https:\/\/wartapoznan.pl\/wp-content\/uploads\/2025\/07\/Preznetacja-druzyny-Warty-Poznan-1-32x21.jpg 32w\" sizes=\"(max-width: 2560px) 100vw, 2560px\" \/><img decoding=\"async\" class=\"alignnone size-medium wp-image-42528\" src=\"https:\/\/wartapoznan.pl\/wp-content\/uploads\/2025\/07\/Preznetacja-druzyny-Warty-Poznan-2.heic\" alt=\"\" \/><img decoding=\"async\" class=\"alignnone size-medium wp-image-42530\" src=\"https:\/\/wartapoznan.pl\/wp-content\/uploads\/2025\/07\/Preznetacja-druzyny-Warty-Poznan-3.heic\" alt=\"\" \/><img decoding=\"async\" class=\"alignnone size-medium wp-image-42532\" src=\"https:\/\/wartapoznan.pl\/wp-content\/uploads\/2025\/07\/Preznetacja-druzyny-Warty-Poznan-4.heic\" alt=\"\" \/><\/p>\n<p><img decoding=\"async\" class=\"alignnone size-full wp-image-42532\" src=\"https:\/\/wartapoznan.pl\/wp-content\/uploads\/2025\/07\/Preznetacja-druzyny-Warty-Poznan-4.heic\" alt=\"\" \/><a href=\"https:\/\/wartapoznan.pl\/wp-content\/uploads\/2025\/07\/Preznetacja-druzyny-Warty-Poznan-3-1.heic\"><img decoding=\"async\" class=\"alignnone size-full wp-image-42534\" src=\"https:\/\/wartapoznan.pl\/wp-content\/uploads\/2025\/07\/Preznetacja-druzyny-Warty-Poznan-3-1.heic\" alt=\"\" \/><\/a><br \/>\nFot: Kacper Pyto \/ Warta Pozna\u0144<br \/>\nFot: Marianna Anders \/ TVP Pozna\u0144<\/p>\n<p>&nbsp;<\/p>\n","protected":false},"excerpt":{"rendered":"<p>W czwartek, 24.07, Warta Pozna\u0144 zaprezentowa\u0142a sztab szkoleniowy i zawodnik\u00f3w pierwszej dru\u017cyny na nowy sezon rozgrywek Betclic 2. Ligi. Spotkanie&#8230;<\/p>\n","protected":false},"author":36,"featured_media":42497,"comment_status":"closed","ping_status":"closed","sticky":false,"template":"","format":"standard","meta":{"om_disable_all_campaigns":false,"inline_featured_image":false,"footnotes":"","_links_to":"","_links_to_target":""},"categories":[94,374,100,1],"tags":[],"aioseo_notices":[],"_links":{"self":[{"href":"https:\/\/wartapoznan.pl\/index.php\/wp-json\/wp\/v2\/posts\/42496"}],"collection":[{"href":"https:\/\/wartapoznan.pl\/index.php\/wp-json\/wp\/v2\/posts"}],"about":[{"href":"https:\/\/wartapoznan.pl\/index.php\/wp-json\/wp\/v2\/types\/post"}],"author":[{"embeddable":true,"href":"https:\/\/wartapoznan.pl\/index.php\/wp-json\/wp\/v2\/users\/36"}],"replies":[{"embeddable":true,"href":"https:\/\/wartapoznan.pl\/index.php\/wp-json\/wp\/v2\/comments?post=42496"}],"version-history":[{"count":2,"href":"https:\/\/wartapoznan.pl\/index.php\/wp-json\/wp\/v2\/posts\/42496\/revisions"}],"predecessor-version":[{"id":42536,"href":"https:\/\/wartapoznan.pl\/index.php\/wp-json\/wp\/v2\/posts\/42496\/revisions\/42536"}],"wp:featuredmedia":[{"embeddable":true,"href":"https:\/\/wartapoznan.pl\/index.php\/wp-json\/wp\/v2\/media\/42497"}],"wp:attachment":[{"href":"https:\/\/wartapoznan.pl\/index.php\/wp-json\/wp\/v2\/media?parent=42496"}],"wp:term":[{"taxonomy":"category","embeddable":true,"href":"https:\/\/wartapoznan.pl\/index.php\/wp-json\/wp\/v2\/categories?post=42496"},{"taxonomy":"post_tag","embeddable":true,"href":"https:\/\/wartapoznan.pl\/index.php\/wp-json\/wp\/v2\/tags?post=42496"}],"curies":[{"name":"wp","href":"https:\/\/api.w.org\/{rel}","templated":true}]}}