{"id":42546,"date":"2025-07-26T13:52:59","date_gmt":"2025-07-26T11:52:59","guid":{"rendered":"https:\/\/wartapoznan.pl\/?p=42546"},"modified":"2025-07-26T13:52:59","modified_gmt":"2025-07-26T11:52:59","slug":"zmarl-byly-pilkarz-i-trener-warty-zbigniew-zawal","status":"publish","type":"post","link":"https:\/\/wartapoznan.pl\/index.php\/2025\/07\/26\/zmarl-byly-pilkarz-i-trener-warty-zbigniew-zawal\/","title":{"rendered":"Zmar\u0142 by\u0142y pi\u0142karz i trener Warty Zbigniew Zawal"},"content":{"rendered":"<p>19 lipca odszed\u0142 w wieku 78 lat pi\u0142karz Warty Pozna\u0144 Zbigniew Zawal.<\/p>\n<p>Rozegra\u0142 ok.280 spotka\u0144 w latach 1960-1974 w tym 51 na poziomie 2 ligi. Wyst\u0105pi\u0142 m.in w legendarnym ju\u017c meczu z \u0141KS \u0141\u00f3dz 8 maja 1971, kt\u00f3ry na stadionie im. Szyca obejrza\u0142o 50 tys widz\u00f3w.<\/p>\n<p><img loading=\"lazy\" decoding=\"async\" width=\"1000\" height=\"613\" class=\"alignnone size-full wp-image-42547\" src=\"https:\/\/wartapoznan.pl\/wp-content\/uploads\/2025\/07\/Zespol_1971.jpg\" alt=\"\" srcset=\"https:\/\/wartapoznan.pl\/wp-content\/uploads\/2025\/07\/Zespol_1971.jpg 1000w, https:\/\/wartapoznan.pl\/wp-content\/uploads\/2025\/07\/Zespol_1971-300x184.jpg 300w, https:\/\/wartapoznan.pl\/wp-content\/uploads\/2025\/07\/Zespol_1971-128x78.jpg 128w, https:\/\/wartapoznan.pl\/wp-content\/uploads\/2025\/07\/Zespol_1971-32x20.jpg 32w\" sizes=\"(max-width: 1000px) 100vw, 1000px\" \/><\/p>\n<p><em>(Zbigniew Zawal, pierwszy w od lewej w tylnym rz\u0119dzie)<\/em><\/p>\n<p>Po zako\u0144czeniu kariery zawodniczej przez kilkana\u015bcie lat by\u0142 trenerem grup m\u0142odzie\u017cowych.<\/p>\n<p>Ceremonia pogrzebowa odb\u0119dzie si\u0119 31.07. na cmentarzu przy ul Nowina, o godz. 10.00.<br \/>\n(Godz. 10..00 &#8211; Msza \u015bw, godz. 10.45 pogrzeb)<\/p>\n<p>Rodzinie, bliskim i wszystkim osobom, pogr\u0105\u017conym w smutku po \u015bmierci \u015bp. Zbigniewa Zawa\u0142a , sk\u0142adamy wyrazy g\u0142\u0119bokiego wsp\u00f3\u0142czucia.<\/p>\n","protected":false},"excerpt":{"rendered":"<p>19 lipca odszed\u0142 w wieku 78 lat pi\u0142karz Warty Pozna\u0144 Zbigniew Zawal. Rozegra\u0142 ok.280 spotka\u0144 w latach 1960-1974 w tym&#8230;<\/p>\n","protected":false},"author":36,"featured_media":42051,"comment_status":"closed","ping_status":"closed","sticky":false,"template":"","format":"standard","meta":{"om_disable_all_campaigns":false,"inline_featured_image":false,"footnotes":"","_links_to":"","_links_to_target":""},"categories":[94,1],"tags":[],"aioseo_notices":[],"_links":{"self":[{"href":"https:\/\/wartapoznan.pl\/index.php\/wp-json\/wp\/v2\/posts\/42546"}],"collection":[{"href":"https:\/\/wartapoznan.pl\/index.php\/wp-json\/wp\/v2\/posts"}],"about":[{"href":"https:\/\/wartapoznan.pl\/index.php\/wp-json\/wp\/v2\/types\/post"}],"author":[{"embeddable":true,"href":"https:\/\/wartapoznan.pl\/index.php\/wp-json\/wp\/v2\/users\/36"}],"replies":[{"embeddable":true,"href":"https:\/\/wartapoznan.pl\/index.php\/wp-json\/wp\/v2\/comments?post=42546"}],"version-history":[{"count":1,"href":"https:\/\/wartapoznan.pl\/index.php\/wp-json\/wp\/v2\/posts\/42546\/revisions"}],"predecessor-version":[{"id":42549,"href":"https:\/\/wartapoznan.pl\/index.php\/wp-json\/wp\/v2\/posts\/42546\/revisions\/42549"}],"wp:featuredmedia":[{"embeddable":true,"href":"https:\/\/wartapoznan.pl\/index.php\/wp-json\/wp\/v2\/media\/42051"}],"wp:attachment":[{"href":"https:\/\/wartapoznan.pl\/index.php\/wp-json\/wp\/v2\/media?parent=42546"}],"wp:term":[{"taxonomy":"category","embeddable":true,"href":"https:\/\/wartapoznan.pl\/index.php\/wp-json\/wp\/v2\/categories?post=42546"},{"taxonomy":"post_tag","embeddable":true,"href":"https:\/\/wartapoznan.pl\/index.php\/wp-json\/wp\/v2\/tags?post=42546"}],"curies":[{"name":"wp","href":"https:\/\/api.w.org\/{rel}","templated":true}]}}