{"id":42785,"date":"2025-08-20T13:25:07","date_gmt":"2025-08-20T11:25:07","guid":{"rendered":"https:\/\/wartapoznan.pl\/?p=42785"},"modified":"2025-08-20T13:25:07","modified_gmt":"2025-08-20T11:25:07","slug":"milosz-londka-nowym-managerem-klubu-warty-poznan","status":"publish","type":"post","link":"https:\/\/wartapoznan.pl\/index.php\/2025\/08\/20\/milosz-londka-nowym-managerem-klubu-warty-poznan\/","title":{"rendered":"Mi\u0142osz \u0141ondka nowym Managerem Klubu Warty Pozna\u0144"},"content":{"rendered":"<p><b>Mi\u0142osz \u0141ondka do\u0142\u0105czy\u0142 do Warty Pozna\u0144 S.A., obejmuj\u0105c stanowisko Managera Klubu. B\u0119dzie odpowiada\u0142 za koordynacj\u0119 dzia\u0142a\u0144 organizacyjnych i realizacj\u0119 kluczowych projekt\u00f3w.<\/b><\/p>\n<p><span style=\"font-weight: 400;\">Mi\u0142osz \u0141ondka jest absolwentem studi\u00f3w licencjackich na kierunku sport (specjalizacja: trener pi\u0142karski i zarz\u0105dzanie) na Akademii Wychowania Fizycznego im. Eugeniusza Piaseckiego w Poznaniu oraz studi\u00f3w magisterskich na kierunku zarz\u0105dzanie przedsi\u0119biorstwem na Uniwersytecie WSB Merito w Poznaniu. Ponadto uko\u0144czy\u0142 presti\u017cowy program UEFA Certificate in Football Management, realizowany przez Universit\u00e9 de Lausanne.<\/span><\/p>\n<p><span style=\"font-weight: 400;\">Nowy Manager Klubu od wielu lat jest profesjonalnie zwi\u0105zany ze \u015brodowiskiem pi\u0142karskim. Karier\u0119 zawodow\u0105 rozwija\u0142 w strukturach Wielkopolskiego Zwi\u0105zku Pi\u0142ki No\u017cnej, gdzie odpowiada\u0142 m.in. za strategi\u0119 marketingow\u0105, sponsoring oraz komunikacj\u0119. Pe\u0142ni\u0142 funkcj\u0119 przewodnicz\u0105cego Wydzia\u0142u Gier i Ewidencji, a tak\u017ce wsp\u00f3\u0142organizowa\u0142 presti\u017cowe imprezy sportowe o randze mi\u0119dzynarodowej. Kolejne do\u015bwiadczenia zdobywa\u0142 w FOGO Futsal Ekstraklasie, gdzie jako dyrektor operacyjny i komisarz ligi odpowiada\u0142 za rozw\u00f3j rozgrywek oraz budowanie wizerunku futsalu w Polsce. Pracowa\u0142 r\u00f3wnie\u017c w KKS Lech Pozna\u0144 S.A. jako specjalista ds. organizacji sportu.<\/span><\/p>\n<p><span style=\"font-weight: 400;\">W Warcie Pozna\u0144 b\u0119dzie odpowiada\u0142 za koordynacj\u0119 proces\u00f3w organizacyjnych, nadz\u00f3r nad kluczowymi projektami oraz rozw\u00f3j wsp\u00f3\u0142pracy z partnerami biznesowymi, wspieraj\u0105c tym samym d\u0142ugofalow\u0105 strategi\u0119 rozwoju klubu. W tym zakresie b\u0119dzie \u015bci\u015ble wsp\u00f3\u0142pracowa\u0142 z prezesem Warty Pozna\u0144 S.A., Arturem Meissnerem.<\/span><\/p>\n<p><span style=\"font-weight: 400;\">\u2013 <\/span><i><span style=\"font-weight: 400;\">Warta Pozna\u0144 to klub z dusz\u0105, histori\u0105 i wiernymi kibicami, dlatego tym bardziej jestem dumny, \u017ce mog\u0119 sta\u0107 si\u0119 jego cz\u0119\u015bci\u0105. Przed nami ciekawe wyzwania i ambitne cele do zrealizowania. Do\u0142\u0105czam do zespo\u0142u z du\u017c\u0105 motywacj\u0105, by swoj\u0105 prac\u0105 wnie\u015b\u0107 warto\u015b\u0107 i wsp\u00f3lnie budowa\u0107 silny klub, kt\u00f3ry b\u0119dzie cieszy\u0142 kibic\u00f3w w Poznaniu i ca\u0142ej Wielkopolsce<\/span><\/i><span style=\"font-weight: 400;\"> \u2013 powiedzia\u0142 Mi\u0142osz \u0141ondka.<\/span><\/p>\n<p><span style=\"font-weight: 400;\">Witamy w Zielonej Rodzinie!<\/span><\/p>\n<p>&nbsp;<\/p>\n","protected":false},"excerpt":{"rendered":"<p>Mi\u0142osz \u0141ondka do\u0142\u0105czy\u0142 do Warty Pozna\u0144 S.A., obejmuj\u0105c stanowisko Managera Klubu. B\u0119dzie odpowiada\u0142 za koordynacj\u0119 dzia\u0142a\u0144 organizacyjnych i realizacj\u0119 kluczowych&#8230;<\/p>\n","protected":false},"author":36,"featured_media":42786,"comment_status":"closed","ping_status":"closed","sticky":false,"template":"","format":"standard","meta":{"om_disable_all_campaigns":false,"inline_featured_image":false,"footnotes":"","_links_to":"","_links_to_target":""},"categories":[94,1],"tags":[],"aioseo_notices":[],"_links":{"self":[{"href":"https:\/\/wartapoznan.pl\/index.php\/wp-json\/wp\/v2\/posts\/42785"}],"collection":[{"href":"https:\/\/wartapoznan.pl\/index.php\/wp-json\/wp\/v2\/posts"}],"about":[{"href":"https:\/\/wartapoznan.pl\/index.php\/wp-json\/wp\/v2\/types\/post"}],"author":[{"embeddable":true,"href":"https:\/\/wartapoznan.pl\/index.php\/wp-json\/wp\/v2\/users\/36"}],"replies":[{"embeddable":true,"href":"https:\/\/wartapoznan.pl\/index.php\/wp-json\/wp\/v2\/comments?post=42785"}],"version-history":[{"count":1,"href":"https:\/\/wartapoznan.pl\/index.php\/wp-json\/wp\/v2\/posts\/42785\/revisions"}],"predecessor-version":[{"id":42788,"href":"https:\/\/wartapoznan.pl\/index.php\/wp-json\/wp\/v2\/posts\/42785\/revisions\/42788"}],"wp:featuredmedia":[{"embeddable":true,"href":"https:\/\/wartapoznan.pl\/index.php\/wp-json\/wp\/v2\/media\/42786"}],"wp:attachment":[{"href":"https:\/\/wartapoznan.pl\/index.php\/wp-json\/wp\/v2\/media?parent=42785"}],"wp:term":[{"taxonomy":"category","embeddable":true,"href":"https:\/\/wartapoznan.pl\/index.php\/wp-json\/wp\/v2\/categories?post=42785"},{"taxonomy":"post_tag","embeddable":true,"href":"https:\/\/wartapoznan.pl\/index.php\/wp-json\/wp\/v2\/tags?post=42785"}],"curies":[{"name":"wp","href":"https:\/\/api.w.org\/{rel}","templated":true}]}}