{"id":42793,"date":"2025-08-21T17:00:00","date_gmt":"2025-08-21T15:00:00","guid":{"rendered":"https:\/\/wartapoznan.pl\/?p=42793"},"modified":"2025-08-21T12:36:13","modified_gmt":"2025-08-21T10:36:13","slug":"betclic-2-liga-rekord-bielsko-biala-vs-warta-poznan-zapowiedz-meczu","status":"publish","type":"post","link":"https:\/\/wartapoznan.pl\/index.php\/2025\/08\/21\/betclic-2-liga-rekord-bielsko-biala-vs-warta-poznan-zapowiedz-meczu\/","title":{"rendered":"Betclic 2 Liga: Rekord Bielsko-Bia\u0142a vs. Warta Pozna\u0144. Zapowiedz meczu."},"content":{"rendered":"<p><b>Warta Pozna\u0144 wci\u0105\u017c czeka na pierwsze zwyci\u0119stwo w obecnym sezonie, a szansa na prze\u0142amanie nadarzy si\u0119 ju\u017c w najbli\u017cszy pi\u0105tek. Zieloni zmierz\u0105 si\u0119 z Rekordem Bielsko-Bia\u0142a w meczu, kt\u00f3ry zapisze si\u0119 w historii \u2013 b\u0119dzie to bowiem pierwsze ligowe spotkanie tych dw\u00f3ch dru\u017cyn. Warciarze powalcz\u0105 w nim o premierowe zwyci\u0119stwo w obecnym sezonie, a rywale postaraj\u0105 si\u0119 potwierdzi\u0107 dobr\u0105 dyspozycj\u0119 z pocz\u0105tku rozgrywek.<\/b><\/p>\n<p><span style=\"font-weight: 400;\">Rekord ma na koncie siedem punkt\u00f3w. Sezon rozpocz\u0105\u0142 od zwyci\u0119stwa, p\u00f3\u017aniej zanotowa\u0142 remis, nast\u0119pnie przyszed\u0142 czas na pora\u017ck\u0119, a w ostatniej kolejce ponownie si\u0119gn\u0105\u0142 po trzy punkty. Dru\u017cyna z Bielska-Bia\u0142ej musia\u0142a jednak po\u017cegna\u0107 si\u0119 ju\u017c z Pucharem Polski, w przeciwie\u0144stwie do Warty, kt\u00f3ra wci\u0105\u017c pozostaje w grze.<\/span><\/p>\n<p><span style=\"font-weight: 400;\">W nadchodz\u0105cym meczu z pewno\u015bci\u0105 b\u0119dzie trzeba uwa\u017ca\u0107 na napastnika Rekordu, <\/span>Daniela \u015awiderskiego<span style=\"font-weight: 400;\">, kr\u00f3la strzelc\u00f3w poprzedniego sezonu Betclic 2. Ligi. Cho\u0107 w obecnych rozgrywkach nie zdoby\u0142 jeszcze bramki, jego potencja\u0142 ofensywny wci\u0105\u017c powinien budzi\u0107 respekt. Z czego zdaje sobie spraw\u0119 trener ,,Zielonych\u201d Maciej Tokarczyk:<\/span><\/p>\n<p><i><span style=\"font-weight: 400;\">Rekord to dru\u017cyna, kt\u00f3ra bardzo cz\u0119sto gra bezpo\u015brednio, wykorzystuj\u0105c swoje najwi\u0119ksze atuty. Nale\u017cy tu wymieni\u0107 przede wszystkim znakomitego napastnika Daniela \u015awiderskiego, rozgrywaj\u0105cego Jana Ciuck\u0119 wyst\u0119puj\u0105cego na pozycji numer 10 oraz Mateusza Klichowicza, kt\u00f3ry \u015bwietnie odnajduje si\u0119 w dzia\u0142aniach za lini\u0105 obrony, dysponuje dobrym dryblingiem, potrafi z\u0142ama\u0107 akcj\u0119 do \u015brodka i odda\u0107 gro\u017any strza\u0142. To elementy, na kt\u00f3re musimy szczeg\u00f3lnie uwa\u017ca\u0107.<\/span><\/i><\/p>\n<p><span style=\"font-weight: 400;\">Trener Warty Pozna\u0144 zwraca r\u00f3wnie\u017c uwag\u0119 na inne atuty zespo\u0142u z Bielska-Bia\u0142ej:<\/span><\/p>\n<p><i><span style=\"font-weight: 400;\">Rekord jest bardzo gro\u017any przy sta\u0142ych fragmentach gry i na to szczeg\u00f3lnie uczulamy naszych zawodnik\u00f3w. Dodatkowo czeka nas kolejny mecz wyjazdowy, co zawsze stanowi pewne wyzwanie w kontek\u015bcie regeneracji. To jednak element, na kt\u00f3ry mamy realny wp\u0142yw i dysponujemy odpowiednimi mo\u017cliwo\u015bciami, aby dobrze sobie z tym poradzi\u0107, dlatego w tym aspekcie jeste\u015bmy spokojni.<\/span><\/i><\/p>\n<p><span style=\"font-weight: 400;\">Trener Warty zaznacza, \u017ce w kontek\u015bcie meczu z Rekordem nie liczy si\u0119 aktualna pozycja obu zespo\u0142\u00f3w w ligowej stawce, bo to nie ona definiuje poziom trudno\u015bci spotkania.<\/span><\/p>\n<p><i><span style=\"font-weight: 400;\">Na tym etapie rozgrywek nie sugeruj\u0119 si\u0119 ani pozycj\u0105 w tabeli, ani liczb\u0105 zdobytych punkt\u00f3w \u2013 to nie ma jeszcze wi\u0119kszego znaczenia. Istotne jest dla mnie to, w jaki spos\u00f3b zesp\u00f3\u0142 progresuje i jestem przekonany, \u017ce zwyci\u0119stwa przyjd\u0105. Oczywi\u015bcie punkty s\u0105 wa\u017cne, ale tylko do momentu pierwszego gwizdka s\u0119dziego. Potem wszystko zale\u017cy od ludzi \u2013 od ich przygotowania, formy dnia, podej\u015bcia i nastawienia. A o to w przypadku mojego zespo\u0142u jestem spokojny.<\/span><\/i><\/p>\n<p><span style=\"font-weight: 400;\">Trener Warty w rozmowie przed meczem z Rekordem Bielsko-Bia\u0142a zosta\u0142 zapytany o najwi\u0119ksze mankamenty i atuty swojego zespo\u0142u:<\/span><\/p>\n<p><i><span style=\"font-weight: 400;\">Najwi\u0119kszym mankamentem pozostaje gra w trzeciej tercji boiska, szczeg\u00f3lnie w okolicach pola karnego rywala. Du\u017co nad tym pracujemy, bo w\u0142a\u015bnie tam musimy by\u0107 bardziej zdecydowani i konkretni. Tylko wtedy b\u0119dziemy stwarza\u0107 wi\u0119cej sytuacji, oddawa\u0107 wi\u0119cej strza\u0142\u00f3w i zamienia\u0107 je na bramki oraz punkty. Kluczowa jest odwaga i precyzja w polu karnym przeciwnika.<\/span><\/i><\/p>\n<p><i><span style=\"font-weight: 400;\">Je\u015bli chodzi o najwi\u0119kszy plus, to w wielu fragmentach gry wida\u0107 ju\u017c Wart\u0119 Pozna\u0144, jak\u0105 chcemy ogl\u0105da\u0107. Budowanie akcji i kultura gry z pi\u0142k\u0105 to numer jeden. Drugim elementem jest organizacja w defensywie \u2013 zar\u00f3wno w wysokim, jak i niskim pressingu prezentujemy bardzo wysoki poziom. Oczywi\u015bcie zawsze d\u0105\u017cymy do poprawy, ale jest w tym du\u017ca powtarzalno\u015b\u0107. Potwierdza to fakt, \u017ce w trzech ostatnich meczach, licz\u0105c z Pucharem, stracili\u015bmy tylko jednego gola. To pokazuje, \u017ce solidne fundamenty ju\u017c dzia\u0142aj\u0105 i przek\u0142adaj\u0105 si\u0119 na liczby. Teraz musimy to piel\u0119gnowa\u0107 i po odbiorze pi\u0142ki jeszcze cz\u0119\u015bciej przek\u0142ada\u0107 dobr\u0105 organizacj\u0119 w defensywie na skuteczne dzia\u0142ania w ofensywie.<\/span><\/i><\/p>\n<p><span style=\"font-weight: 400;\">Spotkanie b\u0119dzie mia\u0142o tak\u017ce kilka ciekawych kontekst\u00f3w personalnych. Trener Warty Pozna\u0144, Maciej Tokarczyk, w przesz\u0142o\u015bci prowadzi\u0142 m\u0142odzie\u017cow\u0105 dru\u017cyn\u0119 Rekordu, a obecny skrzyd\u0142owy Zielonych, Filip Walu\u015b, jeszcze niedawno reprezentowa\u0142 barwy klubu z Bielska-Bia\u0142ej.<\/span> <span style=\"font-weight: 400;\">Ten ostatni,<\/span> <span style=\"font-weight: 400;\">zapytany o to, czy spotkanie z by\u0142ym klubem ma dla niego wyj\u0105tkowy charakter, nie ukrywa\u0142, \u017ce b\u0119dzie to szczeg\u00f3lne starcie:<\/span><\/p>\n<p><i><span style=\"font-weight: 400;\">Sk\u0142ad Rekordu jest ju\u017c inny ni\u017c wtedy, gdy tam gra\u0142em, ale mimo to b\u0119dzie to dla mnie wyj\u0105tkowy mecz. Naszym g\u0142\u00f3wnym celem jest pierwsze zwyci\u0119stwo w lidze \u2013 chcemy w ko\u0144cu przywie\u017a\u0107 trzy punkty do Poznania.<\/span><\/i><\/p>\n","protected":false},"excerpt":{"rendered":"<p>Warta Pozna\u0144 wci\u0105\u017c czeka na pierwsze zwyci\u0119stwo w obecnym sezonie, a szansa na prze\u0142amanie nadarzy si\u0119 ju\u017c w najbli\u017cszy pi\u0105tek&#8230;.<\/p>\n","protected":false},"author":36,"featured_media":42794,"comment_status":"closed","ping_status":"closed","sticky":false,"template":"","format":"standard","meta":{"om_disable_all_campaigns":false,"inline_featured_image":false,"footnotes":"","_links_to":"","_links_to_target":""},"categories":[1],"tags":[],"aioseo_notices":[],"_links":{"self":[{"href":"https:\/\/wartapoznan.pl\/index.php\/wp-json\/wp\/v2\/posts\/42793"}],"collection":[{"href":"https:\/\/wartapoznan.pl\/index.php\/wp-json\/wp\/v2\/posts"}],"about":[{"href":"https:\/\/wartapoznan.pl\/index.php\/wp-json\/wp\/v2\/types\/post"}],"author":[{"embeddable":true,"href":"https:\/\/wartapoznan.pl\/index.php\/wp-json\/wp\/v2\/users\/36"}],"replies":[{"embeddable":true,"href":"https:\/\/wartapoznan.pl\/index.php\/wp-json\/wp\/v2\/comments?post=42793"}],"version-history":[{"count":1,"href":"https:\/\/wartapoznan.pl\/index.php\/wp-json\/wp\/v2\/posts\/42793\/revisions"}],"predecessor-version":[{"id":42796,"href":"https:\/\/wartapoznan.pl\/index.php\/wp-json\/wp\/v2\/posts\/42793\/revisions\/42796"}],"wp:featuredmedia":[{"embeddable":true,"href":"https:\/\/wartapoznan.pl\/index.php\/wp-json\/wp\/v2\/media\/42794"}],"wp:attachment":[{"href":"https:\/\/wartapoznan.pl\/index.php\/wp-json\/wp\/v2\/media?parent=42793"}],"wp:term":[{"taxonomy":"category","embeddable":true,"href":"https:\/\/wartapoznan.pl\/index.php\/wp-json\/wp\/v2\/categories?post=42793"},{"taxonomy":"post_tag","embeddable":true,"href":"https:\/\/wartapoznan.pl\/index.php\/wp-json\/wp\/v2\/tags?post=42793"}],"curies":[{"name":"wp","href":"https:\/\/api.w.org\/{rel}","templated":true}]}}