{"id":42806,"date":"2025-08-21T13:25:38","date_gmt":"2025-08-21T11:25:38","guid":{"rendered":"https:\/\/wartapoznan.pl\/?p=42806"},"modified":"2025-08-22T15:18:09","modified_gmt":"2025-08-22T13:18:09","slug":"rozklad-gie-akademii-warty-poznan","status":"publish","type":"post","link":"https:\/\/wartapoznan.pl\/index.php\/2025\/08\/21\/rozklad-gie-akademii-warty-poznan\/","title":{"rendered":"Rozk\u0142ad gier Akademii Warty Pozna\u0144"},"content":{"rendered":"<p><strong>Bardzo udan\u0105 inauguracj\u0119 sezonu zaliczy\u0142y nasze Warcianki z zespo\u0142u do lat 16, kt\u00f3re w pierwszej kolejce Centralnej Ligi Juniorek, rozgrywanej wyj\u0105tkowo w pi\u0105tek, pokona\u0142y a\u017c 7:0 Poloni\u0119 \u015aroda Wlkp., ale to dopiero pocz\u0105tek emocji jakie czekaj\u0105 nas podczas tego weekendu w spotkaniach zespo\u0142\u00f3w Akademii Warty Pozna\u0144. Oto pe\u0142en harmonogram gier.<\/strong><\/p>\n<p><strong>UKS \u015arem &#8211; Warta II Pozna\u0144<\/strong><\/p>\n<p>4. kolejka Red Box V Ligi<\/p>\n<p><em>sobota, godz. 12:00 &#8211; \u015arem<\/em><\/p>\n<p><strong>Calisia Kalisz &#8211; Warta Pozna\u0144<\/strong><\/p>\n<p>2. kolejka Ligi Wojew\u00f3dzkiej do lat 19<\/p>\n<p><em>sobota, godz. 17:00 &#8211; Kalisz<\/em><\/p>\n<p><strong>Warta Pozna\u0144 &#8211; Polonia \u015aroda Wlkp.<\/strong><\/p>\n<p>3. kolejka Ligi Wojew\u00f3dzkiej do lat 16<\/p>\n<p><em>sobota, godz. 9:00 &#8211; Pozna\u0144, ul. Warmi\u0144ska<\/em><\/p>\n<p><strong>Arka Gdynia &#8211; Warta Pozna\u0144\u00a0<\/strong><\/p>\n<p>1. kolejka Centralnej Ligi Junior\u00f3w do lat 15<\/p>\n<p><em>niedziela, godz. 13:00 &#8211; Gdynia<\/em><\/p>\n<p><strong>B\u0142\u0119kitni Wronki &#8211; Warta Pozna\u0144 U-14<\/strong><\/p>\n<p>3. kolejka II Ligi Wojew\u00f3dzkiej U-15<\/p>\n<p><em>sobota, godz. 10:00 &#8211; Popowo<\/em><\/p>\n<p><strong>Warta Pozna\u0144 U-12 &#8211; Olimpia Plewiska<\/strong><\/p>\n<p>3. kolejka II Ligi Wojew\u00f3dzkiej do lat 13<\/p>\n<p><em>sobota, godz. 14:00 &#8211; Pozna\u0144, ul. Harcerska<\/em><\/p>\n<p><strong>Pozna\u0144ska 13 &#8211; Warta Pozna\u0144 U-11<\/strong><\/p>\n<p>3. kolejka II Ligi Wojew\u00f3dzkiej U-12<\/p>\n<p><em>niedziela, godz. 9:00 &#8211; Pozna\u0144, ul. Armii Pozna\u0144<\/em><\/p>\n<p><strong>UKS AS Czempi\u0144 &#8211; Warta Pozna\u0144<\/strong><\/p>\n<p>gra kontrolna zespo\u0142u U-8<\/p>\n<p><em>sobota, godz. 12:00 &#8211; Czempi\u0144<\/em><\/p>\n<p><strong>Gap Czacz \u015amigiel &#8211; Warta Pozna\u0144<\/strong><\/p>\n<p>gra kontrolna zespo\u0142u \u017ce\u0144skiego do lat 13<\/p>\n<p><em>niedziela, godz. 11:00 &#8211; \u015amigiel<\/em><\/p>\n<p><strong>Lech Pozna\u0144 &#8211; Warta Pozna\u0144<\/strong><\/p>\n<p>gra kontrolna zespo\u0142u \u017ce\u0144skiego do lat 11<\/p>\n<p><em>niedziela, godz. 16:00 &#8211; Pozna\u0144, ul. Bu\u0142garska<\/em><\/p>\n<p>\u017byczymy samych zwyci\u0119stw!<\/p>\n<p>&nbsp;<\/p>\n","protected":false},"excerpt":{"rendered":"<p>Bardzo udan\u0105 inauguracj\u0119 sezonu zaliczy\u0142y nasze Warcianki z zespo\u0142u do lat 16, kt\u00f3re w pierwszej kolejce Centralnej Ligi Juniorek, rozgrywanej&#8230;<\/p>\n","protected":false},"author":39,"featured_media":42807,"comment_status":"closed","ping_status":"closed","sticky":false,"template":"","format":"standard","meta":{"om_disable_all_campaigns":false,"inline_featured_image":false,"footnotes":"","_links_to":"","_links_to_target":""},"categories":[95,96],"tags":[],"aioseo_notices":[],"_links":{"self":[{"href":"https:\/\/wartapoznan.pl\/index.php\/wp-json\/wp\/v2\/posts\/42806"}],"collection":[{"href":"https:\/\/wartapoznan.pl\/index.php\/wp-json\/wp\/v2\/posts"}],"about":[{"href":"https:\/\/wartapoznan.pl\/index.php\/wp-json\/wp\/v2\/types\/post"}],"author":[{"embeddable":true,"href":"https:\/\/wartapoznan.pl\/index.php\/wp-json\/wp\/v2\/users\/39"}],"replies":[{"embeddable":true,"href":"https:\/\/wartapoznan.pl\/index.php\/wp-json\/wp\/v2\/comments?post=42806"}],"version-history":[{"count":2,"href":"https:\/\/wartapoznan.pl\/index.php\/wp-json\/wp\/v2\/posts\/42806\/revisions"}],"predecessor-version":[{"id":42810,"href":"https:\/\/wartapoznan.pl\/index.php\/wp-json\/wp\/v2\/posts\/42806\/revisions\/42810"}],"wp:featuredmedia":[{"embeddable":true,"href":"https:\/\/wartapoznan.pl\/index.php\/wp-json\/wp\/v2\/media\/42807"}],"wp:attachment":[{"href":"https:\/\/wartapoznan.pl\/index.php\/wp-json\/wp\/v2\/media?parent=42806"}],"wp:term":[{"taxonomy":"category","embeddable":true,"href":"https:\/\/wartapoznan.pl\/index.php\/wp-json\/wp\/v2\/categories?post=42806"},{"taxonomy":"post_tag","embeddable":true,"href":"https:\/\/wartapoznan.pl\/index.php\/wp-json\/wp\/v2\/tags?post=42806"}],"curies":[{"name":"wp","href":"https:\/\/api.w.org\/{rel}","templated":true}]}}