{"id":42904,"date":"2025-08-28T19:35:52","date_gmt":"2025-08-28T17:35:52","guid":{"rendered":"https:\/\/wartapoznan.pl\/?p=42904"},"modified":"2025-08-28T19:35:52","modified_gmt":"2025-08-28T17:35:52","slug":"warta-poznan-ze-zgoda-na-powrot-do-domu","status":"publish","type":"post","link":"https:\/\/wartapoznan.pl\/index.php\/2025\/08\/28\/warta-poznan-ze-zgoda-na-powrot-do-domu\/","title":{"rendered":"Warta Pozna\u0144 ze zgod\u0105 na powr\u00f3t do domu."},"content":{"rendered":"<p><strong>Komisja Licencyjna PZPN dopu\u015bci\u0142a stadion przy Drodze D\u0119bi\u0144skiej 12 do rozgrywek II ligi. To oznacza, \u017ce Warta mo\u017ce wr\u00f3ci\u0107 do Poznania i rozgrywa\u0107 tu swoje mecze. Konieczne jest tylko dopi\u0119cie ostatnich formalno\u015bci, kt\u00f3re zadecyduj\u0105 o dacie pierwszego meczu w Poznaniu.<\/strong><\/p>\n<p><em>\u201eW ko\u0144cu mog\u0119 powiedzie\u0107: mamy to. Moment, na kt\u00f3ry pracowali\u015bmy tak d\u0142ugo i tak ci\u0119\u017cko, w ko\u0144cu staje si\u0119 rzeczywisto\u015bci\u0105. Dzisiejsza decyzja Komisji PZPN oznacza, \u017ce mo\u017cemy oficjalnie zmieni\u0107 miejsce rozgrywania mecz\u00f3w domowych z Grodziska na Drog\u0119 D\u0119bi\u0144sk\u0105. Jeste\u015bmy gotowi. Dzi\u015b pozostaje ju\u017c tylko pytanie: kiedy odb\u0119dzie si\u0119 pierwszy mecz w Poznaniu? Wiemy na pewno, \u017ce b\u0119dzie to we wrze\u015bniu\u201d <\/em>\u2013 komentuje Artur Meissner, Prezes Zarz\u0105du Warty Pozna\u0144 SA. &#8211;\u00a0<em> \u201eKto\u015b powie: co to za stadion? Ma\u0142a trybuna i kontenery. Owszem, nie jest to mo\u017ce stadion, jaki by si\u0119 nam marzy\u0142, ale gdy patrz\u0119 na ogrom pracy, kt\u00f3ry klub i jego w\u0142a\u015bciciel, Bart\u0142omiej Farjaszewski, w\u0142o\u017cyli w powr\u00f3t do Poznania, ilo\u015b\u0107 przeszk\u00f3d, kt\u00f3re musieli\u015bmy pokona\u0107, i fakt, \u017ce wi\u0119kszo\u015b\u0107 tego ci\u0119\u017caru spoczywa\u0142a na naszych barkach \u2013 to jestem po prostu szcz\u0119\u015bliwy i dumny. G\u0142\u0119boko wierz\u0119 r\u00f3wnie\u017c w dobr\u0105 wol\u0119 w\u0142odarzy miasta i deklaracje dotycz\u0105ce dalszego rozwoju infrastruktury przy DD12.\u201d<\/em><\/p>\n<p>Walka klubu o powr\u00f3t na DD12 trwa\u0142a od kilku miesi\u0119cy, a ostatni czas to ju\u017c intensywne prace wykonawcze. G\u0142\u00f3wnymi wyzwaniami by\u0142y zar\u00f3wno sprawy formalno-prawne, jak i infrastrukturalne: poza p\u0142yt\u0105 g\u0142\u00f3wn\u0105 obiekt nie by\u0142 u\u017cywany od 6 lat. W \u201eOgr\u00f3dku\u201d zdemontowano stare trybuny, kt\u00f3re zast\u0105pi\u0142y nowe, zakupione przez w\u0142a\u015bciciela Bart\u0142omieja Farjaszewskiego, podobnie jak kontenery, w kt\u00f3rych mieszcz\u0105 si\u0119 m.in. szatnie, pokoje s\u0119dzi\u00f3w i delegat\u00f3w, kontrola antydopingowa, toalety, punkt medyczny, sala konferencyjna i inne niezb\u0119dne pomieszczenia. Ca\u0142y teren, kt\u00f3ry wcze\u015bniej poro\u015bni\u0119ty by\u0142 krzakami i chwastami, zosta\u0142 oczyszczony i ogrodzony. Na stadionie pojawi\u0142a si\u0119 wie\u017ca TV oraz tablica wynik\u00f3w. Do stanu u\u017cywalno\u015bci przywr\u00f3cono bramy i kasy. Zosta\u0142 przygotowany parking dla autokar\u00f3w i delegat\u00f3w. Wszystkie budynki otrzyma\u0142y odpowiednie przy\u0142\u0105cza elektryczne i kanalizacyjne. Prace nad tymi i wieloma innymi elementami trwa\u0142y przez ostatnie tygodnie od rana do wieczora, a uczestniczyli w nich niemal wszyscy pracownicy klubu, partnerskie firmy, a tak\u017ce kibice \u201eZielonych\u201d, kt\u00f3rzy po\u015bwi\u0119cali sw\u00f3j wolny czas, \u017ceby pom\u00f3c w pracach.<\/p>\n<p><em>\u201ePierwsza kontrola Komisji Bezpiecze\u0144stwa na Obiektach Pi\u0142karskich PZPN mia\u0142a miejsce ju\u017c w zesz\u0142ym tygodniu. Po niej otrzymali\u015bmy list\u0119 zalece\u0144, kt\u00f3re musieli\u015bmy uzupe\u0142ni\u0107 w zaledwie kilka dni. Dzi\u015b Komisja Licencyjna PZPN, po odbytym posiedzeniu, poinformowa\u0142a nas o dopuszczeniu stadionu do u\u017cytkowania, bez uwag. \u017beby zagra\u0107, czeka nas jeszcze droga proceduralna: musimy z\u0142o\u017cy\u0107 odpowiedni wniosek do Departamentu Rozgrywek Krajowych. Na rozegranie ju\u017c najbli\u017cszego meczu domowego, zaplanowanego na 7 wrze\u015bnia, zgod\u0119 wyrazi\u0107 musi r\u00f3wnie\u017c Zag\u0142\u0119bie Sosnowiec. Chodzi o to, \u017ce ze wzgl\u0119du na konieczno\u015b\u0107 wniesienia poprawek nasz wniosek jest sk\u0142adany na mniej ni\u017c 14 dni przed meczem, a to wymaga zgody dru\u017cyny przeciwnej. Zag\u0142\u0119bie jednak by\u0142o informowane o sytuacji ju\u017c wcze\u015bniej, wiedzia\u0142o, \u017ce b\u0119dziemy gotowi, i mamy nadziej\u0119, \u017ce ich decyzja b\u0119dzie &#8222;na tak&#8221; \u2013 to oznacza, \u017ce b\u0119dziemy mogli zagra\u0107 w domu ju\u017c w 7. kolejce. Decyzj\u0119 w tym temacie otrzymamy najprawdopodobniej jutro\u201d<\/em> \u2013 m\u00f3wi Mi\u0142osz \u0141ondka, Manager Klubu.<\/p>\n<p>Z powrotu na stadion zadowolony jest tak\u017ce trener Tokarczyk:<\/p>\n<p><em>\u201cWiadomo, \u017ce gra przed w\u0142asn\u0105 publiczno\u015bci\u0105 dodaje skrzyde\u0142. Co prawda na wyjazdy je\u017adzi z nami grupka kibic\u00f3w i bardzo im za to dzi\u0119kujemy, jednak gra na swoim terenie to co\u015b zupe\u0142nie innego. Wierz\u0119 g\u0142\u0119boko, \u017ce doping naszych kibic\u00f3w na w\u0142asnym obiekcie doda nam energii i poprowadzi do zwyci\u0119stwa\u201d<\/em> \u2013 powiedzia\u0142 trener Maciej Tokarczyk.<\/p>\n","protected":false},"excerpt":{"rendered":"<p>Komisja Licencyjna PZPN dopu\u015bci\u0142a stadion przy Drodze D\u0119bi\u0144skiej 12 do rozgrywek II ligi. To oznacza, \u017ce Warta mo\u017ce wr\u00f3ci\u0107 do&#8230;<\/p>\n","protected":false},"author":36,"featured_media":42051,"comment_status":"closed","ping_status":"closed","sticky":false,"template":"","format":"standard","meta":{"om_disable_all_campaigns":false,"inline_featured_image":false,"footnotes":"","_links_to":"","_links_to_target":""},"categories":[94,1],"tags":[],"aioseo_notices":[],"_links":{"self":[{"href":"https:\/\/wartapoznan.pl\/index.php\/wp-json\/wp\/v2\/posts\/42904"}],"collection":[{"href":"https:\/\/wartapoznan.pl\/index.php\/wp-json\/wp\/v2\/posts"}],"about":[{"href":"https:\/\/wartapoznan.pl\/index.php\/wp-json\/wp\/v2\/types\/post"}],"author":[{"embeddable":true,"href":"https:\/\/wartapoznan.pl\/index.php\/wp-json\/wp\/v2\/users\/36"}],"replies":[{"embeddable":true,"href":"https:\/\/wartapoznan.pl\/index.php\/wp-json\/wp\/v2\/comments?post=42904"}],"version-history":[{"count":2,"href":"https:\/\/wartapoznan.pl\/index.php\/wp-json\/wp\/v2\/posts\/42904\/revisions"}],"predecessor-version":[{"id":42906,"href":"https:\/\/wartapoznan.pl\/index.php\/wp-json\/wp\/v2\/posts\/42904\/revisions\/42906"}],"wp:featuredmedia":[{"embeddable":true,"href":"https:\/\/wartapoznan.pl\/index.php\/wp-json\/wp\/v2\/media\/42051"}],"wp:attachment":[{"href":"https:\/\/wartapoznan.pl\/index.php\/wp-json\/wp\/v2\/media?parent=42904"}],"wp:term":[{"taxonomy":"category","embeddable":true,"href":"https:\/\/wartapoznan.pl\/index.php\/wp-json\/wp\/v2\/categories?post=42904"},{"taxonomy":"post_tag","embeddable":true,"href":"https:\/\/wartapoznan.pl\/index.php\/wp-json\/wp\/v2\/tags?post=42904"}],"curies":[{"name":"wp","href":"https:\/\/api.w.org\/{rel}","templated":true}]}}