{"id":43050,"date":"2025-09-06T21:14:07","date_gmt":"2025-09-06T19:14:07","guid":{"rendered":"https:\/\/wartapoznan.pl\/?p=43050"},"modified":"2025-09-06T21:14:07","modified_gmt":"2025-09-06T19:14:07","slug":"betclic-2-liga-warta-poznan-vs-zaglebie-sosnowiec","status":"publish","type":"post","link":"https:\/\/wartapoznan.pl\/index.php\/2025\/09\/06\/betclic-2-liga-warta-poznan-vs-zaglebie-sosnowiec\/","title":{"rendered":"Betclic 2 Liga. Warta Pozna\u0144 vs Zag\u0142\u0119bie Sosnowiec."},"content":{"rendered":"<p><b>To b\u0119dzie wyj\u0105tkowy dzie\u0144 dla ca\u0142ej spo\u0142eczno\u015bci Warty Pozna\u0144. W najbli\u017csz\u0105 niedziel\u0119 \u201eZieloni\u201d po sze\u015bciu latach wr\u00f3c\u0105 na stadion przy Drodze D\u0119bi\u0144skiej 12. Powr\u00f3t na historyczny obiekt budzi ogromne emocje \u2013 zar\u00f3wno w\u015br\u00f3d kibic\u00f3w, jak i w samym klubie. Zainteresowanie meczem jest ogromne, szybko wyprzeda\u0142y si\u0119 wszystkie dost\u0119pne bilety. Jednak najwa\u017cniejsze pytanie brzmi: czy powr\u00f3t do Poznania zostanie przypiecz\u0119towany pierwszym w tym sezonie ligowym zwyci\u0119stwem?\u00a0<\/b><\/p>\n<p><span style=\"font-weight: 400;\">Podopieczni Macieja Tokarczyka stan\u0105 przed wymagaj\u0105cym rywalem \u2013 Zag\u0142\u0119biem Sosnowiec. Dru\u017cyna ze \u015al\u0105ska, podobnie jak Warta, poszukuje swojej formy i punkt\u00f3w, co zapowiada zaci\u0119te oraz otwarte spotkanie. Oba zespo\u0142y potrzebuj\u0105 prze\u0142amania, a dodatkowym atutem gospodarzy ma by\u0107 powr\u00f3t do \u201eOgr\u00f3dka\u201d, gdzie atmosfera zawsze dodawa\u0142a pi\u0142karzom energii.<\/span><\/p>\n<p><span style=\"font-weight: 400;\">Dla Warty b\u0119dzie to szansa nie tylko na pierwsze zwyci\u0119stwo w roli gospodarza w tym sezonie, ale te\u017c na rozpocz\u0119cie nowego rozdzia\u0142u w historii klubu. Powr\u00f3t na Drog\u0119 D\u0119bi\u0144sk\u0105 po sze\u015bciu latach przerwy ma by\u0107 symbolem odrodzenia i dodatkowym impulsem w walce o ligowe punkty.<\/span><\/p>\n<p><span style=\"font-weight: 400;\">Trener Tokarczyk liczy na prze\u0142amanie serii mecz\u00f3w bez zwyci\u0119stwa:<\/span><\/p>\n<p><i><span style=\"font-weight: 400;\">My\u015bl\u0119, \u017ce teraz to, co jest dla nas najistotniejsze, to praca nad mentalem, \u017ceby sta\u0107 si\u0119 naprawd\u0119 dojrza\u0142\u0105 i skuteczn\u0105 dru\u017cyn\u0105, bo nam bardzo mocno brakuje w\u0142a\u015bnie tego. Mamy jako\u015b\u0107, kt\u00f3ra pozwala nam gra\u0107 dobrze dla oka, kt\u00f3ra pozwala nam stwarza\u0107 sytuacje, ale czasami gramy jeszcze jak ch\u0142opcy, a musimy zacz\u0105\u0107 gra\u0107 jak m\u0119\u017cczy\u017ani i w tych kluczowych momentach w meczu by\u0107 po prostu do b\u00f3lu skuteczni. Nie tak pi\u0119kni, ale skuteczni, bo za pi\u0119kno, za bycie eleganckim nie otrzymuje si\u0119 punkt\u00f3w. Punkty otrzymuje si\u0119 za bramki i za zwyci\u0119stwa.<\/span><\/i><\/p>\n<p><span style=\"font-weight: 400;\">W prze\u0142amanie passy wierzy tak\u017ce Szymon Zalewski, pi\u0142karz Warty, kt\u00f3ry zesz\u0142y sezon sp\u0119dzi\u0142 w\u0142a\u015bnie w Zag\u0142\u0119biu Sosnowiec. Podobnie jak trener czuje niedosyt po meczu z Jastrz\u0119biem i czeka na starcie z by\u0142\u0105 dru\u017cyn\u0105, \u017ceby w ko\u0144cu zgarn\u0105\u0107 pe\u0142n\u0105 pul\u0119:<\/span><\/p>\n<p><i><span style=\"font-weight: 400;\">Oczywi\u015bcie czujemy, \u017ce sta\u0107 nas na wi\u0119cej i ten jeden punkt w poprzednim meczu to tak naprawd\u0119 by\u0142y dwa stracone punkty dla nas. Po prostu jechali\u015bmy tam po zwyci\u0119stwo i chcieli\u015bmy to spotkanie wygra\u0107. Natomiast my\u015bl\u0119, \u017ce taka pozytywna z\u0142o\u015b\u0107 w nadchodz\u0105cym spotkaniu nam pomo\u017ce. Jeste\u015bmy g\u0142odni tych zwyci\u0119stw i chcemy zrobi\u0107 wszystko, \u017ceby w ko\u0144cu zdoby\u0107 trzy punkty. Te brakuj\u0105ce elementy musimy poprawi\u0107 i wierz\u0119, \u017ce to ju\u017c w nadchodz\u0105cym spotkaniu p\u00f3jdzie po naszej my\u015bli.<\/span><\/i><\/p>\n<p>Pocz\u0105tek spotkania w niedziel\u0119 o godz. 16:00. Transmisja online na \u017cywo w TVP Sport od 15:53.<\/p>\n","protected":false},"excerpt":{"rendered":"<p>To b\u0119dzie wyj\u0105tkowy dzie\u0144 dla ca\u0142ej spo\u0142eczno\u015bci Warty Pozna\u0144. W najbli\u017csz\u0105 niedziel\u0119 \u201eZieloni\u201d po sze\u015bciu latach wr\u00f3c\u0105 na stadion przy&#8230;<\/p>\n","protected":false},"author":36,"featured_media":43051,"comment_status":"closed","ping_status":"closed","sticky":false,"template":"","format":"standard","meta":{"om_disable_all_campaigns":false,"inline_featured_image":false,"footnotes":"","_links_to":"","_links_to_target":""},"categories":[94,1],"tags":[],"aioseo_notices":[],"_links":{"self":[{"href":"https:\/\/wartapoznan.pl\/index.php\/wp-json\/wp\/v2\/posts\/43050"}],"collection":[{"href":"https:\/\/wartapoznan.pl\/index.php\/wp-json\/wp\/v2\/posts"}],"about":[{"href":"https:\/\/wartapoznan.pl\/index.php\/wp-json\/wp\/v2\/types\/post"}],"author":[{"embeddable":true,"href":"https:\/\/wartapoznan.pl\/index.php\/wp-json\/wp\/v2\/users\/36"}],"replies":[{"embeddable":true,"href":"https:\/\/wartapoznan.pl\/index.php\/wp-json\/wp\/v2\/comments?post=43050"}],"version-history":[{"count":3,"href":"https:\/\/wartapoznan.pl\/index.php\/wp-json\/wp\/v2\/posts\/43050\/revisions"}],"predecessor-version":[{"id":43055,"href":"https:\/\/wartapoznan.pl\/index.php\/wp-json\/wp\/v2\/posts\/43050\/revisions\/43055"}],"wp:featuredmedia":[{"embeddable":true,"href":"https:\/\/wartapoznan.pl\/index.php\/wp-json\/wp\/v2\/media\/43051"}],"wp:attachment":[{"href":"https:\/\/wartapoznan.pl\/index.php\/wp-json\/wp\/v2\/media?parent=43050"}],"wp:term":[{"taxonomy":"category","embeddable":true,"href":"https:\/\/wartapoznan.pl\/index.php\/wp-json\/wp\/v2\/categories?post=43050"},{"taxonomy":"post_tag","embeddable":true,"href":"https:\/\/wartapoznan.pl\/index.php\/wp-json\/wp\/v2\/tags?post=43050"}],"curies":[{"name":"wp","href":"https:\/\/api.w.org\/{rel}","templated":true}]}}