{"id":43056,"date":"2025-09-07T08:20:50","date_gmt":"2025-09-07T06:20:50","guid":{"rendered":"https:\/\/wartapoznan.pl\/?p=43056"},"modified":"2025-09-07T08:20:50","modified_gmt":"2025-09-07T06:20:50","slug":"bramy-bilety-parkowanie-czyli-wazne-informacje-przed-meczem-z-zaglebiem-sosnowiec","status":"publish","type":"post","link":"https:\/\/wartapoznan.pl\/index.php\/2025\/09\/07\/bramy-bilety-parkowanie-czyli-wazne-informacje-przed-meczem-z-zaglebiem-sosnowiec\/","title":{"rendered":"BRAMY, BILETY, PARKOWANIE &#8211; czyli wa\u017cne informacje przed meczem z Zag\u0142\u0119biem Sosnowiec"},"content":{"rendered":"<h3><b>Poni\u017cej wa\u017cne informacje dotycz\u0105ce organizacji w dniu meczu:\u00a0<\/b><\/h3>\n<p><b>Jak wej\u015b\u0107 na stadion?<\/b><\/p>\n<p><span style=\"font-weight: 400;\">Je\u015bli masz zwyk\u0142y bilet, skorzystaj z bramy nr 24 od ul. Droga D\u0119bi\u0144ska. Przej\u015bcie przez bramki odb\u0119dzie si\u0119 po okazaniu biletu (wydrukowanego lub w formie elektronicznej) i zeskanowaniu kodu. Pami\u0119taj, \u017ceby mie\u0107 przy sobie dow\u00f3d to\u017csamo\u015bci.<\/span><\/p>\n<p><span style=\"font-weight: 400;\">Je\u015bli jeste\u015b posiadaczem wej\u015bci\u00f3wki VIP \u2013 skorzystaj z bramy nr 23, kt\u00f3ra znajduje si\u0119 na parkingu za bibliotek\u0105 AWF. Wjazd ul. Stadionow\u0105 ko\u0142o hali City Zen. Przy wej\u015bciu zg\u0142o\u015b si\u0119 do stewarda, kt\u00f3ry odnajdzie Ciebie na li\u015bcie po okazaniu dowodu to\u017csamo\u015bci.\u00a0<\/span><\/p>\n<p><span style=\"font-weight: 400;\">Je\u015bli jeste\u015b kibicem go\u015bci &#8211; skorzystaj z bramy 29 (r\u00f3wnie\u017c od ul. Droga D\u0119bi\u0144ska)<\/span><\/p>\n<p><b>Kiedy mog\u0119 przyj\u015b\u0107 na stadion?<\/b><\/p>\n<p><span style=\"font-weight: 400;\">Bramy otwieramy o godzinie 14:30<\/span><\/p>\n<p><b>Kt\u00f3r\u0119dy mog\u0119 wyj\u015b\u0107 ze stadionu po meczu?\u00a0<\/b><\/p>\n<p><span style=\"font-weight: 400;\">Wyj\u015bcie ze stadionu po meczu b\u0119dzie mo\u017cliwe bramami od strony ul. Droga D\u0119bi\u0144ska oraz bram\u0105 VIP.<\/span><\/p>\n<p><b>Jak mam dojecha\u0107 i gdzie zaparkowa\u0107?\u00a0<\/b><\/p>\n<p><span style=\"font-weight: 400;\">Zach\u0119camy kibic\u00f3w do przyjazdu na mecz komunikacj\u0105 miejsk\u0105, rowerem lub przyj\u015bcia pieszo. Nasz stadion jest w samym centrum miasta \u2013 korzystajmy z tego!<\/span><\/p>\n<p><span style=\"font-weight: 400;\">Na stadion mo\u017cna dojecha\u0107 autobusami <\/span><b>176<\/b><span style=\"font-weight: 400;\"> i <\/span><b>603<\/b><span style=\"font-weight: 400;\"> (przystanek Bielniki) lub tramwajami i autobusami zatrzymuj\u0105cymi si\u0119 na skrzy\u017cowaniu ul. Kr\u00f3lowej Jadwigi i Drogi D\u0119bi\u0144skiej:<\/span><\/p>\n<ul>\n<li style=\"font-weight: 400;\" aria-level=\"1\"><b>Tramwaje<\/b><span style=\"font-weight: 400;\">: 2, 6, 9, 12, 14<\/span><span style=\"font-weight: 400;\">\n<p><\/span><\/li>\n<li style=\"font-weight: 400;\" aria-level=\"1\"><b>Autobusy<\/b><span style=\"font-weight: 400;\">: 174, 190, 156, 172, 212, 250, 251<\/span><span style=\"font-weight: 400;\">\n<p><\/span><\/li>\n<\/ul>\n<p><span style=\"font-weight: 400;\">Je\u015bli jednak poruszasz si\u0119 samochodem \u2013 skorzystaj z darmowych miejsc parkingowych przy Drodze D\u0119bi\u0144skiej lub na s\u0105siednich ulicach.<br \/>\nP\u0142atne parkingi znajduj\u0105 si\u0119:<\/span><\/p>\n<ul>\n<li style=\"font-weight: 400;\" aria-level=\"1\"><span style=\"font-weight: 400;\">za bibliotek\u0105 AWF,<\/span><span style=\"font-weight: 400;\">\n<p><\/span><\/li>\n<li style=\"font-weight: 400;\" aria-level=\"1\"><span style=\"font-weight: 400;\">przy Drodze D\u0119bi\u0144skiej przed AWF,<\/span><span style=\"font-weight: 400;\">\n<p><\/span><\/li>\n<li style=\"font-weight: 400;\" aria-level=\"1\"><span style=\"font-weight: 400;\">przy ul. \u017belazka.<\/span><span style=\"font-weight: 400;\">\n<p><\/span><\/li>\n<\/ul>\n<p><b>Czy kupi\u0119 bilet na miejscu?\u00a0<\/b><\/p>\n<p><span style=\"font-weight: 400;\">Przed meczem <strong>nie b\u0119dzie prowadzona sprzeda\u017c stacjonarna.<\/strong><\/span><span style=\"font-weight: 400;\"><br \/>\n<\/span><span style=\"font-weight: 400;\">Wej\u015bcie na stadion odbywa si\u0119 wy\u0142\u0105cznie po zeskanowaniu kodu z biletu zakupionego przez internet.<\/span><\/p>\n<p><b>MEDIA<\/b><\/p>\n<p><span style=\"font-weight: 400;\">Przedstawiciele medi\u00f3w, kt\u00f3rym przyznano akredytacj\u0119 i kt\u00f3rzy dostali informacj\u0119 potwierdzaj\u0105c\u0105\u00a0 mailem, mog\u0105 wej\u015b\u0107 na stadion przez bram\u0119 nr 23 (brama VIP), znajduj\u0105c\u0105 si\u0119 na parkingu za bibliotek\u0105 g\u0142\u00f3wn\u0105 AWF (wjazd z ul. Stadionowej, od strony hali CityZen).<\/span><\/p>\n<p><span style=\"font-weight: 400;\">Przy wej\u015bciu nale\u017cy poda\u0107 stewardowi swoje imi\u0119 i nazwisko oraz nazw\u0119 redakcji.<\/span><\/p>\n<p><span style=\"font-weight: 400;\">Ka\u017cdy przedstawiciel medi\u00f3w otrzyma przepustk\u0119 akredytacyjn\u0105 oraz kamizelk\u0119 (akredytacje foto\/video).<\/span><\/p>\n<p><span style=\"font-weight: 400;\">Po konferencji zapraszamy na konferencj\u0119 prasow\u0105 z udzia\u0142em trener\u00f3w do kontenera prasowego.\u00a0<\/span><\/p>\n<p><span style=\"font-weight: 400;\">Bardzo prosimy o pozostawienie przepustki oraz kamizelki w tym samym miejscu po zako\u0144czeniu meczu.<\/span><\/p>\n<p><img loading=\"lazy\" decoding=\"async\" width=\"3508\" height=\"2480\" class=\"alignnone size-full wp-image-43057\" src=\"https:\/\/wartapoznan.pl\/wp-content\/uploads\/2025\/09\/Mapka-Komuniakcja-w-dniu-meczu-.png\" alt=\"\" srcset=\"https:\/\/wartapoznan.pl\/wp-content\/uploads\/2025\/09\/Mapka-Komuniakcja-w-dniu-meczu-.png 3508w, https:\/\/wartapoznan.pl\/wp-content\/uploads\/2025\/09\/Mapka-Komuniakcja-w-dniu-meczu--1536x1086.png 1536w, https:\/\/wartapoznan.pl\/wp-content\/uploads\/2025\/09\/Mapka-Komuniakcja-w-dniu-meczu--2048x1448.png 2048w, https:\/\/wartapoznan.pl\/wp-content\/uploads\/2025\/09\/Mapka-Komuniakcja-w-dniu-meczu--300x212.png 300w, https:\/\/wartapoznan.pl\/wp-content\/uploads\/2025\/09\/Mapka-Komuniakcja-w-dniu-meczu--128x90.png 128w, https:\/\/wartapoznan.pl\/wp-content\/uploads\/2025\/09\/Mapka-Komuniakcja-w-dniu-meczu--32x23.png 32w\" sizes=\"(max-width: 3508px) 100vw, 3508px\" \/><\/p>\n","protected":false},"excerpt":{"rendered":"<p>Poni\u017cej wa\u017cne informacje dotycz\u0105ce organizacji w dniu meczu:\u00a0 Jak wej\u015b\u0107 na stadion? Je\u015bli masz zwyk\u0142y bilet, skorzystaj z bramy nr&#8230;<\/p>\n","protected":false},"author":36,"featured_media":43057,"comment_status":"closed","ping_status":"closed","sticky":false,"template":"","format":"standard","meta":{"om_disable_all_campaigns":false,"inline_featured_image":false,"footnotes":"","_links_to":"","_links_to_target":""},"categories":[94,1],"tags":[],"aioseo_notices":[],"_links":{"self":[{"href":"https:\/\/wartapoznan.pl\/index.php\/wp-json\/wp\/v2\/posts\/43056"}],"collection":[{"href":"https:\/\/wartapoznan.pl\/index.php\/wp-json\/wp\/v2\/posts"}],"about":[{"href":"https:\/\/wartapoznan.pl\/index.php\/wp-json\/wp\/v2\/types\/post"}],"author":[{"embeddable":true,"href":"https:\/\/wartapoznan.pl\/index.php\/wp-json\/wp\/v2\/users\/36"}],"replies":[{"embeddable":true,"href":"https:\/\/wartapoznan.pl\/index.php\/wp-json\/wp\/v2\/comments?post=43056"}],"version-history":[{"count":1,"href":"https:\/\/wartapoznan.pl\/index.php\/wp-json\/wp\/v2\/posts\/43056\/revisions"}],"predecessor-version":[{"id":43059,"href":"https:\/\/wartapoznan.pl\/index.php\/wp-json\/wp\/v2\/posts\/43056\/revisions\/43059"}],"wp:featuredmedia":[{"embeddable":true,"href":"https:\/\/wartapoznan.pl\/index.php\/wp-json\/wp\/v2\/media\/43057"}],"wp:attachment":[{"href":"https:\/\/wartapoznan.pl\/index.php\/wp-json\/wp\/v2\/media?parent=43056"}],"wp:term":[{"taxonomy":"category","embeddable":true,"href":"https:\/\/wartapoznan.pl\/index.php\/wp-json\/wp\/v2\/categories?post=43056"},{"taxonomy":"post_tag","embeddable":true,"href":"https:\/\/wartapoznan.pl\/index.php\/wp-json\/wp\/v2\/tags?post=43056"}],"curies":[{"name":"wp","href":"https:\/\/api.w.org\/{rel}","templated":true}]}}