{"id":43061,"date":"2025-09-08T09:50:25","date_gmt":"2025-09-08T07:50:25","guid":{"rendered":"https:\/\/wartapoznan.pl\/?p=43061"},"modified":"2025-09-08T16:01:18","modified_gmt":"2025-09-08T14:01:18","slug":"wszedzie-dobrze-ale-w-domu-najlepiej-warta-wygrywa-pierwszy-mecz-po-powrocie-do-ogrodka","status":"publish","type":"post","link":"https:\/\/wartapoznan.pl\/index.php\/2025\/09\/08\/wszedzie-dobrze-ale-w-domu-najlepiej-warta-wygrywa-pierwszy-mecz-po-powrocie-do-ogrodka\/","title":{"rendered":"\u201eWsz\u0119dzie dobrze, ale w domu najlepiej\u201d. Warta wygrywa pierwszy mecz po powrocie do &#8222;Ogr\u00f3dka&#8221;."},"content":{"rendered":"<p data-start=\"194\" data-end=\"508\"><strong>To by\u0142 dzie\u0144, na kt\u00f3ry kibice czekali od dawna. Po sze\u015bciu latach przerwy Warta wr\u00f3ci\u0142a do \u201eOgr\u00f3dka\u201d i od razu sprawi\u0142a swoim fanom ogromn\u0105 rado\u015b\u0107. W emocjonuj\u0105cym spotkaniu z Zag\u0142\u0119biem Sosnowiec \u201eZieloni\u201d zapewnili\u015bmy sobie pierwsze domowe zwyci\u0119stwo w tym sezonie, a decyduj\u0105cego gola w 88. minucie zdoby\u0142 Mateusz Stanek. Ostateczny wynik: 1:0.<\/strong><\/p>\n<p data-start=\"510\" data-end=\"1351\">Na ten dzie\u0144 kibice Warty Pozna\u0144 czekali od wielu lat. W ko\u0144cu, po latach tu\u0142aczki, Warta wr\u00f3ci\u0142a na w\u0142asny stadion. Dzi\u0119ki olbrzymiemu wysi\u0142kowi finansowemu i organizacyjnemu uda\u0142o si\u0119 przywr\u00f3ci\u0107 \u201eOgr\u00f3dek\u201d do stanu, kt\u00f3ry pozwala na rozgrywanie na nim mecz\u00f3w ligowych, cho\u0107 z pewno\u015bci\u0105 wielu straci\u0142o ju\u017c nadziej\u0119, \u017ce to kiedykolwiek si\u0119 wydarzy. Bilety na ten mecz rozesz\u0142y si\u0119 b\u0142yskawicznie. Pierwsze\u0144stwo w ich zakupie mieli lojalni kibice, kt\u00f3rzy w zesz\u0142ym sezonie tak\u017ce uczestniczyli w meczach \u201eZielonych\u201d. Ten radosny nastr\u00f3j ekscytacji i oczekiwania czu\u0107 by\u0142o ju\u017c na d\u0142ugo przed pierwszym gwizdkiem. Na trybunach zrobi\u0142o si\u0119 zielono, a ju\u017c od pierwszej minuty na stadionie rozpocz\u0105\u0142 si\u0119 g\u0142o\u015bny, trwaj\u0105cy przez ca\u0142y mecz doping. To, w po\u0142\u0105czeniu z pi\u0119knym, s\u0142onecznym dniem, stwarza\u0142o idealne warunki dla dru\u017cyny Macieja Tokarczyka.<\/p>\n<p data-start=\"1353\" data-end=\"1943\"><img loading=\"lazy\" decoding=\"async\" width=\"1600\" height=\"900\" class=\"alignnone size-full wp-image-43062\" src=\"https:\/\/wartapoznan.pl\/wp-content\/uploads\/2025\/09\/DSC02952.jpg\" alt=\"\" srcset=\"https:\/\/wartapoznan.pl\/wp-content\/uploads\/2025\/09\/DSC02952.jpg 1600w, https:\/\/wartapoznan.pl\/wp-content\/uploads\/2025\/09\/DSC02952-1536x864.jpg 1536w, https:\/\/wartapoznan.pl\/wp-content\/uploads\/2025\/09\/DSC02952-300x169.jpg 300w, https:\/\/wartapoznan.pl\/wp-content\/uploads\/2025\/09\/DSC02952-128x72.jpg 128w, https:\/\/wartapoznan.pl\/wp-content\/uploads\/2025\/09\/DSC02952-32x18.jpg 32w\" sizes=\"(max-width: 1600px) 100vw, 1600px\" \/>Od pierwszych minut gospodarze narzucili sw\u00f3j rytm i mocno zaatakowali rywali. Ju\u017c w 9. minucie, po wysokim odbiorze i podaniu Smoczy\u0144skiego, Filip Walu\u015b znalaz\u0142 si\u0119 w dobrej sytuacji, ale jego strza\u0142 zosta\u0142 zablokowany. Chwil\u0119 p\u00f3\u017aniej pr\u00f3bowa\u0142 Kamil Kumoch \u2013 jego uderzenie w \u015brodek bramki pewnie wy\u0142apa\u0142 golkiper. W 10. minucie, po dynamicznej akcji Walusia praw\u0105 stron\u0105, pi\u0142ka trafi\u0142a do Szymanka, kt\u00f3ry \u017ale przyj\u0105\u0142 i odda\u0142 niecelny strza\u0142. Ten sam zawodnik spr\u00f3bowa\u0142 jeszcze raz w 12. minucie \u2013 po zej\u015bciu na praw\u0105 nog\u0119 uderzy\u0142 zza pola karnego, lecz zn\u00f3w nie trafi\u0142 w \u015bwiat\u0142o bramki.<\/p>\n<p data-start=\"1945\" data-end=\"2434\">Przez pierwszy kwadrans meczu tempo by\u0142o bardzo wysokie, p\u00f3\u017aniej gra nieco si\u0119 uspokoi\u0142a, cho\u0107 przewaga nadal nale\u017ca\u0142a do Warty. W 25. minucie gro\u017an\u0105 odpowied\u017a da\u0142o Zag\u0142\u0119bie \u2013 strza\u0142 jednego z zawodnik\u00f3w zatrzyma\u0142 si\u0119 na s\u0142upku. Od tego momentu go\u015bcie przej\u0119li inicjatyw\u0119, a w 31. minucie uderzenie z ostrego k\u0105ta trafi\u0142o w boczn\u0105 siatk\u0119. Warta mog\u0142a wr\u00f3ci\u0107 na prowadzenie w 35. minucie \u2013 mocno z rzutu wolnego uderzy\u0142 Dmytro Avdieiev, ale \u015bwietn\u0105 interwencj\u0105 popisa\u0142 si\u0119 bramkarz go\u015bci.<\/p>\n<p data-start=\"2436\" data-end=\"2759\"><img loading=\"lazy\" decoding=\"async\" width=\"1600\" height=\"1143\" class=\"alignnone size-full wp-image-43064\" src=\"https:\/\/wartapoznan.pl\/wp-content\/uploads\/2025\/09\/DSC02867.jpg\" alt=\"\" srcset=\"https:\/\/wartapoznan.pl\/wp-content\/uploads\/2025\/09\/DSC02867.jpg 1600w, https:\/\/wartapoznan.pl\/wp-content\/uploads\/2025\/09\/DSC02867-1536x1097.jpg 1536w, https:\/\/wartapoznan.pl\/wp-content\/uploads\/2025\/09\/DSC02867-300x214.jpg 300w, https:\/\/wartapoznan.pl\/wp-content\/uploads\/2025\/09\/DSC02867-128x91.jpg 128w, https:\/\/wartapoznan.pl\/wp-content\/uploads\/2025\/09\/DSC02867-32x23.jpg 32w\" sizes=\"(max-width: 1600px) 100vw, 1600px\" \/><\/p>\n<p data-start=\"2436\" data-end=\"2759\">Po przerwie tempo gry wyra\u017anie zwolni\u0142o. Zag\u0142\u0119bie cz\u0119\u015bciej utrzymywa\u0142o si\u0119 przy pi\u0142ce, pr\u00f3buj\u0105c rozgrywa\u0107 ataki na po\u0142owie gospodarzy, jednak nie potrafi\u0142o zamieni\u0107 tego na gola. W 71. minucie kibice na Ogr\u00f3dku ju\u017c \u015bwi\u0119towali prowadzenie po strzale g\u0142ow\u0105 Lepczy\u0144skiego, lecz s\u0119dzia dopatrzy\u0142 si\u0119 faulu i bramki nie uzna\u0142.<\/p>\n<p data-start=\"2761\" data-end=\"3103\">Decyduj\u0105ce chwile przysz\u0142y w samej ko\u0144c\u00f3wce. Niesiona g\u0142o\u015bnym dopingiem w\u0142asnych kibic\u00f3w Warta rzuci\u0142a si\u0119 do ataku. W 88. minucie, po tr\u00f3jkowej akcji Stebleckiego, Zylli i Stanka, ten ostatni znalaz\u0142 si\u0119 w sytuacji sam na sam z bramkarzem. Mocny strza\u0142 Stanka zosta\u0142 odbity, ale futbol\u00f3wka przesz\u0142a przez r\u0119ce golkipera i wpad\u0142a do siatki.<\/p>\n<p data-start=\"3105\" data-end=\"3345\">Gol w ko\u0144c\u00f3wce przes\u0105dzi\u0142 o zwyci\u0119stwie \u201eZielonych\u201d. Warta po sze\u015bciu latach wr\u00f3ci\u0142a na sw\u00f3j stadion i od razu zapisa\u0142a historyczn\u0105 kart\u0119 \u2013 pierwsze domowe zwyci\u0119stwo w tym sezonie, kt\u00f3re z pewno\u015bci\u0105 na d\u0142ugo pozostanie w pami\u0119ci kibic\u00f3w.<\/p>\n<p data-start=\"3347\" data-end=\"3445\"><img loading=\"lazy\" decoding=\"async\" width=\"1600\" height=\"900\" class=\"alignnone size-full wp-image-43066\" src=\"https:\/\/wartapoznan.pl\/wp-content\/uploads\/2025\/09\/DSC02946.jpg\" alt=\"\" srcset=\"https:\/\/wartapoznan.pl\/wp-content\/uploads\/2025\/09\/DSC02946.jpg 1600w, https:\/\/wartapoznan.pl\/wp-content\/uploads\/2025\/09\/DSC02946-1536x864.jpg 1536w, https:\/\/wartapoznan.pl\/wp-content\/uploads\/2025\/09\/DSC02946-300x169.jpg 300w, https:\/\/wartapoznan.pl\/wp-content\/uploads\/2025\/09\/DSC02946-128x72.jpg 128w, https:\/\/wartapoznan.pl\/wp-content\/uploads\/2025\/09\/DSC02946-32x18.jpg 32w\" sizes=\"(max-width: 1600px) 100vw, 1600px\" \/><\/p>\n<p data-start=\"3347\" data-end=\"3445\">Nast\u0119pny mecz Warta zagra na wyje\u017adzie ze \u015al\u0105skiem II Wroc\u0142aw w niedziel\u0119, 14.09, o godz. 16:30.<\/p>\n<p data-start=\"3347\" data-end=\"3445\">ZDJ\u0118CIA: \u0141ukasz Wojtyniak<\/p>\n","protected":false},"excerpt":{"rendered":"<p>To by\u0142 dzie\u0144, na kt\u00f3ry kibice czekali od dawna. Po sze\u015bciu latach przerwy Warta wr\u00f3ci\u0142a do \u201eOgr\u00f3dka\u201d i od razu&#8230;<\/p>\n","protected":false},"author":36,"featured_media":43068,"comment_status":"closed","ping_status":"closed","sticky":false,"template":"","format":"standard","meta":{"om_disable_all_campaigns":false,"inline_featured_image":false,"footnotes":"","_links_to":"","_links_to_target":""},"categories":[94,1],"tags":[],"aioseo_notices":[],"_links":{"self":[{"href":"https:\/\/wartapoznan.pl\/index.php\/wp-json\/wp\/v2\/posts\/43061"}],"collection":[{"href":"https:\/\/wartapoznan.pl\/index.php\/wp-json\/wp\/v2\/posts"}],"about":[{"href":"https:\/\/wartapoznan.pl\/index.php\/wp-json\/wp\/v2\/types\/post"}],"author":[{"embeddable":true,"href":"https:\/\/wartapoznan.pl\/index.php\/wp-json\/wp\/v2\/users\/36"}],"replies":[{"embeddable":true,"href":"https:\/\/wartapoznan.pl\/index.php\/wp-json\/wp\/v2\/comments?post=43061"}],"version-history":[{"count":2,"href":"https:\/\/wartapoznan.pl\/index.php\/wp-json\/wp\/v2\/posts\/43061\/revisions"}],"predecessor-version":[{"id":43072,"href":"https:\/\/wartapoznan.pl\/index.php\/wp-json\/wp\/v2\/posts\/43061\/revisions\/43072"}],"wp:featuredmedia":[{"embeddable":true,"href":"https:\/\/wartapoznan.pl\/index.php\/wp-json\/wp\/v2\/media\/43068"}],"wp:attachment":[{"href":"https:\/\/wartapoznan.pl\/index.php\/wp-json\/wp\/v2\/media?parent=43061"}],"wp:term":[{"taxonomy":"category","embeddable":true,"href":"https:\/\/wartapoznan.pl\/index.php\/wp-json\/wp\/v2\/categories?post=43061"},{"taxonomy":"post_tag","embeddable":true,"href":"https:\/\/wartapoznan.pl\/index.php\/wp-json\/wp\/v2\/tags?post=43061"}],"curies":[{"name":"wp","href":"https:\/\/api.w.org\/{rel}","templated":true}]}}