{"id":43073,"date":"2025-09-08T17:31:44","date_gmt":"2025-09-08T15:31:44","guid":{"rendered":"https:\/\/wartapoznan.pl\/?p=43073"},"modified":"2025-09-08T17:31:44","modified_gmt":"2025-09-08T15:31:44","slug":"minister-sportu-i-turystyki-odwiedzil-stadion-warty-poznan","status":"publish","type":"post","link":"https:\/\/wartapoznan.pl\/index.php\/2025\/09\/08\/minister-sportu-i-turystyki-odwiedzil-stadion-warty-poznan\/","title":{"rendered":"Minister Sportu i Turystyki odwiedzi\u0142 stadion Warty Pozna\u0144."},"content":{"rendered":"<p><b>Dzi\u015b na stadionie Warty Pozna\u0144 pojawi\u0142 si\u0119 wyj\u0105tkowy go\u015b\u0107. Minister Sportu i Turystyki Jakub Rutnicki przyjecha\u0142 do Warty na spotkanie z trenerami sekcji m\u0142odzie\u017cowych. Obejrza\u0142 te\u017c stadion przy Drodze D\u0119bi\u0144skiej 12 oraz teren budowy boisk treningowych.<\/b><\/p>\n<p><span style=\"font-weight: 400;\">Wizyta w klubie by\u0142a jednym z punkt\u00f3w ca\u0142odniowego pobytu ministra w naszym mie\u015bcie. Polityk w czasie wizyty w Warcie og\u0142osi\u0142 swoj\u0105 decyzj\u0119 o przekazaniu 70 tys. PLN dofinansowania dla sekcji kobiecej Warty Pozna\u0144 oraz kolejnych 70 tys. dla sekcji juniorskiej ch\u0142opc\u00f3w. Pieni\u0105dze te trafi\u0105 do Fundacji Warty Pozna\u0144 w ramach Programu Wsparcia Dru\u017cyn Wyst\u0119puj\u0105cych w Rozgrywkach Centralnej Ligi Juniorek i Centralnej Ligi Junior\u00f3w.<\/span><\/p>\n<p><span style=\"font-weight: 400;\"><img loading=\"lazy\" decoding=\"async\" width=\"2560\" height=\"1707\" class=\"alignnone size-full wp-image-43084\" src=\"https:\/\/wartapoznan.pl\/wp-content\/uploads\/2025\/09\/3529-2353-max-scaled.jpg\" alt=\"\" srcset=\"https:\/\/wartapoznan.pl\/wp-content\/uploads\/2025\/09\/3529-2353-max-scaled.jpg 2560w, https:\/\/wartapoznan.pl\/wp-content\/uploads\/2025\/09\/3529-2353-max-1536x1024.jpg 1536w, https:\/\/wartapoznan.pl\/wp-content\/uploads\/2025\/09\/3529-2353-max-2048x1366.jpg 2048w, https:\/\/wartapoznan.pl\/wp-content\/uploads\/2025\/09\/3529-2353-max-300x200.jpg 300w, https:\/\/wartapoznan.pl\/wp-content\/uploads\/2025\/09\/3529-2353-max-128x85.jpg 128w, https:\/\/wartapoznan.pl\/wp-content\/uploads\/2025\/09\/3529-2353-max-32x21.jpg 32w\" sizes=\"(max-width: 2560px) 100vw, 2560px\" \/>Wizyta by\u0142a r\u00f3wnie\u017c okazj\u0105 do przyjrzenia si\u0119 z bliska stanowi stadionu Warty Pozna\u0144 przy Drodze D\u0119bi\u0144skiej 12. Rozmowa z pRezesem Arturem Meissnerem dotyczy\u0142a <\/span><a href=\"http:\/\/m.in\"><span style=\"font-weight: 400;\">m.in<\/span><\/a><span style=\"font-weight: 400;\">. wyzwa\u0144, kt\u00f3re podj\u0119\u0142a Warta Pozna\u0144, by wr\u00f3ci\u0107 do miasta, oraz tego, co jeszcze j\u0105 czeka. Jakub Rutnicki wyrazi\u0142 s\u0142owa uznania dla determinacji klubu w dzia\u0142aniach na rzecz powrotu na w\u0142asny obiekt.<\/span><\/p>\n<p><span style=\"font-weight: 400;\"><img loading=\"lazy\" decoding=\"async\" width=\"2433\" height=\"1622\" class=\"alignnone size-full wp-image-43080\" src=\"https:\/\/wartapoznan.pl\/wp-content\/uploads\/2025\/09\/2433-1622-max.jpg\" alt=\"\" srcset=\"https:\/\/wartapoznan.pl\/wp-content\/uploads\/2025\/09\/2433-1622-max.jpg 2433w, https:\/\/wartapoznan.pl\/wp-content\/uploads\/2025\/09\/2433-1622-max-1536x1024.jpg 1536w, https:\/\/wartapoznan.pl\/wp-content\/uploads\/2025\/09\/2433-1622-max-2048x1365.jpg 2048w, https:\/\/wartapoznan.pl\/wp-content\/uploads\/2025\/09\/2433-1622-max-300x200.jpg 300w, https:\/\/wartapoznan.pl\/wp-content\/uploads\/2025\/09\/2433-1622-max-128x85.jpg 128w, https:\/\/wartapoznan.pl\/wp-content\/uploads\/2025\/09\/2433-1622-max-32x21.jpg 32w\" sizes=\"(max-width: 2433px) 100vw, 2433px\" \/><\/span><\/p>\n<p><span style=\"font-weight: 400;\">Opr\u00f3cz ministra Rutnickiego w wizycie uczestniczyli r\u00f3wnie\u017c m.in.: pos\u0142anka Katarzyna Kierzek-Koperska, pose\u0142 Bartosz Zawieja, I wicewojewoda wielkopolski Karolina Fabi\u015b-Szulc, pozna\u0144scy radni Ma\u0142gorzata Dudzic-Biskupska oraz Marcin Ruta, a tak\u017ce przedstawiciele Urz\u0119du Miasta: wiceprezydent Poznania Marcin Go\u0142ek i dyrektor Wydzia\u0142u Sportu Maciej Piekarczyk.<\/span><\/p>\n<p><span style=\"font-weight: 400;\"><img loading=\"lazy\" decoding=\"async\" width=\"2560\" height=\"1707\" class=\"alignnone size-full wp-image-43078\" src=\"https:\/\/wartapoznan.pl\/wp-content\/uploads\/2025\/09\/3081-2054-max-scaled.jpg\" alt=\"\" srcset=\"https:\/\/wartapoznan.pl\/wp-content\/uploads\/2025\/09\/3081-2054-max-scaled.jpg 2560w, https:\/\/wartapoznan.pl\/wp-content\/uploads\/2025\/09\/3081-2054-max-1536x1024.jpg 1536w, https:\/\/wartapoznan.pl\/wp-content\/uploads\/2025\/09\/3081-2054-max-2048x1365.jpg 2048w, https:\/\/wartapoznan.pl\/wp-content\/uploads\/2025\/09\/3081-2054-max-300x200.jpg 300w, https:\/\/wartapoznan.pl\/wp-content\/uploads\/2025\/09\/3081-2054-max-128x85.jpg 128w, https:\/\/wartapoznan.pl\/wp-content\/uploads\/2025\/09\/3081-2054-max-32x21.jpg 32w\" sizes=\"(max-width: 2560px) 100vw, 2560px\" \/><\/span><\/p>\n<p><span style=\"font-weight: 400;\"><img loading=\"lazy\" decoding=\"async\" width=\"2393\" height=\"1595\" class=\"alignnone size-full wp-image-43082\" src=\"https:\/\/wartapoznan.pl\/wp-content\/uploads\/2025\/09\/2393-1595-max.jpg\" alt=\"\" srcset=\"https:\/\/wartapoznan.pl\/wp-content\/uploads\/2025\/09\/2393-1595-max.jpg 2393w, https:\/\/wartapoznan.pl\/wp-content\/uploads\/2025\/09\/2393-1595-max-1536x1024.jpg 1536w, https:\/\/wartapoznan.pl\/wp-content\/uploads\/2025\/09\/2393-1595-max-2048x1365.jpg 2048w, https:\/\/wartapoznan.pl\/wp-content\/uploads\/2025\/09\/2393-1595-max-300x200.jpg 300w, https:\/\/wartapoznan.pl\/wp-content\/uploads\/2025\/09\/2393-1595-max-128x85.jpg 128w, https:\/\/wartapoznan.pl\/wp-content\/uploads\/2025\/09\/2393-1595-max-32x21.jpg 32w\" sizes=\"(max-width: 2393px) 100vw, 2393px\" \/>Dla Dagmary Zawadzkiej, prowadz\u0105cej sekcj\u0119 kobiec\u0105 Warty Pozna\u0144, to by\u0142o bardzo udane kilka dni. Opr\u00f3cz wizyty ministra i otrzymanego dofinansowania wszystkie graj\u0105ce zespo\u0142y na poziomie centralnym oraz wojew\u00f3dzkim odnios\u0142y zwyci\u0119stwa. W niedzielne popo\u0142udnie, podczas inauguracyjnego meczu Warty Pozna\u0144 w \u201eOgr\u00f3dku\u201d, przy pe\u0142nych trybunach, sukces\u00f3w w minionym sezonie gratulowa\u0142 jej i jej zawodniczkom z dru\u017cyn U13 i U16 prezes Warty Pozna\u0144 Artur Meissner.<\/span><\/p>\n<p><i><span style=\"font-weight: 400;\"><img loading=\"lazy\" decoding=\"async\" width=\"2560\" height=\"1707\" class=\"alignnone size-full wp-image-43076\" src=\"https:\/\/wartapoznan.pl\/wp-content\/uploads\/2025\/09\/3342-2228-max-scaled.jpg\" alt=\"\" srcset=\"https:\/\/wartapoznan.pl\/wp-content\/uploads\/2025\/09\/3342-2228-max-scaled.jpg 2560w, https:\/\/wartapoznan.pl\/wp-content\/uploads\/2025\/09\/3342-2228-max-1536x1024.jpg 1536w, https:\/\/wartapoznan.pl\/wp-content\/uploads\/2025\/09\/3342-2228-max-2048x1365.jpg 2048w, https:\/\/wartapoznan.pl\/wp-content\/uploads\/2025\/09\/3342-2228-max-300x200.jpg 300w, https:\/\/wartapoznan.pl\/wp-content\/uploads\/2025\/09\/3342-2228-max-128x85.jpg 128w, https:\/\/wartapoznan.pl\/wp-content\/uploads\/2025\/09\/3342-2228-max-32x21.jpg 32w\" sizes=\"(max-width: 2560px) 100vw, 2560px\" \/><\/span><\/i><\/p>\n<p><i><span style=\"font-weight: 400;\">Ostatni czas jest dla nas na pewno mocno nap\u0119dzaj\u0105cy w spos\u00f3b pozytywny. Cieszymy si\u0119, \u017ce jeste\u015bmy zauwa\u017cone i docenione przez w\u0142adze klubu i osoby z zewn\u0105trz. Jest to pozytywny akcent, kt\u00f3ry jeszcze bardziej nas mobilizuje i motywuje. Mam sporo plan\u00f3w na przysz\u0142o\u015b\u0107, o kt\u00f3rych dzi\u015b jeszcze nie chcia\u0142abym g\u0142o\u015bno m\u00f3wi\u0107. Na razie najwa\u017cniejsza jest dla nas ka\u017cda jednostka treningowa oraz ka\u017cde rozegrane spotkanie ligowe<\/span><\/i><span style=\"font-weight: 400;\"> \u2013 komentuje Dagmara Zawadzka.<\/span><\/p>\n<p>&nbsp;<\/p>\n","protected":false},"excerpt":{"rendered":"<p>Dzi\u015b na stadionie Warty Pozna\u0144 pojawi\u0142 si\u0119 wyj\u0105tkowy go\u015b\u0107. Minister Sportu i Turystyki Jakub Rutnicki przyjecha\u0142 do Warty na spotkanie&#8230;<\/p>\n","protected":false},"author":36,"featured_media":43074,"comment_status":"closed","ping_status":"closed","sticky":false,"template":"","format":"standard","meta":{"om_disable_all_campaigns":false,"inline_featured_image":false,"footnotes":"","_links_to":"","_links_to_target":""},"categories":[94,1],"tags":[],"aioseo_notices":[],"_links":{"self":[{"href":"https:\/\/wartapoznan.pl\/index.php\/wp-json\/wp\/v2\/posts\/43073"}],"collection":[{"href":"https:\/\/wartapoznan.pl\/index.php\/wp-json\/wp\/v2\/posts"}],"about":[{"href":"https:\/\/wartapoznan.pl\/index.php\/wp-json\/wp\/v2\/types\/post"}],"author":[{"embeddable":true,"href":"https:\/\/wartapoznan.pl\/index.php\/wp-json\/wp\/v2\/users\/36"}],"replies":[{"embeddable":true,"href":"https:\/\/wartapoznan.pl\/index.php\/wp-json\/wp\/v2\/comments?post=43073"}],"version-history":[{"count":2,"href":"https:\/\/wartapoznan.pl\/index.php\/wp-json\/wp\/v2\/posts\/43073\/revisions"}],"predecessor-version":[{"id":43087,"href":"https:\/\/wartapoznan.pl\/index.php\/wp-json\/wp\/v2\/posts\/43073\/revisions\/43087"}],"wp:featuredmedia":[{"embeddable":true,"href":"https:\/\/wartapoznan.pl\/index.php\/wp-json\/wp\/v2\/media\/43074"}],"wp:attachment":[{"href":"https:\/\/wartapoznan.pl\/index.php\/wp-json\/wp\/v2\/media?parent=43073"}],"wp:term":[{"taxonomy":"category","embeddable":true,"href":"https:\/\/wartapoznan.pl\/index.php\/wp-json\/wp\/v2\/categories?post=43073"},{"taxonomy":"post_tag","embeddable":true,"href":"https:\/\/wartapoznan.pl\/index.php\/wp-json\/wp\/v2\/tags?post=43073"}],"curies":[{"name":"wp","href":"https:\/\/api.w.org\/{rel}","templated":true}]}}