{"id":43088,"date":"2025-09-08T10:49:52","date_gmt":"2025-09-08T08:49:52","guid":{"rendered":"https:\/\/wartapoznan.pl\/?p=43088"},"modified":"2025-09-09T15:53:45","modified_gmt":"2025-09-09T13:53:45","slug":"wyniki-gier-akademii-2","status":"publish","type":"post","link":"https:\/\/wartapoznan.pl\/index.php\/2025\/09\/08\/wyniki-gier-akademii-2\/","title":{"rendered":"Wyniki gier Akademii"},"content":{"rendered":"<p><strong>W ostatni weekend niemal wszystkie oczy naszych kibic\u00f3w by\u0142y zwr\u00f3cone w kierunku domowej rywalizacji pierwszego zespo\u0142u, ale swoje wa\u017cne mecze rozgrywa\u0142y r\u00f3wnie\u017c dru\u017cyny Akademii Warty Pozna\u0144. Oto jak przedstawia si\u0119 lista wynik\u00f3w.<\/strong><\/p>\n<p><strong>Pompa Team Jaros\u0142awiec 4:1 Warta II Pozna\u0144<\/strong><\/p>\n<p>6. kolejka Red Box V Ligi<\/p>\n<p><strong>Bramka<\/strong>: Igor Sta\u0144czak<\/p>\n<p>Sk\u0142ad: <em>Piechowiak &#8211; Szymczak, Yukhimuk, Adamovich, Nowak, Sad\u0142os, Marciszewski, Tyszkiewicz, Szpurek, Wojciechowski, Sta\u0144czak;<\/em><\/p>\n<p>\u0141awka rezerwowych: <em>Sawicki, Jurczy\u0144ski, G\u00f3rny, Lesiuk, Juskowiak, Pu\u0107ka, Szwabig, Naskrent;<\/em><\/p>\n<p><strong>KS 1920 Mosina 1:4 Warta Pozna\u0144<\/strong><\/p>\n<p>4. kolejka Ligi Wojew\u00f3dzkiej do lat 19<\/p>\n<p><strong>Bramki<\/strong>: Rafa\u0142 Kr\u00f3likowski x2, Kacper Pach, Kacper Remplewicz;<\/p>\n<p>Sk\u0142ad: <em>Bleja &#8211; Pu\u0107ka, O. Kaczmarek, Gawe\u0142, W. Kaczmarek, Adamovich, G\u00f3rny, Naskrent, Remplewicz, G\u00f3recki, Kr\u00f3likowski;<\/em><\/p>\n<p>\u0141awka rezerwowych: <em>Ambro\u017cy, Chy\u017cy, Lesiuk, Pach, Szwabig;<\/em><\/p>\n<p><strong>SMS APR \u015alesin 4:3 Warta Pozna\u0144<\/strong><\/p>\n<p>5. kolejka Ligi Wojew\u00f3dzkiej do lat 16<\/p>\n<p><strong>Bramki<\/strong>: Krystian Ociepko x2, Igor Tabor;<\/p>\n<p>Sk\u0142ad: <em>G\u00f3rczak &#8211; Go\u0142a\u015b, Nied\u017awiecki, Nowak, Kusyk, Zimowski, Wojtaszek, Wa\u0142\u0119sa, Ociepko, Lenartowski, Tabor;<\/em><\/p>\n<p>\u0141awka rezerwowych: <em>Zrubek, Marciniak, Koczarowski, Pol, Dobicki;<\/em><\/p>\n<p><strong>Warta Pozna\u0144 4:3 Jaguar Gda\u0144sk<\/strong><\/p>\n<p>3. kolejka Centralnej Ligi Junior\u00f3w do lat 15<\/p>\n<p><strong>Bramki<\/strong>: Mi\u0142osz Polaszewski, Jan Suchodolski, Bartosz Adamczewski;<\/p>\n<p>Sk\u0142ad: <em>Kaczmarek &#8211; Czubek, Wierkiewicz, Mi\u015bko, Szuba, Wojciechowski, Polaszewski, Grzonka, Czerwi\u0144ski, Kise\u0142ek, Paprzycki;<\/em><\/p>\n<p>\u0141awka rezerwowych: <em>Wilczy\u0144ski, Suchodolski, Nicke, Adamczewski, Chrzanowski, Pacholczak;<\/em><\/p>\n<p><strong>Warta Pozna\u0144 U-14 1:1 KP Pi\u0142a<\/strong><\/p>\n<p>5. kolejka Ligi Wojew\u00f3dzkiej do lat 15<\/p>\n<p><strong>Bramka<\/strong>: Krzysztof Da\u015b;<\/p>\n<p>Sk\u0142ad: <em>Skarupski &#8211; Chrzanowski, Pacholczak, Guszczak, Werner, Br\u0119tkowski, Filas, Da\u015b, D\u0142ubak, Maiga, Nowak;<\/em><\/p>\n<p>\u0141awka rezerwowych: <em>Ku\u017aniarek, Topolski, Roszkiewicz, Wo\u017aniak, Wichli\u0144ski, K\u0142opocki;<\/em><\/p>\n<p><strong>Warta Pozna\u0144 U-13 0:0 Kania Gosty\u0144<\/strong><\/p>\n<p>5. kolejka Ligi Wojew\u00f3dzkiej do lat 14<\/p>\n<p>Sk\u0142ad: <em>Matuszczak &#8211; Kubacha, Koczorowski, Grembecki, Draszkiewicz, Halasz, Adamovich, \u015aliperski, Wyrwa, Pietraszewski, Dorsz;<\/em><\/p>\n<p>\u0141awka rezerwowych: <em>Hy\u017cy, Sk\u00f3rnicki, Sarbinowski, Filipek, Soboci\u0144ski, Pu\u017canowski, Bili\u0144ski;<\/em><\/p>\n<p><strong>Warta Pozna\u0144 U-12 1:2 Pozna\u0144ska 13 Pozna\u0144<\/strong><\/p>\n<p>5. kolejka II Ligi Wojew\u00f3dzkiej do lat 13<\/p>\n<p><strong>Bramka<\/strong>: Szymon Wojciechowski;<\/p>\n<p>Sk\u0142ad: <em>Chytry &#8211; Micha\u0142owski, Sikorski, Czereda, Felcyn, Cichy, Szklarski, Wojciechowski, Kasprzak;<\/em><\/p>\n<p>\u0141awka rezerwowych: <em>Matuszczak, Wo\u017aniak, Cie\u015bla, Godlewski, Banaszyk, Lewandowski;<\/em><\/p>\n<p><strong>MUKS Zielona G\u00f3ra 0:16 Warta Pozna\u0144<\/strong><\/p>\n<p>3. kolejka Centralnej Ligi Juniorek do lat 16<\/p>\n<p><strong>Bramki<\/strong>: Marcelina Tyszkiewicz x4, Liliana Ruminiecka x3, Marianna Styperek x2, Emilia Pruszkowska, Amelia Leporowska, Oliwia Tyszkiewicz, Gracja Wieczorek, Klaudia Staryczenki, Maja Bieniek, Antonina Mas\u0142owska;<\/p>\n<p>Sk\u0142ad: <em>Rybarczyk &#8211; Tyszkiewcz, Styperek, Ruminiecka, Mas\u0142owska, Ma\u0142aczy\u0144ska, Leporowska, Pruszkowska, Bieniek, Biskupska, Tyszkiewicz;<\/em><\/p>\n<p>\u0141awka rezerwowych: <em>Staryczenko, Wieczorek, Rolska;\u00a0<\/em><\/p>\n","protected":false},"excerpt":{"rendered":"<p>W ostatni weekend niemal wszystkie oczy naszych kibic\u00f3w by\u0142y zwr\u00f3cone w kierunku domowej rywalizacji pierwszego zespo\u0142u, ale swoje wa\u017cne mecze&#8230;<\/p>\n","protected":false},"author":39,"featured_media":42807,"comment_status":"closed","ping_status":"closed","sticky":false,"template":"","format":"standard","meta":{"om_disable_all_campaigns":false,"inline_featured_image":false,"footnotes":"","_links_to":"","_links_to_target":""},"categories":[95,96],"tags":[],"aioseo_notices":[],"_links":{"self":[{"href":"https:\/\/wartapoznan.pl\/index.php\/wp-json\/wp\/v2\/posts\/43088"}],"collection":[{"href":"https:\/\/wartapoznan.pl\/index.php\/wp-json\/wp\/v2\/posts"}],"about":[{"href":"https:\/\/wartapoznan.pl\/index.php\/wp-json\/wp\/v2\/types\/post"}],"author":[{"embeddable":true,"href":"https:\/\/wartapoznan.pl\/index.php\/wp-json\/wp\/v2\/users\/39"}],"replies":[{"embeddable":true,"href":"https:\/\/wartapoznan.pl\/index.php\/wp-json\/wp\/v2\/comments?post=43088"}],"version-history":[{"count":1,"href":"https:\/\/wartapoznan.pl\/index.php\/wp-json\/wp\/v2\/posts\/43088\/revisions"}],"predecessor-version":[{"id":43089,"href":"https:\/\/wartapoznan.pl\/index.php\/wp-json\/wp\/v2\/posts\/43088\/revisions\/43089"}],"wp:featuredmedia":[{"embeddable":true,"href":"https:\/\/wartapoznan.pl\/index.php\/wp-json\/wp\/v2\/media\/42807"}],"wp:attachment":[{"href":"https:\/\/wartapoznan.pl\/index.php\/wp-json\/wp\/v2\/media?parent=43088"}],"wp:term":[{"taxonomy":"category","embeddable":true,"href":"https:\/\/wartapoznan.pl\/index.php\/wp-json\/wp\/v2\/categories?post=43088"},{"taxonomy":"post_tag","embeddable":true,"href":"https:\/\/wartapoznan.pl\/index.php\/wp-json\/wp\/v2\/tags?post=43088"}],"curies":[{"name":"wp","href":"https:\/\/api.w.org\/{rel}","templated":true}]}}