{"id":43095,"date":"2025-09-11T16:00:47","date_gmt":"2025-09-11T14:00:47","guid":{"rendered":"https:\/\/wartapoznan.pl\/?p=43095"},"modified":"2025-09-12T15:53:41","modified_gmt":"2025-09-12T13:53:41","slug":"rusza-sprzedaz-karnetow-na-mecze-warty-poznan-sezon-2025-26","status":"publish","type":"post","link":"https:\/\/wartapoznan.pl\/index.php\/2025\/09\/11\/rusza-sprzedaz-karnetow-na-mecze-warty-poznan-sezon-2025-26\/","title":{"rendered":"Rusza sprzeda\u017c karnet\u00f3w na mecze Warty Pozna\u0144 \u2013 sezon 2025\/26"},"content":{"rendered":"<p><span style=\"font-weight: 400;\">Na stronie <\/span><b>bilety.wartapoznan.pl<\/b><span style=\"font-weight: 400;\"> jutro 12 wrze\u015bnia o godzinie: 16:00 ruszy sprzeda\u017c karnet\u00f3w na mecze pi\u0142karzy Warty Pozna\u0144! Zach\u0119camy do zakupu karnetu i skorzystania z dodatkowych korzy\u015bci. <\/span><b>Liczba karnet\u00f3w jest ograniczona!<\/b><span style=\"font-weight: 400;\"> Nie odk\u0142adaj decyzji na p\u00f3\u017aniej kup sw\u00f3j karnet i zapewnij sobie miejsce na stadionie przez rund\u0119 jesienn\u0105 lub ca\u0142y sezon. Pami\u0119taj \u2013 je\u015bli nie zd\u0105\u017cysz, mo\u017ce zabrakn\u0105\u0107 dla Ciebie miejsca na trybunach!<\/span><\/p>\n<h4><b>KUP KARNET I ZYSKAJ DODATKOWE KORZY\u015aCI<\/b><\/h4>\n<p><span style=\"font-weight: 400;\">Zakup karnetu to nie tylko wyraz wsparcia oraz przywi\u0105zania do klubu, ale r\u00f3wnie\u017c mo\u017cliwo\u015b\u0107 uzyskania realnych korzy\u015bci, takich jak:<\/span><\/p>\n<ul>\n<li style=\"font-weight: 400;\" aria-level=\"1\"><span style=\"font-weight: 400;\">Sta\u0142e miejsce na stadionie<\/span><span style=\"font-weight: 400;\"><br \/>\n<\/span><\/li>\n<li style=\"font-weight: 400;\" aria-level=\"1\"><span style=\"font-weight: 400;\">Unikanie kolejek i brak konieczno\u015bci kupowania bilet\u00f3w na ka\u017cdy mecz,<\/span><\/li>\n<\/ul>\n<h4><strong><span style=\"font-size: 30px;\">RODZAJE KARNET\u00d3W<\/span><\/strong><\/h4>\n<p><span style=\"font-weight: 400;\">Dost\u0119pne s\u0105 dwie kategorie karnet\u00f3w:<\/span><\/p>\n<ul>\n<li style=\"font-weight: 400;\" aria-level=\"1\"><b>normalny<\/b><\/li>\n<li style=\"font-weight: 400;\" aria-level=\"1\"><b>ulgowy <\/b><span style=\"font-weight: 400;\">(dla dzieci do 13 roku \u017cycia z wa\u017cn\u0105 legitymacj\u0105)<\/span><\/li>\n<\/ul>\n<h3><b>CENY KARNET\u00d3W NA MECZE WARTY POZNA\u0143 \u2013 SEZON 2025\/2026<\/b><\/h3>\n<p><span style=\"font-weight: 400;\">Na mecze Warty Pozna\u0144 obowi\u0105zuj\u0105 dwa rodzaje karnet\u00f3w: <\/span><b>normalny<\/b><span style=\"font-weight: 400;\"> oraz <\/span><b>ulgowy<\/b><span style=\"font-weight: 400;\">.<\/span><span style=\"font-weight: 400;\"><br \/>\n<\/span><span style=\"font-weight: 400;\">Do zakupu karnetu ulgowego uprawnione s\u0105 dzieci do 13. roku \u017cycia posiadaj\u0105ce wa\u017cn\u0105 legitymacj\u0119 szkoln\u0105.<\/span><\/p>\n<p><span style=\"font-weight: 400;\">Wybierz <\/span><b>Karnet+<\/b><span style=\"font-weight: 400;\"> i za jedyne <\/span><b>30 z\u0142 wi\u0119cej<\/b><span style=\"font-weight: 400;\"> odbierz w komplecie <\/span><b>szalik Warty Pozna\u0144<\/b><span style=\"font-weight: 400;\">!<\/span><\/p>\n<p><span style=\"font-weight: 400;\">Szaliki b\u0119d\u0105 do odebrania na stoisku <\/span><b>LookAd<\/b><span style=\"font-weight: 400;\"> przed meczem z Soko\u0142em Kleczew \u2013 wystarczy okaza\u0107 sw\u00f3j bilet.<br \/>\nDla os\u00f3b, kt\u00f3re nie b\u0119d\u0105 mog\u0142y pojawi\u0107 si\u0119 na spotkaniu, odbi\u00f3r b\u0119dzie mo\u017cliwy w siedzibie klubu (ul. Jana Spychalskiego 34) od poniedzia\u0142ku do pi\u0105tku, w godzinach 9:00\u201316:00.<\/span><\/p>\n<p><b>#WARTO by\u0107 z Zielonymi!<\/b><\/p>\n<h4><b>Karnety na rund\u0119 JESIENN\u0104 2025 (6 spotka\u0144):<\/b><\/h4>\n<ul>\n<li style=\"font-weight: 400;\" aria-level=\"1\"><span style=\"font-weight: 400;\">Normalny \u2013 149 z\u0142<\/span><\/li>\n<li style=\"font-weight: 400;\" aria-level=\"1\"><span style=\"font-weight: 400;\">Ulgowy \u2013 70 z\u0142<\/span><\/li>\n<\/ul>\n<h4><b>Karnety na ca\u0142y SEZON 2025\/2026 (16 spotka\u0144)<\/b><\/h4>\n<ul>\n<li style=\"font-weight: 400;\" aria-level=\"1\"><span style=\"font-weight: 400;\">Normalny \u2013 399 z\u0142 <\/span><\/li>\n<li style=\"font-weight: 400;\" aria-level=\"1\"><span style=\"font-weight: 400;\">Ulgowy \u2013 199 z\u0142<\/span><\/li>\n<\/ul>\n<h4><b>KARNETY NA MECZE WARTY POZNA\u0143 \u2013 KIEDY KUPI\u0106<\/b><\/h4>\n<p><span style=\"font-weight: 400;\">Sprzeda\u017c karnet\u00f3w sezonowych oraz karnet\u00f3w na rund\u0119 jesienn\u0105 rozpocznie si\u0119 o 16:00, 12 wrze\u015bnia. Od tego momentu ka\u017cdy kibic jest uprawniony do zakupu abonamentu.<\/span><\/p>\n<h4><b>GDZIE KUPI\u0106 KARNET<\/b><\/h4>\n<p><span style=\"font-weight: 400;\">Karnety dost\u0119pne s\u0105 wy\u0142\u0105cznie online na stronie <\/span><a href=\"http:\/\/bilety.wartapoznan.pl\"><b>bilety.wartapoznan.pl<\/b><\/a><\/p>\n<h4><b>KARNETY NA KARCIE WIRTUALNEJ<\/b><\/h4>\n<p><span style=\"font-weight: 400;\">Zgodnie z has\u0142em <\/span><b>#SzanujZiele\u0144<\/b><span style=\"font-weight: 400;\">, nie ma potrzeby drukowania karnet\u00f3w. Wej\u015bci\u00f3wk\u0119 mo\u017cna okaza\u0107 w formie elektronicznej na ekranie telefonu lub tabletu.<\/span><\/p>\n<p><span style=\"font-weight: 400;\">Dodatkowo istnieje mo\u017cliwo\u015b\u0107 zapisania karnetu w portfelach mobilnych <\/span><b>Apple Wallet<\/b><span style=\"font-weight: 400;\"> i <\/span><b>Google Wallet<\/b><span style=\"font-weight: 400;\">.<\/span><\/p>\n<h4><b>Zapraszamy na mecze Warty Pozna\u0144.<\/b><\/h4>\n<h4><b>#WARTO wspiera\u0107 \u201eZielonych\u201d<\/b><\/h4>\n","protected":false},"excerpt":{"rendered":"<p>Na stronie bilety.wartapoznan.pl jutro 12 wrze\u015bnia o godzinie: 16:00 ruszy sprzeda\u017c karnet\u00f3w na mecze pi\u0142karzy Warty Pozna\u0144! Zach\u0119camy do zakupu&#8230;<\/p>\n","protected":false},"author":36,"featured_media":43096,"comment_status":"closed","ping_status":"closed","sticky":false,"template":"","format":"standard","meta":{"om_disable_all_campaigns":false,"inline_featured_image":false,"footnotes":"","_links_to":"","_links_to_target":""},"categories":[1],"tags":[],"aioseo_notices":[],"_links":{"self":[{"href":"https:\/\/wartapoznan.pl\/index.php\/wp-json\/wp\/v2\/posts\/43095"}],"collection":[{"href":"https:\/\/wartapoznan.pl\/index.php\/wp-json\/wp\/v2\/posts"}],"about":[{"href":"https:\/\/wartapoznan.pl\/index.php\/wp-json\/wp\/v2\/types\/post"}],"author":[{"embeddable":true,"href":"https:\/\/wartapoznan.pl\/index.php\/wp-json\/wp\/v2\/users\/36"}],"replies":[{"embeddable":true,"href":"https:\/\/wartapoznan.pl\/index.php\/wp-json\/wp\/v2\/comments?post=43095"}],"version-history":[{"count":14,"href":"https:\/\/wartapoznan.pl\/index.php\/wp-json\/wp\/v2\/posts\/43095\/revisions"}],"predecessor-version":[{"id":43115,"href":"https:\/\/wartapoznan.pl\/index.php\/wp-json\/wp\/v2\/posts\/43095\/revisions\/43115"}],"wp:featuredmedia":[{"embeddable":true,"href":"https:\/\/wartapoznan.pl\/index.php\/wp-json\/wp\/v2\/media\/43096"}],"wp:attachment":[{"href":"https:\/\/wartapoznan.pl\/index.php\/wp-json\/wp\/v2\/media?parent=43095"}],"wp:term":[{"taxonomy":"category","embeddable":true,"href":"https:\/\/wartapoznan.pl\/index.php\/wp-json\/wp\/v2\/categories?post=43095"},{"taxonomy":"post_tag","embeddable":true,"href":"https:\/\/wartapoznan.pl\/index.php\/wp-json\/wp\/v2\/tags?post=43095"}],"curies":[{"name":"wp","href":"https:\/\/api.w.org\/{rel}","templated":true}]}}