{"id":43110,"date":"2025-09-11T13:00:12","date_gmt":"2025-09-11T11:00:12","guid":{"rendered":"https:\/\/wartapoznan.pl\/?p=43110"},"modified":"2025-09-11T16:59:02","modified_gmt":"2025-09-11T14:59:02","slug":"betclic-2-liga-warta-poznan-vs-slask-ii-wroclaw","status":"publish","type":"post","link":"https:\/\/wartapoznan.pl\/index.php\/2025\/09\/11\/betclic-2-liga-warta-poznan-vs-slask-ii-wroclaw\/","title":{"rendered":"Betclic 2 Liga. Warta Pozna\u0144 vs \u015al\u0105sk II Wroc\u0142aw"},"content":{"rendered":"<p><b>Warta Pozna\u0144 po zwyci\u0119stwie w ostatnim domowym spotkaniu uda si\u0119 do Wroc\u0142awia, gdzie zmierzy si\u0119 z rezerwami \u015al\u0105ska. \u201eZieloni\u201d licz\u0105 na kontynuacj\u0119 dobrej passy i kolejne punkty w walce o stabilizacj\u0119 formy w lidze. Zadanie nie b\u0119dzie jednak \u0142atwe \u2013 zesp\u00f3\u0142 z Dolnego \u015al\u0105ska r\u00f3wnie\u017c jest w niez\u0142ej dyspozycji i ma za sob\u0105 dwa kolejne zwyci\u0119stwa z rz\u0119du.<\/b><\/p>\n<p><span style=\"font-weight: 400;\">Mecz odb\u0119dzie si\u0119 na stadionie przy ul. Oporowskiej \u2013 miejscu z bogat\u0105 histori\u0105, doskonale znanym kibicom polskiej pi\u0142ki. To w\u0142a\u015bnie tam przez lata swoje mecze rozgrywa\u0142 pierwszy zesp\u00f3\u0142 \u015al\u0105ska, a dzi\u015b rezerwy pr\u00f3buj\u0105 budowa\u0107 w\u0142asn\u0105 to\u017csamo\u015b\u0107 i wywalczy\u0107 siln\u0105 pozycj\u0119 w Betclic 2. Lidze.\u00a0<\/span><\/p>\n<p><span style=\"font-weight: 400;\">Szczeg\u00f3ln\u0105 uwag\u0119 przykuwa\u0107 b\u0119dzie posta\u0107 Wiktora Kami\u0144skiego \u2013 by\u0142ego zawodnika Warty, a obecnie snajpera \u015al\u0105ska II Wroc\u0142aw. Napastnik dobrze zna pozna\u0144skie realia i na pewno b\u0119dzie chcia\u0142 przypomnie\u0107 si\u0119 kibicom swojego by\u0142ego klubu.\u00a0<\/span><\/p>\n<p><b>Trener Warty tak charakteryzuje nadchodz\u0105cego rywala:<\/b><\/p>\n<p><i><span style=\"font-weight: 400;\">\u015al\u0105sk II to m\u0142ody, nieobliczalny zesp\u00f3\u0142, kt\u00f3ry cz\u0119sto rotuje struktur\u0105 gry w trakcie spotkania. Graj\u0105 w do\u015b\u0107 nietypowy spos\u00f3b \u2013 szeroko ustawieni skrzyd\u0142owi graj\u0105 wysoko, a dw\u00f3ch nominalnych napastnik\u00f3w funkcjonuje w roli \u015brodkowych pomocnik\u00f3w. W ten spos\u00f3b pr\u00f3buj\u0105 wyci\u0105ga\u0107 rywala do wysokiego pressingu i konstruowa\u0107 akcje po ziemi. W defensywie ustawiaj\u0105 si\u0119 w systemie 5-4-1, z do\u015b\u0107 wysoko graj\u0105c\u0105 lini\u0105 obrony, co zostawia przestrze\u0144 za ich plecami. Maj\u0105 w sk\u0142adzie kilku naprawd\u0119 warto\u015bciowych zawodnik\u00f3w, kt\u00f3rzy pukaj\u0105 do pierwszej dru\u017cyny \u015al\u0105ska. My\u015bl\u0119, \u017ce czeka nas starcie dw\u00f3ch jako\u015bciowych dru\u017cyn nastawionych na atak \u2013 zapowiada si\u0119 ciekawy mecz dla kibic\u00f3w.<\/span><\/i><\/p>\n<p><b>Trener Maciej Tokarczyk skomentowa\u0142, jak zwyci\u0119stwo nad Zag\u0142\u0119biem Sosnowiec wp\u0142yn\u0119\u0142o na atmosfer\u0119 i morale w dru\u017cynie przed nast\u0119pnym spotkaniem:<\/b><\/p>\n<p><i><span style=\"font-weight: 400;\">Pomimo braku zwyci\u0119stw atmosfera w szatni by\u0142a naprawd\u0119 dobra. Zawodnicy utrzymywali entuzjazm i pewno\u015b\u0107 siebie, bo widzieli, \u017ce nasza gra wygl\u0105da nie\u017ale i \u017ce stwarzamy sytuacje. Oczywi\u015bcie wygrana by\u0142a dla nas bardzo wa\u017cna \u2013 doda\u0142a nam jeszcze wi\u0119cej pewno\u015bci siebie i w pewnym sensie spad\u0142 nam kamie\u0144 z serca. Ten kierunek jednak pozosta\u0142 niezmienny \u2013 wci\u0105\u017c mamy entuzjazm i ch\u0119\u0107 do dalszej pracy. Chcemy zwyci\u0119\u017ca\u0107, gra\u0107 mecze na w\u0142asnych zasadach, rozwija\u0107 si\u0119 i zdobywa\u0107 kolejne punkty.<\/span><\/i><\/p>\n<p><b><i>Trener Tokarczyk przedstawi\u0142 aktualn\u0105 sytuacj\u0119 kadrow\u0105 przed meczem ze \u015al\u0105skiem II Wroc\u0142aw:<\/i><\/b><\/p>\n<p><i><span style=\"font-weight: 400;\">Sytuacja zdrowotna idzie ku lepszemu \u2013 Karol Dziedzic jest coraz bli\u017cej powrotu, cho\u0107 jeszcze nie zagra w najbli\u017cszym spotkaniu. Marcel Zylla wr\u00f3ci\u0142 ju\u017c na boisko i ostatnio rozegra\u0142 oko\u0142o 25\u201330 minut, a Filip Jakubowski jest w pe\u0142ni zdrowy. Dobrze wszyscy wiemy, \u017ce Kontuzja Bartka Wiktoruka b\u0119dzie si\u0119 jeszcze d\u0142ugo ci\u0105gn\u0119\u0142a. Szymka Zalewskiego ze \u015al\u0105skiem nie zobaczymy, ale jest spora szansa, \u017ce wr\u00f3ci na kolejny mecz. Z kolei Artur Gaza wypad\u0142 na kilka tygodni \u2013 dozna\u0142 z\u0142amania pi\u0105tej ko\u015bci \u015br\u00f3dstopia na treningu po kontakcie z rywalem.<\/span><\/i><\/p>\n<p><b><i>Od pocz\u0105tku sezonu Warta Pozna\u0144 rozegra\u0142a siedem kolejek, z czego a\u017c sze\u015b\u0107 spotka\u0144 na wyje\u017adzie. Trener Tokarczyk wyja\u015bni\u0142, jak wp\u0142yn\u0119\u0142o to na mikrocykl treningowy dru\u017cyny:<\/i><\/b><\/p>\n<p><i><span style=\"font-weight: 400;\">\u00a0Na pewno mia\u0142o to du\u017cy wp\u0142yw na planowanie mikrocyklu, obci\u0105\u017ce\u0144 i regeneracji zawodnik\u00f3w. Ten trudny okres mamy ju\u017c za sob\u0105, a teraz patrzymy w przysz\u0142o\u015b\u0107. Niezale\u017cnie od tego, czy gramy u siebie, czy na wyje\u017adzie, musimy dobrze wykona\u0107 prac\u0119 i w\u0142a\u015bciwie j\u0105 zaplanowa\u0107 \u2013 po to, aby wygrywa\u0107 mecze.<\/span><\/i><\/p>\n<p><b><i>Przed Wart\u0105 Pozna\u0144 intensywny okres \u2013 od 20 wrze\u015bnia zesp\u00f3\u0142 rozegra trzy mecze w ci\u0105gu sze\u015bciu dni. Trener Tokarczyk zdradzi\u0142, jak dru\u017cyna zamierza poradzi\u0107 sobie z takim wyzwaniem:<\/i><\/b><\/p>\n<p><i><span style=\"font-weight: 400;\">Zawodnicy musz\u0105 szczeg\u00f3lnie zadba\u0107 o regeneracj\u0119, by do ka\u017cdego kolejnego meczu przyst\u0119powa\u0107 w jak najlepszej dyspozycji. Naszym zadaniem, jako sztabu, jest odpowiednie zarz\u0105dzanie ca\u0142ym procesem \u2013 od doboru ludzi, po ich w\u0142a\u015bciwe wykorzystanie. To na pewno du\u017ce wyzwanie, ale mecze to jest w\u0142a\u015bnie to, co pi\u0142karze i trenerzy lubi\u0105 najbardziej. Po to trenujemy, \u017ceby rozgrywa\u0107 ich jak najwi\u0119cej. Ciesz\u0119 si\u0119 te\u017c, \u017ce zagramy je u siebie, przed naszymi kibicami.<\/span><\/i><\/p>\n<p><b><i>Trener Tokarczyk podkre\u015bli\u0142 rol\u0119 kibic\u00f3w w budowaniu morale dru\u017cyny:<\/i><\/b><\/p>\n<p><i><span style=\"font-weight: 400;\">Obecno\u015b\u0107 kibic\u00f3w jest dla nas bardzo wa\u017cna. Nios\u0105 nas i wspieraj\u0105 w trudnych momentach, ale s\u0105 te\u017c z nami, gdy dziej\u0105 si\u0119 dobre rzeczy na boisku. Liczymy na ich jeszcze wi\u0119ksze wsparcie, a jednocze\u015bnie zdajemy sobie spraw\u0119, \u017ce kibice oczekuj\u0105 od nas wynik\u00f3w i chc\u0105 cieszy\u0107 si\u0119 po kolejnych zwyci\u0119stwach. Robimy wszystko, \u017ceby im t\u0119 rado\u015b\u0107 zapewni\u0107.<\/span><\/i><\/p>\n","protected":false},"excerpt":{"rendered":"<p>Warta Pozna\u0144 po zwyci\u0119stwie w ostatnim domowym spotkaniu uda si\u0119 do Wroc\u0142awia, gdzie zmierzy si\u0119 z rezerwami \u015al\u0105ska. \u201eZieloni\u201d licz\u0105&#8230;<\/p>\n","protected":false},"author":36,"featured_media":43064,"comment_status":"closed","ping_status":"closed","sticky":false,"template":"","format":"standard","meta":{"om_disable_all_campaigns":false,"inline_featured_image":false,"footnotes":"","_links_to":"","_links_to_target":""},"categories":[1],"tags":[],"aioseo_notices":[],"_links":{"self":[{"href":"https:\/\/wartapoznan.pl\/index.php\/wp-json\/wp\/v2\/posts\/43110"}],"collection":[{"href":"https:\/\/wartapoznan.pl\/index.php\/wp-json\/wp\/v2\/posts"}],"about":[{"href":"https:\/\/wartapoznan.pl\/index.php\/wp-json\/wp\/v2\/types\/post"}],"author":[{"embeddable":true,"href":"https:\/\/wartapoznan.pl\/index.php\/wp-json\/wp\/v2\/users\/36"}],"replies":[{"embeddable":true,"href":"https:\/\/wartapoznan.pl\/index.php\/wp-json\/wp\/v2\/comments?post=43110"}],"version-history":[{"count":1,"href":"https:\/\/wartapoznan.pl\/index.php\/wp-json\/wp\/v2\/posts\/43110\/revisions"}],"predecessor-version":[{"id":43111,"href":"https:\/\/wartapoznan.pl\/index.php\/wp-json\/wp\/v2\/posts\/43110\/revisions\/43111"}],"wp:featuredmedia":[{"embeddable":true,"href":"https:\/\/wartapoznan.pl\/index.php\/wp-json\/wp\/v2\/media\/43064"}],"wp:attachment":[{"href":"https:\/\/wartapoznan.pl\/index.php\/wp-json\/wp\/v2\/media?parent=43110"}],"wp:term":[{"taxonomy":"category","embeddable":true,"href":"https:\/\/wartapoznan.pl\/index.php\/wp-json\/wp\/v2\/categories?post=43110"},{"taxonomy":"post_tag","embeddable":true,"href":"https:\/\/wartapoznan.pl\/index.php\/wp-json\/wp\/v2\/tags?post=43110"}],"curies":[{"name":"wp","href":"https:\/\/api.w.org\/{rel}","templated":true}]}}