{"id":43419,"date":"2025-10-17T21:22:42","date_gmt":"2025-10-17T19:22:42","guid":{"rendered":"https:\/\/wartapoznan.pl\/?p=43419"},"modified":"2025-10-23T13:51:32","modified_gmt":"2025-10-23T11:51:32","slug":"twierdza-ogrodek-wciaz-niezdobyta-warta-poznan-z-siodmym-zwyciestem-z-rzedu","status":"publish","type":"post","link":"https:\/\/wartapoznan.pl\/index.php\/2025\/10\/17\/twierdza-ogrodek-wciaz-niezdobyta-warta-poznan-z-siodmym-zwyciestem-z-rzedu\/","title":{"rendered":"Twierdza ,,Ogr\u00f3dek&#8221; wci\u0105\u017c niezdobyta! Warta Pozna\u0144 z si\u00f3dmym zwyci\u0119stwem z rz\u0119du."},"content":{"rendered":"<p><b>Pomimo ch\u0142odnej aury, na stadionie przy Drodze D\u0119bi\u0144skiej 12 zasiad\u0142 komplet kibic\u00f3w, kt\u00f3rzy ponie\u015bli Wart\u0119 Pozna\u0144 do kolejnego zwyci\u0119stwa. Zieloni wygrali po raz si\u00f3dmy z rz\u0119du, bij\u0105c tym samym rekord serii z sezonu 2017\/18. Mecz z Hutnikiem Krak\u00f3w by\u0142 twardy, pe\u0142en walki i determinacji, a ozdob\u0105 spotkania zosta\u0142a fantastyczna indywidualna akcja Kacpra Szymanka, kt\u00f3ry w ko\u0144c\u00f3wce zapewni\u0142 Warcie dwubramkowe prowadzenie i przypiecz\u0119towa\u0142 triumf ,,Zielonych\u201d.<\/b><\/p>\n<p><span style=\"font-weight: 400;\">Od pierwszych minut spotkanie mia\u0142o zamkni\u0119ty charakter \u2013 du\u017co walki fizycznej, sporo gry w \u015brodku pola i niewiele miejsca na swobodne rozgrywanie pi\u0142ki. Obie dru\u017cyny gra\u0142y kompaktowo, solidnie w defensywie, nie pozwalaj\u0105c rywalowi na zbyt wiele.<\/span><\/p>\n<p><span style=\"font-weight: 400;\">Warta od pocz\u0105tku ruszy\u0142a wysoko, zmuszaj\u0105c bramkarza Hutnika do b\u0142\u0119du. <strong>Filip Walu\u015b<\/strong> m\u00f3g\u0142 otworzy\u0107 wynik, ale po przechwycie i szybkim strzale pi\u0142ka nieznacznie min\u0119\u0142a bramk\u0119.Chwil\u0119 p\u00f3\u017aniej, w 20. minucie, to w\u0142a\u015bnie Walu\u015b nap\u0119dzi\u0142 akcj\u0119 Zielonych \u2013 po jego dynamicznym rajdzie pi\u0142ka trafi\u0142a do <\/span><b>Marcela Stefaniaka<\/b><span style=\"font-weight: 400;\">, kt\u00f3rego strza\u0142 niefortunnie do w\u0142asnej siatki skierowa\u0142 jeden z obro\u0144c\u00f3w go\u015bci, daj\u0105c Warcie prowadzenie.<\/span><\/p>\n<p><span style=\"font-weight: 400;\"><img loading=\"lazy\" decoding=\"async\" width=\"1600\" height=\"1068\" class=\"alignnone size-full wp-image-43422\" src=\"https:\/\/wartapoznan.pl\/wp-content\/uploads\/2025\/10\/DSC_5198.jpg\" alt=\"\" srcset=\"https:\/\/wartapoznan.pl\/wp-content\/uploads\/2025\/10\/DSC_5198.jpg 1600w, https:\/\/wartapoznan.pl\/wp-content\/uploads\/2025\/10\/DSC_5198-1536x1025.jpg 1536w, https:\/\/wartapoznan.pl\/wp-content\/uploads\/2025\/10\/DSC_5198-300x200.jpg 300w, https:\/\/wartapoznan.pl\/wp-content\/uploads\/2025\/10\/DSC_5198-128x85.jpg 128w, https:\/\/wartapoznan.pl\/wp-content\/uploads\/2025\/10\/DSC_5198-32x21.jpg 32w\" sizes=\"(max-width: 1600px) 100vw, 1600px\" \/><\/span>Fot. Sylwia Toroszewska-Wojtyniak<\/p>\n<p><span style=\"font-weight: 400;\">Zieloni mogli podwy\u017cszy\u0107 wynik ju\u017c cztery minuty p\u00f3\u017aniej, gdy do\u015brodkowanie z rzutu ro\u017cnego niespodziewanie zamieni\u0142o si\u0119 w gro\u017any strza\u0142, ale tym razem bramkarza go\u015bci uratowa\u0142a poprzeczka. Po obj\u0119ciu prowadzenia obraz gry nie uleg\u0142 diametralnej zmianie \u2013 nadal dominowa\u0142a twarda walka i zaanga\u017cowanie, a klarownych okazji po obu stronach by\u0142o niewiele.<\/span><\/p>\n<p><span style=\"font-weight: 400;\">Druga po\u0142owa rozpocz\u0119\u0142a si\u0119 od mocnego akcentu gospodarzy. Ju\u017c w pierwszych minutach drugiej ods\u0142ony spotkania <\/span><b>Hutnik<\/b><span style=\"font-weight: 400;\"> stworzy\u0142 sobie znakomit\u0105 sytuacj\u0119 \u2014 po szybkim ataku zawodnik dru\u017cyny z Krakowa znalaz\u0142 si\u0119 sam na sam z bramkarzem, jednak jego strza\u0142 poszybowa\u0142 nad poprzeczk\u0105. Po tej akcji mecz wr\u00f3ci\u0142 do rytmu znanego z pierwszej po\u0142owy \u2014 du\u017co walki, ma\u0142o przestrzeni i kompaktowa gra obu zespo\u0142\u00f3w.<\/span><\/p>\n<p><img loading=\"lazy\" decoding=\"async\" width=\"1600\" height=\"1068\" class=\"alignnone size-full wp-image-43426\" src=\"https:\/\/wartapoznan.pl\/wp-content\/uploads\/2025\/10\/DSC_5182.jpg\" alt=\"\" srcset=\"https:\/\/wartapoznan.pl\/wp-content\/uploads\/2025\/10\/DSC_5182.jpg 1600w, https:\/\/wartapoznan.pl\/wp-content\/uploads\/2025\/10\/DSC_5182-1536x1025.jpg 1536w, https:\/\/wartapoznan.pl\/wp-content\/uploads\/2025\/10\/DSC_5182-300x200.jpg 300w, https:\/\/wartapoznan.pl\/wp-content\/uploads\/2025\/10\/DSC_5182-128x85.jpg 128w, https:\/\/wartapoznan.pl\/wp-content\/uploads\/2025\/10\/DSC_5182-32x21.jpg 32w\" sizes=\"(max-width: 1600px) 100vw, 1600px\" \/>Fot. Sylwia Toroszewska-Wojtyniak<\/p>\n<p><span style=\"font-weight: 400;\">Warta z czasem zacz\u0119\u0142a coraz mocniej kontrolowa\u0107 przebieg spotkania i to ona cz\u0119\u015bciej go\u015bci\u0142a pod polem karnym rywala. Zieloni szukali swoich szans g\u0142\u00f3wnie po sta\u0142ych fragmentach gry i po zbieranych z nich drugich pi\u0142kach. Po jednym z takich zagra\u0144 <\/span><b>Karol Dziedzic<\/b><span style=\"font-weight: 400;\"> by\u0142 bliski podwy\u017cszenia wyniku, lecz jego uderzenie minimalnie min\u0119\u0142o bramk\u0119. Nied\u0142ugo p\u00f3\u017aniej pr\u00f3bowa\u0142 <\/span><b>Kacper Szymanek<\/b><span style=\"font-weight: 400;\">, jednak jego mocny strza\u0142 zosta\u0142 zablokowany.<\/span><\/p>\n<p><span style=\"font-weight: 400;\">Od oko\u0142o 65. minuty Hutnik mia\u0142 coraz mniej do powiedzenia. Gospodarze pr\u00f3bowali d\u0142ugich poda\u0144 za lini\u0119 obrony, lecz dobrze ustawieni defensorzy Warty skutecznie niwelowali zagro\u017cenie. W 80. minucie krakowianie byli bliscy wyr\u00f3wnania \u2014 po uderzeniu z lewej strony pola karnego \u015bwietnie interweniowa\u0142 <\/span><b>Leo Przybylak<\/b><span style=\"font-weight: 400;\">, paruj\u0105c pi\u0142k\u0119 na rzut ro\u017cny.<\/span><\/p>\n<p><span style=\"font-weight: 400;\">Chwil\u0119 p\u00f3\u017aniej Zieloni postawili kropk\u0119 nad \u201ei\u201d. Po rzucie ro\u017cnym dla Hutnika \u015bwietnie w pressingu zachowa\u0142 si\u0119 <\/span><b>Szymanek<\/b><span style=\"font-weight: 400;\">, kt\u00f3ry przej\u0105\u0142 pi\u0142k\u0119, ruszy\u0142 w indywidualny rajd przez ca\u0142e boisko, min\u0105\u0142 kilku rywali i pot\u0119\u017cnym strza\u0142em pod poprzeczk\u0119 zdoby\u0142 gola na 2:0.<\/span><\/p>\n<p><span style=\"font-weight: 400;\"><img loading=\"lazy\" decoding=\"async\" width=\"1600\" height=\"1068\" class=\"alignnone size-full wp-image-43424\" src=\"https:\/\/wartapoznan.pl\/wp-content\/uploads\/2025\/10\/DSC_5164.jpg\" alt=\"\" srcset=\"https:\/\/wartapoznan.pl\/wp-content\/uploads\/2025\/10\/DSC_5164.jpg 1600w, https:\/\/wartapoznan.pl\/wp-content\/uploads\/2025\/10\/DSC_5164-1536x1025.jpg 1536w, https:\/\/wartapoznan.pl\/wp-content\/uploads\/2025\/10\/DSC_5164-300x200.jpg 300w, https:\/\/wartapoznan.pl\/wp-content\/uploads\/2025\/10\/DSC_5164-128x85.jpg 128w, https:\/\/wartapoznan.pl\/wp-content\/uploads\/2025\/10\/DSC_5164-32x21.jpg 32w\" sizes=\"(max-width: 1600px) 100vw, 1600px\" \/><\/span>Fot. Sylwia Toroszewska-Wojtyniak<\/p>\n<p><span style=\"font-weight: 400;\">Warta mog\u0142a jeszcze podwy\u017cszy\u0107 wynik, gdy w dobrej sytuacji znalaz\u0142 si\u0119 <\/span><b>Szymon Zalewski<\/b><span style=\"font-weight: 400;\">, ale tym razem g\u00f3r\u0105 by\u0142 bramkarz gospodarzy. W 87. minucie Hutnik zdo\u0142a\u0142\u00a0 z\u0142apa\u0107 kontakt \u2014 <\/span><b>Wilde Donald Guerrier<\/b><span style=\"font-weight: 400;\"> zosta\u0142 sfaulowany w polu karnym, a <\/span><b>Patryk Kieli\u015b<\/b><span style=\"font-weight: 400;\"> pewnym strza\u0142em z rzutu karnego ustali\u0142 wynik na 2:1. W ko\u0144c\u00f3wce gospodarze pr\u00f3bowali jeszcze doprowadzi\u0107 do remisu, ale dobrze zorganizowana Warta dowioz\u0142a zwyci\u0119stwo do ostatniego gwizdka.<\/span><\/p>\n<p><span style=\"font-weight: 400;\">Kolejne spotkanie Warta rozegra na wyje\u017adzie\u00a0 <\/span><b>w niedziel\u0119, 26 pa\u017adziernika o 15:00<\/b><span style=\"font-weight: 400;\">, a rywalem Zielonych b\u0119dzie <\/span><b>Sandecja Nowy S\u0105cz<\/b><span style=\"font-weight: 400;\">.\u00a0<\/span><\/p>\n<p><b>Sponsorem meczu by\u0142 TedGifted<\/b><\/p>\n<p>&nbsp;<\/p>\n","protected":false},"excerpt":{"rendered":"<p>Pomimo ch\u0142odnej aury, na stadionie przy Drodze D\u0119bi\u0144skiej 12 zasiad\u0142 komplet kibic\u00f3w, kt\u00f3rzy ponie\u015bli Wart\u0119 Pozna\u0144 do kolejnego zwyci\u0119stwa. Zieloni&#8230;<\/p>\n","protected":false},"author":36,"featured_media":43420,"comment_status":"closed","ping_status":"closed","sticky":false,"template":"","format":"standard","meta":{"om_disable_all_campaigns":false,"inline_featured_image":false,"footnotes":"","_links_to":"","_links_to_target":""},"categories":[94,100,1],"tags":[],"aioseo_notices":[],"_links":{"self":[{"href":"https:\/\/wartapoznan.pl\/index.php\/wp-json\/wp\/v2\/posts\/43419"}],"collection":[{"href":"https:\/\/wartapoznan.pl\/index.php\/wp-json\/wp\/v2\/posts"}],"about":[{"href":"https:\/\/wartapoznan.pl\/index.php\/wp-json\/wp\/v2\/types\/post"}],"author":[{"embeddable":true,"href":"https:\/\/wartapoznan.pl\/index.php\/wp-json\/wp\/v2\/users\/36"}],"replies":[{"embeddable":true,"href":"https:\/\/wartapoznan.pl\/index.php\/wp-json\/wp\/v2\/comments?post=43419"}],"version-history":[{"count":3,"href":"https:\/\/wartapoznan.pl\/index.php\/wp-json\/wp\/v2\/posts\/43419\/revisions"}],"predecessor-version":[{"id":43462,"href":"https:\/\/wartapoznan.pl\/index.php\/wp-json\/wp\/v2\/posts\/43419\/revisions\/43462"}],"wp:featuredmedia":[{"embeddable":true,"href":"https:\/\/wartapoznan.pl\/index.php\/wp-json\/wp\/v2\/media\/43420"}],"wp:attachment":[{"href":"https:\/\/wartapoznan.pl\/index.php\/wp-json\/wp\/v2\/media?parent=43419"}],"wp:term":[{"taxonomy":"category","embeddable":true,"href":"https:\/\/wartapoznan.pl\/index.php\/wp-json\/wp\/v2\/categories?post=43419"},{"taxonomy":"post_tag","embeddable":true,"href":"https:\/\/wartapoznan.pl\/index.php\/wp-json\/wp\/v2\/tags?post=43419"}],"curies":[{"name":"wp","href":"https:\/\/api.w.org\/{rel}","templated":true}]}}