{"id":43463,"date":"2025-10-25T15:00:26","date_gmt":"2025-10-25T13:00:26","guid":{"rendered":"https:\/\/wartapoznan.pl\/?p=43463"},"modified":"2025-10-25T15:12:43","modified_gmt":"2025-10-25T13:12:43","slug":"betclic-2-liga-sandecja-nowy-sacz-vs-warta-poznan","status":"publish","type":"post","link":"https:\/\/wartapoznan.pl\/index.php\/2025\/10\/25\/betclic-2-liga-sandecja-nowy-sacz-vs-warta-poznan\/","title":{"rendered":"Betclic 2 liga. Sandecja Nowy S\u0105cz vs Warta Pozna\u0144"},"content":{"rendered":"<p><b>Ju\u017c w niedziel\u0119, 26 pa\u017adziernika o godzinie 15:00, Warta Pozna\u0144 stanie przed szans\u0105 na wyr\u00f3wnanie historycznego rekordu zwyci\u0119stw z rz\u0119du. \u201eZieloni\u201d rozegraj\u0105 wyjazdowe spotkanie z Sandecj\u0105 Nowy S\u0105cz na nowym, otwartym w sierpniu stadionie, mog\u0105cym pomie\u015bci\u0107 ponad osiem tysi\u0119cy widz\u00f3w.<\/b><\/p>\n<p><span style=\"font-weight: 400;\">Podopieczni <\/span><b>trenera Macieja Tokarczyka<\/b><span style=\"font-weight: 400;\"> s\u0105 w znakomitej formie \u2013 maj\u0105 na koncie <\/span><b>siedem zwyci\u0119stw z rz\u0119du<\/b><span style=\"font-weight: 400;\"> oraz \u0142\u0105cznie <\/span><b>jedena\u015bcie spotka\u0144 bez pora\u017cki<\/b><span style=\"font-weight: 400;\">, czyli tyle samo, ile wynosi rekord ustanowiony w sezonie <\/span><b>2015\/2016<\/b><span style=\"font-weight: 400;\"> w III lidze kujawsko-pomorsko-wielkopolskiej. Je\u015bli Warta nie przegra w Nowym S\u0105czu, <\/span><b>pobije ten wynik i ustanowi nowy rekord niepokonanej serii.<\/b><\/p>\n<p><span style=\"font-weight: 400;\">Sandecja zajmuje obecnie 8. miejsce w tabeli Betclic 2. Ligi, trac\u0105c do Warty sze\u015b\u0107 punkt\u00f3w. Po znakomitym pocz\u0105tku sezonu \u2013 trzech zwyci\u0119stwach i remisie \u2013 forma dru\u017cyny wyra\u017anie si\u0119 obni\u017cy\u0142a. W ostatnich dziewi\u0119ciu meczach Sandecja wygra\u0142a tylko dwa razy, co doprowadzi\u0142o do zmiany trenera. \u0141ukasza Mierzejewskiego zast\u0105pi\u0142 J\u00e1n Fr\u00f6hlich, dotychczasowy dyrektor skautingu klubu, kt\u00f3ry poprowadzi zesp\u00f3\u0142 w meczu z Wart\u0105.<\/span><\/p>\n<p><span style=\"font-weight: 400;\">Historia spotka\u0144 przemawia jednak za gospodarzami \u2013 z ostatnich pi\u0119ciu bezpo\u015brednich star\u0107 <\/span><b>cztery wygrywa\u0142a Sandecja<\/b><span style=\"font-weight: 400;\">, a tylko jedno zako\u0144czy\u0142o si\u0119 triumfem Warty. Ostatni raz dru\u017cyny mierzy\u0142y si\u0119 <\/span><b>trzy lata temu w Pucharze Polski<\/b><span style=\"font-weight: 400;\">, a zesp\u00f3\u0142 z Nowego S\u0105cza wygra\u0142 2:1 po golach <\/span><b>Jakuba Wr\u00f3bla<\/b><span style=\"font-weight: 400;\"> i <\/span><b>\u0141ukasza Kosakiewicza<\/b><span style=\"font-weight: 400;\">; dla \u201eZielonych\u201d trafi\u0142 wtedy <\/span><b>Jan Grzesik<\/b><span style=\"font-weight: 400;\">.<\/span><\/p>\n<p><span style=\"font-weight: 400;\">W obecnym sk\u0142adzie Sandecji kibice Warty mog\u0105 rozpozna\u0107 <\/span><b>Wiktora Ple\u015bnierowicza<\/b><span style=\"font-weight: 400;\">, kt\u00f3ry jeszcze do niedawna reprezentowa\u0142 pozna\u0144ski klub, a latem przeni\u00f3s\u0142 si\u0119 do Nowego S\u0105cza. Na uwag\u0119 zas\u0142uguj\u0105 r\u00f3wnie\u017c <\/span><b>do\u015bwiadczony bramkarz Martin Polacek<\/b><span style=\"font-weight: 400;\">, maj\u0105cy za sob\u0105 bogaty dorobek wyst\u0119p\u00f3w w Ekstraklasie, oraz <\/span><b>Filip Piszczek<\/b><span style=\"font-weight: 400;\"> \u2013 napastnik, kt\u00f3ry po zagranicznych woja\u017cach m.in. we W\u0142oszech i Japonii szybko odnalaz\u0142 form\u0119, zdobywaj\u0105c <\/span><b>3 gole, dok\u0142adaj\u0105c do tego 3 ostatnie podania.<\/b><\/p>\n<p><span style=\"font-weight: 400;\">Dla Warty b\u0119dzie to kolejny wa\u017cny sprawdzian, ale te\u017c szansa na dopisanie nowego rozdzia\u0142u w klubowej historii. Kibice z pewno\u015bci\u0105 licz\u0105, \u017ce niedzielne popo\u0142udnie w Nowym S\u0105czu przyniesie kontynuacj\u0119 znakomitej passy \u201eZielonych\u201d.<\/span><\/p>\n<p><b>Tak trener Maciej Tokarczyk scharakteryzowa\u0142 dru\u017cyn\u0119 z Nowego S\u0105cza<\/b><\/p>\n<p><i><span style=\"font-weight: 400;\">Przeciwnik do tej pory gra\u0142 w systemie 3-4-3, czyli tak samo jak my. Cz\u0119sto przechodzi w ustawienie 5-4-1 i szuka moment\u00f3w do wysokiego pressingu. Od wczoraj Sandecja ma nowego trenera, ale nie spodziewamy si\u0119 wielkich zmian w tym kontek\u015bcie. Musimy jednak mie\u0107 otwarte g\u0142owy na ewentualne nowe rozwi\u0105zania.<\/span><\/i><\/p>\n<p><i><span style=\"font-weight: 400;\">W sk\u0142adzie maj\u0105 kilku zawodnik\u00f3w z dobr\u0105 przesz\u0142o\u015bci\u0105 i indywidualno\u015bci, na kt\u00f3re trzeba uwa\u017ca\u0107. My z kolei chcemy pokaza\u0107 nasze najmocniejsze strony. My\u015bl\u0119, \u017ce to b\u0119dzie wyj\u0105tkowy mecz tak\u017ce pod k\u0105tem atmosfery \u2013 w Nowym S\u0105czu na nowy stadion przychodzi sporo kibic\u00f3w, mocno dopinguj\u0105. To b\u0119dzie dla nas fajne prze\u017cycie i dodatkowa motywacja, \u017ceby pokaza\u0107 si\u0119 z jak najlepszej strony.<\/span><\/i><\/p>\n<p><b>Trener Maciej Tokarczyk zosta\u0142 r\u00f3wnie\u017c zapytany o wyst\u0119p zawodnik\u00f3w z pierwszego zespo\u0142u, kt\u00f3rzy pojawili si\u0119 w ostatnim meczu rezerw.<\/b><\/p>\n<p><i><span style=\"font-weight: 400;\">To by\u0142 dosy\u0107 nietypowy mecz. W 25. minucie wydarzy\u0142a si\u0119 sytuacja, kt\u00f3ra mocno ustawi\u0142a spotkanie. Przy stanie 2:0 nie uda\u0142o nam si\u0119 ju\u017c odwr\u00f3ci\u0107 wyniku, a ostatecznie przegrali\u015bmy 2:3.<\/span><\/i><\/p>\n<p><i><span style=\"font-weight: 400;\">Oczywi\u015bcie sam wynik jest minusem, natomiast cieszy mnie to, \u017ce ch\u0142opcy mieli okazj\u0119 do gry. Te minuty s\u0105 dla nich bardzo cenne, szczeg\u00f3lnie w kontek\u015bcie obecnego mikrocyklu. Ka\u017cdy taki wyst\u0119p to dla nich warto\u015b\u0107 i wa\u017cny element utrzymania rytmu meczowego.<\/span><\/i><\/p>\n<p><b>Trener Maciej Tokarczyk zosta\u0142 r\u00f3wnie\u017c zapytany o ostatni wynik Sandecji, kt\u00f3ra wysoko przegra\u0142a 0:4 ze \u015al\u0105skiem II Wroc\u0142aw.<\/b><\/p>\n<p><i><span style=\"font-weight: 400;\">Na pewno to bardzo wysoki rezultat, takiego wyniku si\u0119 nie spodziewa\u0142em. \u2013 Liga jest jednak na tyle wyr\u00f3wnana, \u017ce trzeba by\u0107 czujnym w ka\u017cdym spotkaniu, niezale\u017cnie od rywala. Samo zwyci\u0119stwo \u015al\u0105ska mnie nie zaskoczy\u0142o, bo to zesp\u00f3\u0142 z\u0142o\u017cony z m\u0142odych, jako\u015bciowych zawodnik\u00f3w, prowadzony przez trenera z jasno okre\u015blonym planem i procesowym podej\u015bciem. Natomiast rozmiary pora\u017cki faktycznie by\u0142y zaskoczeniem.\u00a0<\/span><\/i><\/p>\n","protected":false},"excerpt":{"rendered":"<p>Ju\u017c w niedziel\u0119, 26 pa\u017adziernika o godzinie 15:00, Warta Pozna\u0144 stanie przed szans\u0105 na wyr\u00f3wnanie historycznego rekordu zwyci\u0119stw z rz\u0119du&#8230;.<\/p>\n","protected":false},"author":36,"featured_media":43464,"comment_status":"closed","ping_status":"closed","sticky":false,"template":"","format":"standard","meta":{"om_disable_all_campaigns":false,"inline_featured_image":false,"footnotes":"","_links_to":"","_links_to_target":""},"categories":[1],"tags":[],"aioseo_notices":[],"_links":{"self":[{"href":"https:\/\/wartapoznan.pl\/index.php\/wp-json\/wp\/v2\/posts\/43463"}],"collection":[{"href":"https:\/\/wartapoznan.pl\/index.php\/wp-json\/wp\/v2\/posts"}],"about":[{"href":"https:\/\/wartapoznan.pl\/index.php\/wp-json\/wp\/v2\/types\/post"}],"author":[{"embeddable":true,"href":"https:\/\/wartapoznan.pl\/index.php\/wp-json\/wp\/v2\/users\/36"}],"replies":[{"embeddable":true,"href":"https:\/\/wartapoznan.pl\/index.php\/wp-json\/wp\/v2\/comments?post=43463"}],"version-history":[{"count":5,"href":"https:\/\/wartapoznan.pl\/index.php\/wp-json\/wp\/v2\/posts\/43463\/revisions"}],"predecessor-version":[{"id":43481,"href":"https:\/\/wartapoznan.pl\/index.php\/wp-json\/wp\/v2\/posts\/43463\/revisions\/43481"}],"wp:featuredmedia":[{"embeddable":true,"href":"https:\/\/wartapoznan.pl\/index.php\/wp-json\/wp\/v2\/media\/43464"}],"wp:attachment":[{"href":"https:\/\/wartapoznan.pl\/index.php\/wp-json\/wp\/v2\/media?parent=43463"}],"wp:term":[{"taxonomy":"category","embeddable":true,"href":"https:\/\/wartapoznan.pl\/index.php\/wp-json\/wp\/v2\/categories?post=43463"},{"taxonomy":"post_tag","embeddable":true,"href":"https:\/\/wartapoznan.pl\/index.php\/wp-json\/wp\/v2\/tags?post=43463"}],"curies":[{"name":"wp","href":"https:\/\/api.w.org\/{rel}","templated":true}]}}