{"id":43472,"date":"2025-10-23T18:06:03","date_gmt":"2025-10-23T16:06:03","guid":{"rendered":"https:\/\/wartapoznan.pl\/?p=43472"},"modified":"2025-10-24T18:46:24","modified_gmt":"2025-10-24T16:46:24","slug":"rozklad-gier-akademii-warty-poznan-11","status":"publish","type":"post","link":"https:\/\/wartapoznan.pl\/index.php\/2025\/10\/23\/rozklad-gier-akademii-warty-poznan-11\/","title":{"rendered":"Rozk\u0142ad gier Akademii Warty Pozna\u0144"},"content":{"rendered":"<p><strong>Co przyniesie nam nadchodz\u0105ca seria gier? Mocno liczymy, \u017ce komplet punkt\u00f3w. Oto pe\u0142na lista gier zespo\u0142\u00f3w Akademii Warty Pozna\u0144.<\/strong><\/p>\n<p><strong>Medyk Konin &#8211; Warta Pozna\u0144<\/strong><\/p>\n<p><em>7. kolejka Centralnej Ligi Juniorek do lat 16<\/em><\/p>\n<p>niedziela, godz. 15:00 &#8211; Konin<\/p>\n<p><strong>Warta Pozna\u0144 &#8211; UKS APR Lampart Pozna\u0144 Ladies<\/strong><\/p>\n<p><em>6. kolejka \u017ce\u0144skiej Ligi Wojew\u00f3dzkiej do lat 13<\/em><\/p>\n<p>sobota, godz. 16:00 &#8211; Pozna\u0144, ul. Harcerska<\/p>\n<p><strong>Olimpia Ko\u0142o &#8211; Warta II Pozna\u0144<\/strong><\/p>\n<p><em>12. kolejka Red Box V Ligi<\/em><\/p>\n<p>sobota, godz. 15:00 &#8211; Ko\u0142o<\/p>\n<p><strong>Warta Pozna\u0144 &#8211; KS 1920 Mosina<\/strong><\/p>\n<p><em>10. kolejka Ligi Wojew\u00f3dzkiej do lat 19<\/em><\/p>\n<p>niedziela, godz. 12:00 &#8211; Pozna\u0144, ul. Harcerska<\/p>\n<p><strong>Warta Pozna\u0144 &#8211; SMS APR \u015alesin<\/strong><\/p>\n<p><em>12. kolejka Ligi Wojew\u00f3dzkiej do lat 16<\/em><\/p>\n<p>niedziela, godz. 11:00 &#8211; Pozna\u0136, ul. Warmi\u0144ska<\/p>\n<p><strong>Olimpia Grudzi\u0105dz &#8211; Warta Pozna\u0144<\/strong><\/p>\n<p><em>10. kolejka Centralnej Ligi Junior\u00f3w do lat 15<\/em><\/p>\n<p>niedziela, godz. 12:00 &#8211; Grudzi\u0105dz<\/p>\n<p><strong>KP Pi\u0142a &#8211; Warta Pozna\u0144 U-14<\/strong><\/p>\n<p><em>12. kolejka II Liga Wojew\u00f3dzka do lat 15<\/em><\/p>\n<p>niedziela, godz. 14:00 &#8211; Pi\u0142a<\/p>\n<p><strong>Kania Gosty\u0144 &#8211; Warta Pozna\u0144 U-13<\/strong><\/p>\n<p><em>12. kolejka II Liga Wojew\u00f3dzka do lat 14<\/em><\/p>\n<p>sobota, godz. 12:30 &#8211; Gosty\u0144<\/p>\n<p><strong>Pozna\u0144ska 13 Pozna\u0144 &#8211; Warta Pozna\u0144 U-12<\/strong><\/p>\n<p><em>12. kolejka II Liga Wojew\u00f3dzka do lat 13<\/em><\/p>\n<p>sobota, godz. 9:00 &#8211; Pozna\u0144, ul. Armii Pozna\u0144<\/p>\n<p><strong>Warta Pozna\u0144 U-11 &#8211; Lech Pozna\u0144<\/strong><\/p>\n<p><em>12. kolejka II Liga Wojew\u00f3dzka do lat 12<\/em><\/p>\n<p>sobota, godz. 10:00, Pozna\u0144, ul. Harcerska<\/p>\n<p>fot. \u0141ukasz Stefaniak<\/p>\n","protected":false},"excerpt":{"rendered":"<p>Co przyniesie nam nadchodz\u0105ca seria gier? Mocno liczymy, \u017ce komplet punkt\u00f3w. Oto pe\u0142na lista gier zespo\u0142\u00f3w Akademii Warty Pozna\u0144. Medyk&#8230;<\/p>\n","protected":false},"author":39,"featured_media":43474,"comment_status":"closed","ping_status":"closed","sticky":false,"template":"","format":"standard","meta":{"om_disable_all_campaigns":false,"inline_featured_image":false,"footnotes":"","_links_to":"","_links_to_target":""},"categories":[95,1],"tags":[],"aioseo_notices":[],"_links":{"self":[{"href":"https:\/\/wartapoznan.pl\/index.php\/wp-json\/wp\/v2\/posts\/43472"}],"collection":[{"href":"https:\/\/wartapoznan.pl\/index.php\/wp-json\/wp\/v2\/posts"}],"about":[{"href":"https:\/\/wartapoznan.pl\/index.php\/wp-json\/wp\/v2\/types\/post"}],"author":[{"embeddable":true,"href":"https:\/\/wartapoznan.pl\/index.php\/wp-json\/wp\/v2\/users\/39"}],"replies":[{"embeddable":true,"href":"https:\/\/wartapoznan.pl\/index.php\/wp-json\/wp\/v2\/comments?post=43472"}],"version-history":[{"count":4,"href":"https:\/\/wartapoznan.pl\/index.php\/wp-json\/wp\/v2\/posts\/43472\/revisions"}],"predecessor-version":[{"id":43478,"href":"https:\/\/wartapoznan.pl\/index.php\/wp-json\/wp\/v2\/posts\/43472\/revisions\/43478"}],"wp:featuredmedia":[{"embeddable":true,"href":"https:\/\/wartapoznan.pl\/index.php\/wp-json\/wp\/v2\/media\/43474"}],"wp:attachment":[{"href":"https:\/\/wartapoznan.pl\/index.php\/wp-json\/wp\/v2\/media?parent=43472"}],"wp:term":[{"taxonomy":"category","embeddable":true,"href":"https:\/\/wartapoznan.pl\/index.php\/wp-json\/wp\/v2\/categories?post=43472"},{"taxonomy":"post_tag","embeddable":true,"href":"https:\/\/wartapoznan.pl\/index.php\/wp-json\/wp\/v2\/tags?post=43472"}],"curies":[{"name":"wp","href":"https:\/\/api.w.org\/{rel}","templated":true}]}}