{"id":43482,"date":"2025-10-26T18:38:14","date_gmt":"2025-10-26T17:38:14","guid":{"rendered":"https:\/\/wartapoznan.pl\/?p=43482"},"modified":"2025-10-28T13:38:59","modified_gmt":"2025-10-28T12:38:59","slug":"warta-wciaz-niepokonana-kontrowersyjny-remis-w-nowym-saczu","status":"publish","type":"post","link":"https:\/\/wartapoznan.pl\/index.php\/2025\/10\/26\/warta-wciaz-niepokonana-kontrowersyjny-remis-w-nowym-saczu\/","title":{"rendered":"Warta wci\u0105\u017c niepokonana! Kontrowersyjny remis w Nowym S\u0105czu"},"content":{"rendered":"<p><b>Zieloni zremisowali w Nowym S\u0105czu, notuj\u0105c ju\u017c 12 mecz z rz\u0119du bez pora\u017cki i bij\u0105c rekord z sezonu 2015\/2016, kiedy to w III lidze kujawsko-pomorsko-wielkopolskiej uzbierali seri\u0119 11 spotka\u0144 bez przegranej.<\/b><span style=\"font-weight: 400;\"> Mimo \u017ce Sandecja obj\u0119\u0142a prowadzenie po bramce zdobytej nieprzepisowo \u2013 po zagraniu r\u0119k\u0105 \u2013 Warciarze zachowali zimn\u0105 krew i w ko\u0144c\u00f3wce doprowadzili do wyr\u00f3wnania.<\/span><\/p>\n<p><span style=\"font-weight: 400;\">Spotkanie w Nowym S\u0105czu mia\u0142o zamkni\u0119ty przebieg. Gospodarze ustawili si\u0119 nisko i liczyli g\u0142\u00f3wnie na kontry, a Warta prowadzi\u0142a gr\u0119 w ataku pozycyjnym. Ju\u017c w 9. minucie poznaniacy stworzyli pierwsz\u0105 gro\u017an\u0105 sytuacj\u0119 \u2013 po zagraniu Marcela Stefaniaka z lewej strony bramkarz Sandecji w ostatniej chwili uprzedzi\u0142 Micha\u0142a Smoczy\u0144skiego. W 43. minucie Dziedzic i Smoczy\u0144ski szybko rozegrali pi\u0142k\u0119 w polu karnym, ale nie uda\u0142o si\u0119 odda\u0107 strza\u0142u.<\/span><\/p>\n<p><span style=\"font-weight: 400;\"><img loading=\"lazy\" decoding=\"async\" width=\"2048\" height=\"2560\" class=\"alignnone size-full wp-image-43485\" src=\"https:\/\/wartapoznan.pl\/wp-content\/uploads\/2025\/10\/IMG_6748-scaled.jpg\" alt=\"\" srcset=\"https:\/\/wartapoznan.pl\/wp-content\/uploads\/2025\/10\/IMG_6748-scaled.jpg 2048w, https:\/\/wartapoznan.pl\/wp-content\/uploads\/2025\/10\/IMG_6748-1229x1536.jpg 1229w, https:\/\/wartapoznan.pl\/wp-content\/uploads\/2025\/10\/IMG_6748-1638x2048.jpg 1638w, https:\/\/wartapoznan.pl\/wp-content\/uploads\/2025\/10\/IMG_6748-240x300.jpg 240w, https:\/\/wartapoznan.pl\/wp-content\/uploads\/2025\/10\/IMG_6748-102x128.jpg 102w, https:\/\/wartapoznan.pl\/wp-content\/uploads\/2025\/10\/IMG_6748-26x32.jpg 26w\" sizes=\"(max-width: 2048px) 100vw, 2048px\" \/><\/span><\/p>\n<p>Fot. Mahmoud Saad<\/p>\n<p><span style=\"font-weight: 400;\">Po zmianie stron Warta nadal naciska\u0142a. W 53. minucie Szymanek zagra\u0142 do Stefaniaka, ten dostrzeg\u0142 niepilnowanego Stanka, a jego uderzenie minimalnie min\u0119\u0142o s\u0142upek. W 72. minucie, po jednym z rzut\u00f3w ro\u017cnych, w polu karnym Sandecji zrobi\u0142o si\u0119 gor\u0105co \u2013 pi\u0142ka spad\u0142a pod nogi Kacpra Rycherta, jednak gospodarzy uratowa\u0142a ofiarna interwencja obro\u0144cy.<\/span><\/p>\n<p><span style=\"font-weight: 400;\">W 75. minucie Sandecja obj\u0119\u0142a prowadzenie po kontrowersyjnej sytuacji. Rafa\u0142 Wolszty\u0144ski skierowa\u0142 pi\u0142k\u0119 do bramki r\u0119k\u0105, czego nie dostrzeg\u0142 s\u0119dzia. Warciarze odpowiedzieli z charakterem \u2013 w 83. minucie, po \u0142adnej, kombinacyjnej akcji Walusia, Kumocha i Stebleckiego, strza\u0142 tego ostatniego obroni\u0142 bramkarz gospodarzy.<\/span><\/p>\n<p><span style=\"font-weight: 400;\"><img loading=\"lazy\" decoding=\"async\" width=\"2048\" height=\"2560\" class=\"alignnone size-full wp-image-43483\" src=\"https:\/\/wartapoznan.pl\/wp-content\/uploads\/2025\/10\/IMG_6758-scaled.jpg\" alt=\"\" srcset=\"https:\/\/wartapoznan.pl\/wp-content\/uploads\/2025\/10\/IMG_6758-scaled.jpg 2048w, https:\/\/wartapoznan.pl\/wp-content\/uploads\/2025\/10\/IMG_6758-1229x1536.jpg 1229w, https:\/\/wartapoznan.pl\/wp-content\/uploads\/2025\/10\/IMG_6758-1638x2048.jpg 1638w, https:\/\/wartapoznan.pl\/wp-content\/uploads\/2025\/10\/IMG_6758-240x300.jpg 240w, https:\/\/wartapoznan.pl\/wp-content\/uploads\/2025\/10\/IMG_6758-102x128.jpg 102w, https:\/\/wartapoznan.pl\/wp-content\/uploads\/2025\/10\/IMG_6758-26x32.jpg 26w\" sizes=\"(max-width: 2048px) 100vw, 2048px\" \/><\/span><\/p>\n<p>Fot. Mahmoud Saad<\/p>\n<p><span style=\"font-weight: 400;\">Determinacja poznaniak\u00f3w przynios\u0142a efekt w ko\u0144c\u00f3wce. Po wrzutce Kamila Kumocha w pole karne najwy\u017cej wyskoczy\u0142 Tomasz Wojcinowicz i strza\u0142em g\u0142ow\u0105 doprowadzi\u0142 do wyr\u00f3wnania. Gol ten\u00a0 zapewni\u0142 Warcie punkt oraz historyczn\u0105 seri\u0119 mecz\u00f3w bez pora\u017cki.<\/span><\/p>\n<p><span style=\"font-weight: 400;\">Po spotkaniu trener <\/span><b>Maciej Tokarczyk<\/b><span style=\"font-weight: 400;\"> nie kry\u0142 emocji:<\/span><span style=\"font-weight: 400;\"><br \/>\n<\/span><i><span style=\"font-weight: 400;\"> \u201eJeste\u015bmy bardzo zdenerwowani po tym spotkaniu, bo zesp\u00f3\u0142 zostawi\u0142 na boisku mn\u00f3stwo zdrowia, a bramka dla Sandecji pad\u0142a po ewidentnym zagraniu r\u0119k\u0105. To nie by\u0142 b\u0142\u0105d, to by\u0142 wielb\u0142\u0105d \u2013 wida\u0107 to na nagraniach. Szanujemy ten punkt, ale czujemy, \u017ce zas\u0142u\u017cyli\u015bmy na wi\u0119cej. Jestem dumny z dru\u017cyny, bo mimo trudnych moment\u00f3w znowu potrafili\u015bmy odwr\u00f3ci\u0107 losy meczu w ko\u0144c\u00f3wce.\u201d<\/span><\/i><\/p>\n<p>&nbsp;<\/p>\n","protected":false},"excerpt":{"rendered":"<p>Zieloni zremisowali w Nowym S\u0105czu, notuj\u0105c ju\u017c 12 mecz z rz\u0119du bez pora\u017cki i bij\u0105c rekord z sezonu 2015\/2016, kiedy&#8230;<\/p>\n","protected":false},"author":36,"featured_media":43487,"comment_status":"closed","ping_status":"closed","sticky":false,"template":"","format":"standard","meta":{"om_disable_all_campaigns":false,"inline_featured_image":false,"footnotes":"","_links_to":"","_links_to_target":""},"categories":[94,100],"tags":[],"aioseo_notices":[],"_links":{"self":[{"href":"https:\/\/wartapoznan.pl\/index.php\/wp-json\/wp\/v2\/posts\/43482"}],"collection":[{"href":"https:\/\/wartapoznan.pl\/index.php\/wp-json\/wp\/v2\/posts"}],"about":[{"href":"https:\/\/wartapoznan.pl\/index.php\/wp-json\/wp\/v2\/types\/post"}],"author":[{"embeddable":true,"href":"https:\/\/wartapoznan.pl\/index.php\/wp-json\/wp\/v2\/users\/36"}],"replies":[{"embeddable":true,"href":"https:\/\/wartapoznan.pl\/index.php\/wp-json\/wp\/v2\/comments?post=43482"}],"version-history":[{"count":5,"href":"https:\/\/wartapoznan.pl\/index.php\/wp-json\/wp\/v2\/posts\/43482\/revisions"}],"predecessor-version":[{"id":43509,"href":"https:\/\/wartapoznan.pl\/index.php\/wp-json\/wp\/v2\/posts\/43482\/revisions\/43509"}],"wp:featuredmedia":[{"embeddable":true,"href":"https:\/\/wartapoznan.pl\/index.php\/wp-json\/wp\/v2\/media\/43487"}],"wp:attachment":[{"href":"https:\/\/wartapoznan.pl\/index.php\/wp-json\/wp\/v2\/media?parent=43482"}],"wp:term":[{"taxonomy":"category","embeddable":true,"href":"https:\/\/wartapoznan.pl\/index.php\/wp-json\/wp\/v2\/categories?post=43482"},{"taxonomy":"post_tag","embeddable":true,"href":"https:\/\/wartapoznan.pl\/index.php\/wp-json\/wp\/v2\/tags?post=43482"}],"curies":[{"name":"wp","href":"https:\/\/api.w.org\/{rel}","templated":true}]}}