{"id":43491,"date":"2025-10-26T18:52:03","date_gmt":"2025-10-26T17:52:03","guid":{"rendered":"https:\/\/wartapoznan.pl\/?p=43491"},"modified":"2025-10-27T12:49:01","modified_gmt":"2025-10-27T11:49:01","slug":"wypowiedz-trenera-macieja-tokarczyka-po-meczu-3","status":"publish","type":"post","link":"https:\/\/wartapoznan.pl\/index.php\/2025\/10\/26\/wypowiedz-trenera-macieja-tokarczyka-po-meczu-3\/","title":{"rendered":"Wypowiedzi trener\u00f3w po meczu"},"content":{"rendered":"<p data-start=\"119\" data-end=\"484\"><strong>Trener Warty Pozna\u0144 Maciej Tokarczyk:<\/strong><\/p>\n<p data-start=\"119\" data-end=\"484\"><em>Jeste\u015bmy bardzo zdenerwowani po tym spotkaniu, bo grali\u015bmy na trudnym terenie z wymagaj\u0105cym przeciwnikiem. Mecz do pewnego momentu uk\u0142ada\u0142 si\u0119 po naszej my\u015bli, zesp\u00f3\u0142 zostawi\u0142 na boisku mn\u00f3stwo zdrowia i serca. Nasze nerwy wynikaj\u0105 jednak z tego, \u017ce bramka dla Sandecji pad\u0142a po ewidentnym zagraniu r\u0119k\u0105 \u2013 wida\u0107 to na nagraniach. To nie by\u0142 b\u0142\u0105d, to by\u0142 wielb\u0142\u0105d.<\/em><\/p>\n<p data-start=\"486\" data-end=\"738\"><em>Niestety ta sytuacja zawa\u017cy\u0142a na wyniku i dlatego wracamy z Nowego S\u0105cza tylko z jednym punktem. Nie mam w zwyczaju komentowa\u0107 pracy s\u0119dzi\u00f3w, ale dzi\u015b ich decyzje realnie wp\u0142yn\u0119\u0142y na rezultat i odebra\u0142y mojej dru\u017cynie nagrod\u0119 za bardzo solidn\u0105 prac\u0119.<\/em><\/p>\n<p data-start=\"740\" data-end=\"1148\"><em>Zawodnicy wykazali si\u0119 ogromnym charakterem i \u015bwietnym mentalem. Po raz kolejny potrafili\u015bmy odwr\u00f3ci\u0107 losy meczu w ko\u0144c\u00f3wce. Do samego ko\u0144ca wierzyli\u015bmy, \u017ce uda si\u0119 zdoby\u0107 gola na 1:1, a p\u00f3\u017aniej nawet na 2:1. Zabrak\u0142o troch\u0119 czasu, ale szanujemy ten punkt. Mam du\u017cy szacunek do dru\u017cyny Sandecji, bo to zesp\u00f3\u0142 jako\u015bciowy, a teren w Nowym S\u0105czu jest naprawd\u0119 wymagaj\u0105cy \u2013 mimo \u017ce wyniki nie zawsze to oddaj\u0105.<\/em><\/p>\n<p data-start=\"740\" data-end=\"1148\"><strong>Trener Sandecji Nowy S\u0105cz J\u00e1n Fr\u00f6hlich:<\/strong><\/p>\n<p data-start=\"740\" data-end=\"1148\"><em>Chcia\u0142bym bardzo podzi\u0119kowa\u0107 moim zawodnikom za determinacj\u0119, za walk\u0119. Szkoda, \u017ce nie utrzymali\u015bmy do ko\u0144ca wyniku, bo zas\u0142u\u017cyli\u015bmy w drugiej po\u0142owie, \u017ceby ten mecz zamkn\u0105\u0107 na 2:0, niestety nie uda\u0142o si\u0119 strzeli\u0107.<\/em><\/p>\n","protected":false},"excerpt":{"rendered":"<p>Trener Warty Pozna\u0144 Maciej Tokarczyk: Jeste\u015bmy bardzo zdenerwowani po tym spotkaniu, bo grali\u015bmy na trudnym terenie z wymagaj\u0105cym przeciwnikiem. Mecz&#8230;<\/p>\n","protected":false},"author":36,"featured_media":43492,"comment_status":"closed","ping_status":"closed","sticky":false,"template":"","format":"standard","meta":{"om_disable_all_campaigns":false,"inline_featured_image":false,"footnotes":"","_links_to":"","_links_to_target":""},"categories":[94,100],"tags":[],"aioseo_notices":[],"_links":{"self":[{"href":"https:\/\/wartapoznan.pl\/index.php\/wp-json\/wp\/v2\/posts\/43491"}],"collection":[{"href":"https:\/\/wartapoznan.pl\/index.php\/wp-json\/wp\/v2\/posts"}],"about":[{"href":"https:\/\/wartapoznan.pl\/index.php\/wp-json\/wp\/v2\/types\/post"}],"author":[{"embeddable":true,"href":"https:\/\/wartapoznan.pl\/index.php\/wp-json\/wp\/v2\/users\/36"}],"replies":[{"embeddable":true,"href":"https:\/\/wartapoznan.pl\/index.php\/wp-json\/wp\/v2\/comments?post=43491"}],"version-history":[{"count":5,"href":"https:\/\/wartapoznan.pl\/index.php\/wp-json\/wp\/v2\/posts\/43491\/revisions"}],"predecessor-version":[{"id":43500,"href":"https:\/\/wartapoznan.pl\/index.php\/wp-json\/wp\/v2\/posts\/43491\/revisions\/43500"}],"wp:featuredmedia":[{"embeddable":true,"href":"https:\/\/wartapoznan.pl\/index.php\/wp-json\/wp\/v2\/media\/43492"}],"wp:attachment":[{"href":"https:\/\/wartapoznan.pl\/index.php\/wp-json\/wp\/v2\/media?parent=43491"}],"wp:term":[{"taxonomy":"category","embeddable":true,"href":"https:\/\/wartapoznan.pl\/index.php\/wp-json\/wp\/v2\/categories?post=43491"},{"taxonomy":"post_tag","embeddable":true,"href":"https:\/\/wartapoznan.pl\/index.php\/wp-json\/wp\/v2\/tags?post=43491"}],"curies":[{"name":"wp","href":"https:\/\/api.w.org\/{rel}","templated":true}]}}