{"id":43514,"date":"2025-10-28T13:46:09","date_gmt":"2025-10-28T12:46:09","guid":{"rendered":"https:\/\/wartapoznan.pl\/?p=43514"},"modified":"2025-10-29T14:15:31","modified_gmt":"2025-10-29T13:15:31","slug":"43514","status":"publish","type":"post","link":"https:\/\/wartapoznan.pl\/index.php\/2025\/10\/28\/43514\/","title":{"rendered":"Wyniki gier Akademii Warty Pozna\u0144"},"content":{"rendered":"<p><strong>Medyk Konin 1:3 Warta Pozna\u0144<\/strong><\/p>\n<p>7. kolejce Centralnej Ligi Juniorek do lat 16<\/p>\n<p><strong>Bramki<\/strong>: Marcelina Tyszkiewicz x2, Liliana Ruminiecka;<\/p>\n<p>Sk\u0142ad: <em>Rybarczyk &#8211; Ruminiecka, Leporowska, Styperek, Pruszkowska, Bieniek, O. Tyszkiewicz, M. Tyszkiewicz, Biskupska, Sondej, Ma\u0142aczy\u0144ska;<\/em><\/p>\n<p>Rezerwowe: <em>Zgo\u0142a, Wieczorek, Mas\u0142owska, Rolska, Staryczenko;<\/em><\/p>\n<p><strong>Olimpia Ko\u0142o 2:2 Warta II Pozna\u0144<\/strong><\/p>\n<p>12. kolejka Red Box V Liga<\/p>\n<p><strong>Bramki<\/strong>: Sergei Krivets, Rafa\u0142 Kr\u00f3likowski;<\/p>\n<p>Sk\u0142ad: <em>Piechowiak &#8211; Nowak, Yukhimuk, Szymczak, \u017berkowski, Sad\u0142os, G\u00f3rny, Jajko, Tyszkiewicz,\u00a0 G\u00f3recki, Krivets;<\/em><\/p>\n<p><strong>Warta Pozna\u0144 5:2 KS 1920 Mosina<\/strong><\/p>\n<p>10. kolejka Ligi Wojew\u00f3dzkiej do lat 19<\/p>\n<p><strong>Bramki<\/strong>: Rafa\u0142 Kr\u00f3likowski x3, Piotr Majewski, Jakub Marciszewski;<\/p>\n<p>Sk\u0142ad: <em>Sawicki &#8211; Szwabig, Juskowiak, Adamovich, Kaczmarek, Strenciok, Pu\u0107ka, Majewski, Kr\u00f3likowski, Marciszewski, Szwe\u0107;<\/em><\/p>\n<p>Rezerwowi:<em> Ambro\u017cy, Chy\u017cy, Wardal, Jasielec, Remplewicz;<\/em><\/p>\n<p><strong>Warta Pozna\u0144 4:0 SMS APR \u015alesin<\/strong><\/p>\n<p>12. kolejka Ligi Wojew\u00f3dzkiej do lat 16<\/p>\n<p><strong>Bramki<\/strong>: Igor Tabor, Wojciech Wojtaszek, Mateusz Pol, Krystian Ociepko;<\/p>\n<p>Sk\u0142ad: <em>G\u00f3rczak &#8211; Go\u0142a\u015b, \u0179rubek, Nowak, Zimowski, Goszczy\u0144ski, Nied\u017awiecki, Wojtaszek, Marciniak, Lenartowski, Tabor;<\/em><\/p>\n<p>Rezerwowi:<em> Ociepko, Pol, Dobicki, Koczarowski, Stolarz, Stefaniak;<\/em><\/p>\n<p><strong>Olimpia Grudzi\u0105dz 4:1 Warta Pozna\u0144<\/strong><\/p>\n<p>10. kolejka Centralnej Ligi Junior\u00f3w do lat 15<\/p>\n<p><strong>Bramka<\/strong>: Jan Suchodolski;<\/p>\n<p>Sk\u0142ad: Kaczmarek &#8211; Czubek, Mi\u015bko, Adamczewski, Szuba, Suchodolski, Wojciechowski, Nicke, Poltaszewski, Czerwi\u0144ski, Paprzycki;<\/p>\n<p>Rezerwowi:<em> \u0141uczak, Grzonka, Sobkowski, Kise\u0142ek, Chrzanowski, Pacholczak;<\/em><\/p>\n<p><strong>KP Pi\u0142a 5:1 Warta Pozna\u0144 U-14<\/strong><\/p>\n<p>12. kolejka II Ligi Wojew\u00f3dzkiej do lat 15<\/p>\n<p><strong>Bramka<\/strong>: Gabriel D\u0142ubak;<\/p>\n<p>Sk\u0142ad: <em>Skarupski &#8211; K\u0142opocki, Guszczak, Wo\u017aniak, Banach, Br\u0119tkowski, Wierzbowski, Da\u015b, Nowak, Wichli\u0144ski, Maiga;<\/em><\/p>\n<p>Rezerwowi: <em>Topolski, Werner, Filas, D\u0142ubak, Bobak, Ptaszy\u0144ski;<\/em><\/p>\n<p><strong>Kania Gosty\u0144 3:1 Warta Pozna\u0144 U-13<\/strong><\/p>\n<p>12. kolejka II Ligi Wojew\u00f3dzkiej do lat 14<\/p>\n<p><strong>Bramka<\/strong>: David Adamovich;<\/p>\n<p>Sk\u0142ad: <em>Filipek &#8211; Grembecki, Kubacha, Koczorowski, Adamovich, Bili\u0144ski, \u015aliperski, Draszkiewicz, Dorsz, Hy\u017cy, Wyrwa;<\/em><\/p>\n<p>Rezerwowi: <em>Sarbinowski, Soboci\u0144ski, Halasz, Pu\u017canowski, Banaszyk;<\/em><\/p>\n<p><strong>Pozna\u0144ska 13 Pozna\u0144 6:1 Warta Pozna\u0144 U-12<\/strong><\/p>\n<p>12. kolejka II Ligi Wojew\u00f3dzkiej do lat 13<\/p>\n<p><strong>Bramka<\/strong>: Szymon Szklarski;<\/p>\n<p>Sk\u0142ad:<em> Filipek &#8211; Lewandowski, Felcyn, Matouszek, Micha\u0142owski, Sikorski, Cichy, Szklarski, Kasprzak;<\/em><\/p>\n<p>Rezerwowi: <em>Piasecki, Wojciechowski, Wo\u017aniak, Godlewski, Sankowski, Cie\u015bla;<\/em><\/p>\n<p>fot. \u0141ukasz Stefaniak<\/p>\n","protected":false},"excerpt":{"rendered":"<p>Medyk Konin 1:3 Warta Pozna\u0144 7. kolejce Centralnej Ligi Juniorek do lat 16 Bramki: Marcelina Tyszkiewicz x2, Liliana Ruminiecka; Sk\u0142ad:&#8230;<\/p>\n","protected":false},"author":39,"featured_media":43431,"comment_status":"closed","ping_status":"closed","sticky":false,"template":"","format":"standard","meta":{"om_disable_all_campaigns":false,"inline_featured_image":false,"footnotes":"","_links_to":"","_links_to_target":""},"categories":[95,96],"tags":[],"aioseo_notices":[],"_links":{"self":[{"href":"https:\/\/wartapoznan.pl\/index.php\/wp-json\/wp\/v2\/posts\/43514"}],"collection":[{"href":"https:\/\/wartapoznan.pl\/index.php\/wp-json\/wp\/v2\/posts"}],"about":[{"href":"https:\/\/wartapoznan.pl\/index.php\/wp-json\/wp\/v2\/types\/post"}],"author":[{"embeddable":true,"href":"https:\/\/wartapoznan.pl\/index.php\/wp-json\/wp\/v2\/users\/39"}],"replies":[{"embeddable":true,"href":"https:\/\/wartapoznan.pl\/index.php\/wp-json\/wp\/v2\/comments?post=43514"}],"version-history":[{"count":2,"href":"https:\/\/wartapoznan.pl\/index.php\/wp-json\/wp\/v2\/posts\/43514\/revisions"}],"predecessor-version":[{"id":43516,"href":"https:\/\/wartapoznan.pl\/index.php\/wp-json\/wp\/v2\/posts\/43514\/revisions\/43516"}],"wp:featuredmedia":[{"embeddable":true,"href":"https:\/\/wartapoznan.pl\/index.php\/wp-json\/wp\/v2\/media\/43431"}],"wp:attachment":[{"href":"https:\/\/wartapoznan.pl\/index.php\/wp-json\/wp\/v2\/media?parent=43514"}],"wp:term":[{"taxonomy":"category","embeddable":true,"href":"https:\/\/wartapoznan.pl\/index.php\/wp-json\/wp\/v2\/categories?post=43514"},{"taxonomy":"post_tag","embeddable":true,"href":"https:\/\/wartapoznan.pl\/index.php\/wp-json\/wp\/v2\/tags?post=43514"}],"curies":[{"name":"wp","href":"https:\/\/api.w.org\/{rel}","templated":true}]}}