{"id":43532,"date":"2025-10-31T11:59:05","date_gmt":"2025-10-31T10:59:05","guid":{"rendered":"https:\/\/wartapoznan.pl\/?p=43532"},"modified":"2025-10-31T12:02:53","modified_gmt":"2025-10-31T11:02:53","slug":"warta-poznan-rusza-ze-zbiorka-na-nowa-trybune-chcemy-by-wiecej-kibicow-moglo-byc-z-nami","status":"publish","type":"post","link":"https:\/\/wartapoznan.pl\/index.php\/2025\/10\/31\/warta-poznan-rusza-ze-zbiorka-na-nowa-trybune-chcemy-by-wiecej-kibicow-moglo-byc-z-nami\/","title":{"rendered":"Warta Pozna\u0144 rusza ze zbi\u00f3rk\u0105 na now\u0105 trybun\u0119. \u201eChcemy, by wi\u0119cej kibic\u00f3w mog\u0142o by\u0107 z nami\u201d"},"content":{"rendered":"<p><b>Warta Pozna\u0144 rozpoczyna spo\u0142eczn\u0105 akcj\u0119 \u201eZielona Trybuna\u201d, kt\u00f3rej celem jest zbi\u00f3rka pieni\u0119dzy na monta\u017c nowej, 720-osobowej trybuny przy stadionie przy Drodze D\u0119bi\u0144skiej. Projekt ma pozwoli\u0107 wi\u0119kszej liczbie kibic\u00f3w uczestniczy\u0107 w meczach Zielonych oraz przygotowa\u0107 obiekt do dalszego rozwoju sportowego i organizacyjnego klubu.<\/b><\/p>\n<p><span style=\"font-weight: 400;\">Od pocz\u0105tku obecnego sezonu Warta Pozna\u0144 rozgrywa mecze na przywr\u00f3conym do \u017cycia stadionie przy Drodze D\u0119bi\u0144skiej 12. Dru\u017cyna radzi sobie \u015bwietnie, a popularny \u201cOgr\u00f3dek\u201d jest niezdobyt\u0105 twierdz\u0105 od 5 spotka\u0144. Jednak\u017ce nie wszyscy, kt\u00f3rzy chc\u0105 ogl\u0105da\u0107 mecze Zielonych, mog\u0105 kupi\u0107 bilet. Obecna pojemno\u015b\u0107 stadionu to nieco ponad 700 miejsc (nie licz\u0105c miejsc dla kibic\u00f3w go\u015bci), a przed ka\u017cdym meczem bilety wyprzedaj\u0105 si\u0119 w ca\u0142o\u015bci. Popyt na wej\u015bci\u00f3wki znacz\u0105co przewy\u017csza poda\u017c, co powoduje niezadowolenie wielu kibic\u00f3w, kt\u00f3rzy nie mog\u0105 uczestniczy\u0107 w spotkaniach Warty. Na obecn\u0105 sytuacj\u0119 maj\u0105 r\u00f3wnie\u017c wp\u0142yw wyniki \u2013 Warta regularnie punktuje i obecnie znajduje si\u0119 na dobrej drodze do awansu do I ligi. Dlatego klub zdecydowa\u0142 si\u0119 rozpocz\u0105\u0107 zbi\u00f3rk\u0119 na now\u0105 trybun\u0119, kt\u00f3ra pomie\u015bci kolejnych <\/span><b>720 kibic\u00f3w.\u00a0\u00a0<\/b><\/p>\n<p><i><span style=\"font-weight: 400;\">Po powrocie do Poznania ch\u0119tnych na kibicowanie Warcie na \u017cywo jest wielu, a miejsc na stadionie- ma\u0142o.<\/span><\/i> <i><span style=\"font-weight: 400;\">Zrobili\u015bmy co w naszej mocy w\u0142asnymi si\u0142ami i za w\u0142asne \u015brodki ale nasze mo\u017cliwo\u015bci s\u0105 ograniczone. Dlatego zdecydowali\u015bmy si\u0119 na ruch, przed kt\u00f3rym wzbraniali\u015bmy si\u0119 bardzo d\u0142ugo \u2013 zaproszenie kibic\u00f3w do wsparcie finansowego klubu.<\/span><\/i><span style=\"font-weight: 400;\"> \u2013 m\u00f3wi <\/span><b>Artur Meissner<\/b><span style=\"font-weight: 400;\">, prezes Warty Pozna\u0144 \u2013 <\/span><i><span style=\"font-weight: 400;\">Nasi kibice ju\u017c wiele razy udowadniali nam, \u017ce dobro klubu le\u017cy im na sercu. Ka\u017cdy, kto by\u0142 na meczu przy DD12, wie, \u017ce to specyficzne miejsce, w kt\u00f3rym panuje fantastyczna atmosfera \u2013 gdzie ka\u017cdy czuje si\u0119 mile widziany i \u201eu siebie\u201d. Chcemy, \u017ceby to miejsce mog\u0142o si\u0119 rozwija\u0107, st\u0105d decyzja o zbi\u00f3rce. Do wsp\u00f3lnej akcji zapraszamy zar\u00f3wno osoby indywidualne, jak i potencjalnych sponsor\u00f3w, kt\u00f3rzy chc\u0105 wspiera\u0107 i rozwija\u0107 nie tylko klub sportowy, ale pewnego rodzaju ide\u0119, jak\u0105 jest Warta Pozna\u0144.<\/span><\/i><\/p>\n<p><span style=\"font-weight: 400;\"><img loading=\"lazy\" decoding=\"async\" width=\"1280\" height=\"851\" class=\"alignnone size-full wp-image-43535\" src=\"https:\/\/wartapoznan.pl\/wp-content\/uploads\/2025\/10\/Trybuna-4.jpg\" alt=\"\" srcset=\"https:\/\/wartapoznan.pl\/wp-content\/uploads\/2025\/10\/Trybuna-4.jpg 1280w, https:\/\/wartapoznan.pl\/wp-content\/uploads\/2025\/10\/Trybuna-4-300x199.jpg 300w, https:\/\/wartapoznan.pl\/wp-content\/uploads\/2025\/10\/Trybuna-4-128x85.jpg 128w, https:\/\/wartapoznan.pl\/wp-content\/uploads\/2025\/10\/Trybuna-4-32x21.jpg 32w\" sizes=\"(max-width: 1280px) 100vw, 1280px\" \/><\/span><\/p>\n<p><span style=\"font-weight: 400;\">Rozmowy o modernizacji stadionu przy Drodze D\u0119bi\u0144skiej toczy\u0142y si\u0119 od lat, a czas ucieka\u0142. Ostatecznie Warta Pozna\u0144 wr\u00f3ci\u0142a do Poznania g\u0142\u00f3wnie dzi\u0119ki wysi\u0142kowi finansowemu w\u0142a\u015bciciela klubu, <\/span><b>Bart\u0142omieja Farjaszewskiego<\/b><span style=\"font-weight: 400;\">, kt\u00f3ry z w\u0142asnych pieni\u0119dzy ufundowa\u0142 trybuny na 900 os\u00f3b oraz zaplecze kontenerowe stanowi\u0105ce niezb\u0119dne minimum do powrotu Warty do rozgrywania mecz\u00f3w w Poznaniu. To pozwoli\u0142o na powr\u00f3t z Grodziska Wielkopolskiego, jednak w przypadku ewentualnego awansu do 1 Ligi, obecna infrastruktura ponownie nie b\u0119dzie spe\u0142nia\u0107 wymog\u00f3w licencyjnych.<\/span><\/p>\n<p><i><span style=\"font-weight: 400;\">Rozbudowa stadionu to nie tylko kwestia komfortu kibic\u00f3w, ale tak\u017ce warunek dalszego rozwoju sportowego. Bez zwi\u0119kszenia pojemno\u015bci obiektu nie b\u0119dziemy mogli my\u015ble\u0107 o awansie do I ligi, kt\u00f3ry mo\u017ce nast\u0105pi\u0107 szybciej ni\u017c planowali\u015bmy dzi\u0119ki fantastycznej postawie pierwszej dru\u017cyny. To inwestycja w przysz\u0142o\u015b\u0107 Warty i kolejny krok w kierunku profesjonalizacji klubu. Chcemy, by wi\u0119cej kibic\u00f3w mog\u0142o by\u0107 z nami &#8211; zar\u00f3wno teraz jak i przysz\u0142ych sezonach <\/span><\/i><span style=\"font-weight: 400;\">\u2013 podkre\u015bla prezes Warty Pozna\u0144.<\/span><\/p>\n<p><span style=\"font-weight: 400;\">Nowa trybuna b\u0119dzie kosztowa\u0142a <\/span><b>350 tys. PLN i ma pomie\u015bci\u0107 720 dodatkowych os\u00f3b,<\/b><span style=\"font-weight: 400;\"> zwi\u0119kszaj\u0105c pojemno\u015b\u0107 stadionu do ponad 1650 miejsc. Ca\u0142y projekt b\u0119dzie prowadzony w spos\u00f3b w pe\u0142ni transparentny. Zbi\u00f3rka odbywa si\u0119 na portalu <\/span><b>Zrzutka.pl<\/b><span style=\"font-weight: 400;\">, kt\u00f3ry dzia\u0142a pod nadzorem Komisji Nadzoru Finansowego i umo\u017cliwia pe\u0142ny podgl\u0105d post\u0119p\u00f3w akcji. Ka\u017cda wp\u0142ata, koszt i etap budowy zostan\u0105 publicznie udokumentowane. Ka\u017cdy uczestnik zbi\u00f3rki otrzyma od klubu \u015bwiadczenie zale\u017cne\u00a0 od wysoko\u015bci wsparcia.<\/span><\/p>\n<p><span style=\"font-weight: 400;\">Zbi\u00f3rka ruszy <\/span><b>31 pa\u017adziernika<\/b><span style=\"font-weight: 400;\"> i b\u0119dzie prowadzona na portaluZrzutka.pl pod adresem: <a href=\"https:\/\/zrzutka.pl\/z\/zielonatrybuna\">https:\/\/zrzutka.pl\/z\/zielonatrybuna<\/a><\/span><span style=\"font-weight: 400;\"><br \/>\n<\/span><span style=\"font-weight: 400;\">Wi\u0119cej informacji o projekcie i post\u0119pach budowy mo\u017cna znale\u017a\u0107 na stronie klubu <\/span><b>wartapoznan.pl<\/b><span style=\"font-weight: 400;\">.<\/span><\/p>\n<p><img loading=\"lazy\" decoding=\"async\" width=\"1280\" height=\"851\" class=\"alignnone size-full wp-image-43537\" src=\"https:\/\/wartapoznan.pl\/wp-content\/uploads\/2025\/10\/Trybuna-3.jpg\" alt=\"\" srcset=\"https:\/\/wartapoznan.pl\/wp-content\/uploads\/2025\/10\/Trybuna-3.jpg 1280w, https:\/\/wartapoznan.pl\/wp-content\/uploads\/2025\/10\/Trybuna-3-300x199.jpg 300w, https:\/\/wartapoznan.pl\/wp-content\/uploads\/2025\/10\/Trybuna-3-128x85.jpg 128w, https:\/\/wartapoznan.pl\/wp-content\/uploads\/2025\/10\/Trybuna-3-32x21.jpg 32w\" sizes=\"(max-width: 1280px) 100vw, 1280px\" \/><\/p>\n","protected":false},"excerpt":{"rendered":"<p>Warta Pozna\u0144 rozpoczyna spo\u0142eczn\u0105 akcj\u0119 \u201eZielona Trybuna\u201d, kt\u00f3rej celem jest zbi\u00f3rka pieni\u0119dzy na monta\u017c nowej, 720-osobowej trybuny przy stadionie przy&#8230;<\/p>\n","protected":false},"author":36,"featured_media":43533,"comment_status":"closed","ping_status":"closed","sticky":false,"template":"","format":"standard","meta":{"om_disable_all_campaigns":false,"inline_featured_image":false,"footnotes":"","_links_to":"","_links_to_target":""},"categories":[94,1],"tags":[],"aioseo_notices":[],"_links":{"self":[{"href":"https:\/\/wartapoznan.pl\/index.php\/wp-json\/wp\/v2\/posts\/43532"}],"collection":[{"href":"https:\/\/wartapoznan.pl\/index.php\/wp-json\/wp\/v2\/posts"}],"about":[{"href":"https:\/\/wartapoznan.pl\/index.php\/wp-json\/wp\/v2\/types\/post"}],"author":[{"embeddable":true,"href":"https:\/\/wartapoznan.pl\/index.php\/wp-json\/wp\/v2\/users\/36"}],"replies":[{"embeddable":true,"href":"https:\/\/wartapoznan.pl\/index.php\/wp-json\/wp\/v2\/comments?post=43532"}],"version-history":[{"count":4,"href":"https:\/\/wartapoznan.pl\/index.php\/wp-json\/wp\/v2\/posts\/43532\/revisions"}],"predecessor-version":[{"id":43542,"href":"https:\/\/wartapoznan.pl\/index.php\/wp-json\/wp\/v2\/posts\/43532\/revisions\/43542"}],"wp:featuredmedia":[{"embeddable":true,"href":"https:\/\/wartapoznan.pl\/index.php\/wp-json\/wp\/v2\/media\/43533"}],"wp:attachment":[{"href":"https:\/\/wartapoznan.pl\/index.php\/wp-json\/wp\/v2\/media?parent=43532"}],"wp:term":[{"taxonomy":"category","embeddable":true,"href":"https:\/\/wartapoznan.pl\/index.php\/wp-json\/wp\/v2\/categories?post=43532"},{"taxonomy":"post_tag","embeddable":true,"href":"https:\/\/wartapoznan.pl\/index.php\/wp-json\/wp\/v2\/tags?post=43532"}],"curies":[{"name":"wp","href":"https:\/\/api.w.org\/{rel}","templated":true}]}}