{"id":43754,"date":"2025-11-29T18:00:10","date_gmt":"2025-11-29T17:00:10","guid":{"rendered":"https:\/\/wartapoznan.pl\/?p=43754"},"modified":"2025-11-30T21:20:48","modified_gmt":"2025-11-30T20:20:48","slug":"idealne-zakonczenie-roku-warta-konczy-2025-triumfem-nad-chojniczanka","status":"publish","type":"post","link":"https:\/\/wartapoznan.pl\/index.php\/2025\/11\/29\/idealne-zakonczenie-roku-warta-konczy-2025-triumfem-nad-chojniczanka\/","title":{"rendered":"Idealne zako\u0144czenie roku! Warta ko\u0144czy 2025 rok triumfem nad Chojniczank\u0105"},"content":{"rendered":"<p><b>Warta Pozna\u0144 zako\u0144czy\u0142a 2025 rok w najlepszy mo\u017cliwy spos\u00f3b, pokazuj\u0105c, \u017ce pora\u017cka z Uni\u0105 Skierniewice by\u0142a jedynie drobnym wypadkiem przy pracy. Zieloni przez wi\u0119kszo\u015b\u0107 spotkania z Chojniczank\u0105 kontrolowali wydarzenia boiskowe, a nerwowa ko\u0144c\u00f3wka tylko doda\u0142a temu meczowi dodatkowych emocji. Ostatecznie trzy punkty zosta\u0142y w \u201eOgr\u00f3dku\u201d, a wszyscy sympatycy Warty mog\u0105 zasi\u0105\u015b\u0107 do \u015bwi\u0105tecznego sto\u0142u w \u015bwietnych humorach.<\/b><\/p>\n<p><span style=\"font-weight: 400;\">Ostatni mecz kalendarzowego roku w \u201eOgr\u00f3dku\u201d sta\u0142 pod znakiem ogromnej pracy organizacyjnej \u2014 pracownicy Warty wraz z ekip\u0105 Wojciechowski Bud robili wszystko, aby mimo zimowej aury spotkanie mog\u0142o doj\u015b\u0107 do skutku. Kibice r\u00f3wnie\u017c stan\u0119li na wysoko\u015bci zadania: nie przestraszyli si\u0119 mrozu i ponownie wype\u0142nili stadion do ostatniego miejsca.<\/span><\/p>\n<p><span style=\"font-weight: 400;\">Warta odwdzi\u0119czy\u0142a si\u0119 publiczno\u015bci dobr\u0105, energiczn\u0105 gr\u0105. Zieloni od pocz\u0105tku kontrolowali przebieg meczu, d\u0142ugo utrzymywali pi\u0142k\u0119, trzymali Chojniczank\u0119 z dala od w\u0142asnej po\u0142owy i konsekwentnie pr\u00f3bowali prze\u0142ama\u0107 szczeln\u0105 defensyw\u0119 go\u015bci. Chojniczanka poza pojedynczymi wypadami ofensywnymi nie by\u0142a w stanie powa\u017cnie zagrozi\u0107 bramce Leo Przybylaka.<\/span><span style=\"font-weight: 400;\"><br \/>\n<\/span><span style=\"font-weight: 400;\"> Warciarze wywalczyli mn\u00f3stwo sta\u0142ych fragment\u00f3w \u2014 po zablokowanych strza\u0142ach, rajdach skrzyd\u0142owych czy faulach.<\/span><\/p>\n<p><span style=\"font-weight: 400;\">Gdy wydawa\u0142o si\u0119, \u017ce pierwsza cz\u0119\u015b\u0107 zako\u0144czy si\u0119 bez bramek, Warta dopi\u0119\u0142a swego. Po sk\u0142adnej akcji i prostopad\u0142ym podaniu ze \u015brodka pola do Marcela Zylli, pomocnik Zielonych przyj\u0105\u0142 pi\u0142k\u0119, ustawi\u0142 j\u0105 sobie i precyzyjnym, p\u0142askim uderzeniem zdoby\u0142 gola \u201edo szatni\u201d, wywo\u0142uj\u0105c wybuch rado\u015bci na trybunach.<\/span><\/p>\n<p><b><\/b><span style=\"font-weight: 400;\"><img loading=\"lazy\" decoding=\"async\" width=\"2560\" height=\"1676\" class=\"alignnone size-full wp-image-43755\" src=\"https:\/\/wartapoznan.pl\/wp-content\/uploads\/2025\/11\/IMG_7150-1-scaled.jpg\" alt=\"\" srcset=\"https:\/\/wartapoznan.pl\/wp-content\/uploads\/2025\/11\/IMG_7150-1-scaled.jpg 2560w, https:\/\/wartapoznan.pl\/wp-content\/uploads\/2025\/11\/IMG_7150-1-1536x1006.jpg 1536w, https:\/\/wartapoznan.pl\/wp-content\/uploads\/2025\/11\/IMG_7150-1-2048x1341.jpg 2048w, https:\/\/wartapoznan.pl\/wp-content\/uploads\/2025\/11\/IMG_7150-1-300x196.jpg 300w, https:\/\/wartapoznan.pl\/wp-content\/uploads\/2025\/11\/IMG_7150-1-128x84.jpg 128w, https:\/\/wartapoznan.pl\/wp-content\/uploads\/2025\/11\/IMG_7150-1-32x21.jpg 32w\" sizes=\"(max-width: 2560px) 100vw, 2560px\" \/> <\/span><\/p>\n<p>Fot. Pawe\u0142 Rosolski<\/p>\n<p><span style=\"font-weight: 400;\">Po przerwie Zieloni nie zamierzali zwalnia\u0107 tempa. Wci\u0105\u017c prowadzili gr\u0119 i szukali drugiego trafienia. Bardzo blisko podwy\u017cszenia prowadzenia by\u0142 Marcel Stefaniak, lecz jego mocny strza\u0142 zosta\u0142 w ostatniej chwili zablokowany przez obro\u0144c\u0119 Chojniczanki.<\/span><\/p>\n<p><span style=\"font-weight: 400;\">Z czasem mecz nieco si\u0119 uspokoi\u0142, a Warta m\u0105drze utrzymywa\u0142a si\u0119 przy pi\u0142ce na po\u0142owie przeciwnika, nie pozwalaj\u0105c przyjezdnym na szybkie kontry. Nie oznacza\u0142o to braku okazji \u2014 \u015bwietn\u0105 szans\u0119 mia\u0142 Igor Kornobis, kt\u00f3ry efektownie \u201ezata\u0144czy\u0142\u201d z pi\u0142k\u0105 w polu karnym, mijaj\u0105c kolejnych obro\u0144c\u00f3w. Jego strza\u0142 r\u00f3wnie\u017c zatrzyma\u0142a\u00a0 ofiarna interwencja\u00a0 rywala.<\/span><\/p>\n<p><span style=\"font-weight: 400;\"><img loading=\"lazy\" decoding=\"async\" width=\"2560\" height=\"1681\" class=\"alignnone size-full wp-image-43757\" src=\"https:\/\/wartapoznan.pl\/wp-content\/uploads\/2025\/11\/IMG_7180-1-scaled.jpg\" alt=\"\" srcset=\"https:\/\/wartapoznan.pl\/wp-content\/uploads\/2025\/11\/IMG_7180-1-scaled.jpg 2560w, https:\/\/wartapoznan.pl\/wp-content\/uploads\/2025\/11\/IMG_7180-1-1536x1008.jpg 1536w, https:\/\/wartapoznan.pl\/wp-content\/uploads\/2025\/11\/IMG_7180-1-2048x1345.jpg 2048w, https:\/\/wartapoznan.pl\/wp-content\/uploads\/2025\/11\/IMG_7180-1-300x197.jpg 300w, https:\/\/wartapoznan.pl\/wp-content\/uploads\/2025\/11\/IMG_7180-1-128x84.jpg 128w, https:\/\/wartapoznan.pl\/wp-content\/uploads\/2025\/11\/IMG_7180-1-32x21.jpg 32w\" sizes=\"(max-width: 2560px) 100vw, 2560px\" \/><\/span><\/p>\n<p>Fot. Pawe\u0142 Rosolski<\/p>\n<p><span style=\"font-weight: 400;\">Ko\u0144c\u00f3wka spotkania by\u0142a prawdziwym rollercoasterem emocji. Najpierw Warta powinna zamkn\u0105\u0107 mecz \u2014 Filip Tonder agresywnie ruszy\u0142 do d\u0142ugiej pi\u0142ki i wykorzysta\u0142 z\u0142e wyj\u015bcie bramkarza go\u015bci, lecz z ostrego k\u0105ta trafi\u0142 jedynie w s\u0142upek pustej bramki.<\/span><span style=\"font-weight: 400;\"><br \/>\n<\/span><span style=\"font-weight: 400;\"> Kilka chwil p\u00f3\u017aniej niewiele zabrak\u0142o, by Zieloni zap\u0142acili za t\u0119 niewykorzystan\u0105 szans\u0119. Po b\u0142\u0119dzie w defensywie przed sytuacj\u0105 sam na sam stan\u0105\u0142 Vareijs Sabala, ale uderzy\u0142 bardzo niecelnie, ku ogromnej uldze gospodarzy.<\/span><\/p>\n<p><span style=\"font-weight: 400;\">W doliczonym czasie gry serca kibic\u00f3w Warty zabi\u0142y jeszcze mocniej. Po \u015bwietnym do\u015brodkowaniu w pole karne Zielonych jeden z zawodnik\u00f3w Chojniczanki odda\u0142 gro\u017any strza\u0142 g\u0142ow\u0105. Wtedy swoje wielkie umiej\u0119tno\u015bci pokaza\u0142 Leo Przybylak, kt\u00f3ry kapitaln\u0105 interwencj\u0105 \u2014 z gatunku \u201estadiony \u015bwiata\u201d \u2014 uratowa\u0142 wynik i zapewni\u0142 Warcie zwyci\u0119stwo w ostatnim meczu 2025 roku.<\/span><\/p>\n","protected":false},"excerpt":{"rendered":"<p>Warta Pozna\u0144 zako\u0144czy\u0142a 2025 rok w najlepszy mo\u017cliwy spos\u00f3b, pokazuj\u0105c, \u017ce pora\u017cka z Uni\u0105 Skierniewice by\u0142a jedynie drobnym wypadkiem przy&#8230;<\/p>\n","protected":false},"author":36,"featured_media":43759,"comment_status":"closed","ping_status":"closed","sticky":false,"template":"","format":"standard","meta":{"om_disable_all_campaigns":false,"inline_featured_image":false,"footnotes":"","_links_to":"","_links_to_target":""},"categories":[1],"tags":[],"aioseo_notices":[],"_links":{"self":[{"href":"https:\/\/wartapoznan.pl\/index.php\/wp-json\/wp\/v2\/posts\/43754"}],"collection":[{"href":"https:\/\/wartapoznan.pl\/index.php\/wp-json\/wp\/v2\/posts"}],"about":[{"href":"https:\/\/wartapoznan.pl\/index.php\/wp-json\/wp\/v2\/types\/post"}],"author":[{"embeddable":true,"href":"https:\/\/wartapoznan.pl\/index.php\/wp-json\/wp\/v2\/users\/36"}],"replies":[{"embeddable":true,"href":"https:\/\/wartapoznan.pl\/index.php\/wp-json\/wp\/v2\/comments?post=43754"}],"version-history":[{"count":2,"href":"https:\/\/wartapoznan.pl\/index.php\/wp-json\/wp\/v2\/posts\/43754\/revisions"}],"predecessor-version":[{"id":43762,"href":"https:\/\/wartapoznan.pl\/index.php\/wp-json\/wp\/v2\/posts\/43754\/revisions\/43762"}],"wp:featuredmedia":[{"embeddable":true,"href":"https:\/\/wartapoznan.pl\/index.php\/wp-json\/wp\/v2\/media\/43759"}],"wp:attachment":[{"href":"https:\/\/wartapoznan.pl\/index.php\/wp-json\/wp\/v2\/media?parent=43754"}],"wp:term":[{"taxonomy":"category","embeddable":true,"href":"https:\/\/wartapoznan.pl\/index.php\/wp-json\/wp\/v2\/categories?post=43754"},{"taxonomy":"post_tag","embeddable":true,"href":"https:\/\/wartapoznan.pl\/index.php\/wp-json\/wp\/v2\/tags?post=43754"}],"curies":[{"name":"wp","href":"https:\/\/api.w.org\/{rel}","templated":true}]}}