{"id":43764,"date":"2025-12-05T14:41:45","date_gmt":"2025-12-05T13:41:45","guid":{"rendered":"https:\/\/wartapoznan.pl\/?p=43764"},"modified":"2025-12-05T14:41:45","modified_gmt":"2025-12-05T13:41:45","slug":"specjalna-atrakcja-dla-kolekcjonerow-pilkarskich-pamiatek-warta-poznan-wyprzedaje-koszulkowe-unikaty-w-czasie-jarmarku-swiatecznego-na-wildzie","status":"publish","type":"post","link":"https:\/\/wartapoznan.pl\/index.php\/2025\/12\/05\/specjalna-atrakcja-dla-kolekcjonerow-pilkarskich-pamiatek-warta-poznan-wyprzedaje-koszulkowe-unikaty-w-czasie-jarmarku-swiatecznego-na-wildzie\/","title":{"rendered":"Specjalna atrakcja dla kolekcjoner\u00f3w pi\u0142karskich pami\u0105tek. Warta Pozna\u0144 wyprzedaje koszulkowe unikaty w czasie Jarmarku \u015awi\u0105tecznego na Wildzie."},"content":{"rendered":"<p><b>Nie lada gratka dla sportowych kolekcjoner\u00f3w. W sobot\u0119, 6.12., w ramach 10. Jarmarku \u015awi\u0105tecznego na Wildzie, Warta Pozna\u0144 organizuje kiermasz oryginalnych koszulek meczowych z minionych lat. Cz\u0119\u015b\u0107 z nich to prawdziwe rarytasy. Doch\u00f3d ze sprzeda\u017cy zostanie przeznaczony w ca\u0142o\u015bci na now\u0105 trybun\u0119 na stadionie przy Drodze D\u0119bi\u0144skiej.<\/b><\/p>\n<p><i><span style=\"font-weight: 400;\">\u201eZajrzeli\u015bmy g\u0142\u0119boko do klubowych magazyn\u00f3w i wyci\u0105gn\u0119li\u015bmy unikaty, kt\u00f3re normalnie nie trafiaj\u0105 ju\u017c do sprzeda\u017cy. To koszulki meczowe z poprzednich sezon\u00f3w \u2014 z czas\u00f3w pierwszej ligi i ekstraklasy. Prawdziwa gratka dla kolekcjoner\u00f3w, mi\u0142o\u015bnik\u00f3w historii klubu oraz fan\u00f3w Zielonych\u201d<\/span><\/i><span style=\"font-weight: 400;\"> \u2014 m\u00f3wi Piotr Komorowski, rzecznik Warty Pozna\u0144 &#8211;\u00a0 <\/span><i><span style=\"font-weight: 400;\">Na sprzeda\u017c trafi\u0105 zar\u00f3wno koszulki treningowe jak i meczowe. Niekt\u00f3re u\u017cywane, niekt\u00f3re jeszcze z oryginalnymi metkami. Szczeg\u00f3lnie ciekawe s\u0105 koszulki bramkarskie w r\u00f3\u017cnych wzorach i kolorach. Koszulki b\u0119dzie mo\u017cna kupi\u0107 w bardzo atrakcyjnych cenach, a liczba egzemplarzy jest ograniczona. Pieni\u0105dze zebrane w ten spos\u00f3b przeznaczymy na zakup nowej trybuny. Stoisko b\u0119d\u0105 obs\u0142ugiwa\u0107 pracownicy klubu, w tym prezes Artur Meissner.<\/span><\/i><\/p>\n<p><span style=\"font-weight: 400;\"><img loading=\"lazy\" decoding=\"async\" width=\"2560\" height=\"1441\" class=\"alignnone size-full wp-image-43772\" src=\"https:\/\/wartapoznan.pl\/wp-content\/uploads\/2025\/12\/20251205_135723-scaled.jpg\" alt=\"\" srcset=\"https:\/\/wartapoznan.pl\/wp-content\/uploads\/2025\/12\/20251205_135723-scaled.jpg 2560w, https:\/\/wartapoznan.pl\/wp-content\/uploads\/2025\/12\/20251205_135723-1536x865.jpg 1536w, https:\/\/wartapoznan.pl\/wp-content\/uploads\/2025\/12\/20251205_135723-2048x1153.jpg 2048w, https:\/\/wartapoznan.pl\/wp-content\/uploads\/2025\/12\/20251205_135723-300x169.jpg 300w, https:\/\/wartapoznan.pl\/wp-content\/uploads\/2025\/12\/20251205_135723-128x72.jpg 128w, https:\/\/wartapoznan.pl\/wp-content\/uploads\/2025\/12\/20251205_135723-32x18.jpg 32w\" sizes=\"(max-width: 2560px) 100vw, 2560px\" \/><\/span><\/p>\n<p><span style=\"font-weight: 400;\">Kiermasz b\u0119dzie prowadzony na stanowisku Warty Pozna\u0144 w ramach 10. Jarmarku \u015awi\u0105tecznego na Wildzie, kt\u00f3ry odb\u0119dzie si\u0119 6 grudnia na pl. Marii Sk\u0142odowskiej-Curie. Opr\u00f3cz kiermaszu koszulek na stoisku obecni b\u0119d\u0105 trenerzy Akademii Warty Pozna\u0144, kt\u00f3rzy przygotuj\u0105 kr\u00f3tkie, lekkie pi\u0142karskie wyzwania dla dzieci i m\u0142odzie\u017cy. Stanowisko Warty Pozna\u0144 zlokalizowane b\u0119dzie w pierwszym rz\u0119dzie od strony ul. Sk\u0142odowskiej-Curie. Stoisko Zielonych b\u0119dzie czynne od 15.00 do 20.00.<\/span><\/p>\n<p><span style=\"font-weight: 400;\"><img loading=\"lazy\" decoding=\"async\" width=\"955\" height=\"716\" class=\"alignnone size-full wp-image-43770\" src=\"https:\/\/wartapoznan.pl\/wp-content\/uploads\/2025\/12\/Warta-na-Jarmarku-1-1.png\" alt=\"\" srcset=\"https:\/\/wartapoznan.pl\/wp-content\/uploads\/2025\/12\/Warta-na-Jarmarku-1-1.png 955w, https:\/\/wartapoznan.pl\/wp-content\/uploads\/2025\/12\/Warta-na-Jarmarku-1-1-300x225.png 300w, https:\/\/wartapoznan.pl\/wp-content\/uploads\/2025\/12\/Warta-na-Jarmarku-1-1-128x96.png 128w, https:\/\/wartapoznan.pl\/wp-content\/uploads\/2025\/12\/Warta-na-Jarmarku-1-1-32x24.png 32w\" sizes=\"(max-width: 955px) 100vw, 955px\" \/>Tegoroczny Jarmark \u015awi\u0105teczny na Wildzie tradycyjnie b\u0119dzie pe\u0142en atrakcji dla du\u017cych i ma\u0142ych. Odwiedzaj\u0105cy b\u0119d\u0105 mogli skorzysta\u0107 ze stoisk z r\u0119kodzie\u0142em i \u015bwi\u0105tecznymi upominkami, a tak\u017ce spr\u00f3bowa\u0107 potraw przygotowanych przez wildeckich wystawc\u00f3w. Na scenie pojawi\u0105 si\u0119 lokalni arty\u015bci, kt\u00f3rzy zadbaj\u0105 o muzyczne t\u0142o wydarzenia. Najm\u0142odszych czeka spektakl teatralny oraz wizyta Gwiazdora, kt\u00f3ry od lat jest nieod\u0142\u0105czn\u0105 cz\u0119\u015bci\u0105 tego wydarzenia. Nie zabraknie te\u017c akcent\u00f3w pomocowych \u2014 na jarmarku prowadzone b\u0119d\u0105 zbi\u00f3rki na rzecz lokalnych inicjatyw i potrzebuj\u0105cych mieszka\u0144c\u00f3w Wildy.<\/span><\/p>\n<p><span style=\"font-weight: 400;\">Organizatorem Jarmarku jest Stowarzyszenie Wildecka Inicjatywa Lokalna WILdzianie i Rada Osiedla Wilda. Wydarzenie powstaje przy wsparciu bud\u017cetowym miasta Poznania.<\/span><\/p>\n<p><img loading=\"lazy\" decoding=\"async\" width=\"1600\" height=\"592\" class=\"alignnone size-full wp-image-43775\" src=\"https:\/\/wartapoznan.pl\/wp-content\/uploads\/2025\/12\/Zdjecie-WhatsApp-2025-12-04-o-16.15.14_12657bc7.jpg\" alt=\"\" srcset=\"https:\/\/wartapoznan.pl\/wp-content\/uploads\/2025\/12\/Zdjecie-WhatsApp-2025-12-04-o-16.15.14_12657bc7.jpg 1600w, https:\/\/wartapoznan.pl\/wp-content\/uploads\/2025\/12\/Zdjecie-WhatsApp-2025-12-04-o-16.15.14_12657bc7-1536x568.jpg 1536w, https:\/\/wartapoznan.pl\/wp-content\/uploads\/2025\/12\/Zdjecie-WhatsApp-2025-12-04-o-16.15.14_12657bc7-300x111.jpg 300w, https:\/\/wartapoznan.pl\/wp-content\/uploads\/2025\/12\/Zdjecie-WhatsApp-2025-12-04-o-16.15.14_12657bc7-128x47.jpg 128w, https:\/\/wartapoznan.pl\/wp-content\/uploads\/2025\/12\/Zdjecie-WhatsApp-2025-12-04-o-16.15.14_12657bc7-32x12.jpg 32w\" sizes=\"(max-width: 1600px) 100vw, 1600px\" \/><\/p>\n","protected":false},"excerpt":{"rendered":"<p>Nie lada gratka dla sportowych kolekcjoner\u00f3w. W sobot\u0119, 6.12., w ramach 10. Jarmarku \u015awi\u0105tecznego na Wildzie, Warta Pozna\u0144 organizuje kiermasz&#8230;<\/p>\n","protected":false},"author":36,"featured_media":43765,"comment_status":"closed","ping_status":"closed","sticky":false,"template":"","format":"standard","meta":{"om_disable_all_campaigns":false,"inline_featured_image":false,"footnotes":"","_links_to":"","_links_to_target":""},"categories":[94,1],"tags":[],"aioseo_notices":[],"_links":{"self":[{"href":"https:\/\/wartapoznan.pl\/index.php\/wp-json\/wp\/v2\/posts\/43764"}],"collection":[{"href":"https:\/\/wartapoznan.pl\/index.php\/wp-json\/wp\/v2\/posts"}],"about":[{"href":"https:\/\/wartapoznan.pl\/index.php\/wp-json\/wp\/v2\/types\/post"}],"author":[{"embeddable":true,"href":"https:\/\/wartapoznan.pl\/index.php\/wp-json\/wp\/v2\/users\/36"}],"replies":[{"embeddable":true,"href":"https:\/\/wartapoznan.pl\/index.php\/wp-json\/wp\/v2\/comments?post=43764"}],"version-history":[{"count":3,"href":"https:\/\/wartapoznan.pl\/index.php\/wp-json\/wp\/v2\/posts\/43764\/revisions"}],"predecessor-version":[{"id":43777,"href":"https:\/\/wartapoznan.pl\/index.php\/wp-json\/wp\/v2\/posts\/43764\/revisions\/43777"}],"wp:featuredmedia":[{"embeddable":true,"href":"https:\/\/wartapoznan.pl\/index.php\/wp-json\/wp\/v2\/media\/43765"}],"wp:attachment":[{"href":"https:\/\/wartapoznan.pl\/index.php\/wp-json\/wp\/v2\/media?parent=43764"}],"wp:term":[{"taxonomy":"category","embeddable":true,"href":"https:\/\/wartapoznan.pl\/index.php\/wp-json\/wp\/v2\/categories?post=43764"},{"taxonomy":"post_tag","embeddable":true,"href":"https:\/\/wartapoznan.pl\/index.php\/wp-json\/wp\/v2\/tags?post=43764"}],"curies":[{"name":"wp","href":"https:\/\/api.w.org\/{rel}","templated":true}]}}