{"id":43778,"date":"2025-12-10T14:52:03","date_gmt":"2025-12-10T13:52:03","guid":{"rendered":"https:\/\/wartapoznan.pl\/?p=43778"},"modified":"2025-12-10T15:20:07","modified_gmt":"2025-12-10T14:20:07","slug":"po-sukcesie-kiermaszu-swiatecznego-warta-poznan-szykuje-dogrywke","status":"publish","type":"post","link":"https:\/\/wartapoznan.pl\/index.php\/2025\/12\/10\/po-sukcesie-kiermaszu-swiatecznego-warta-poznan-szykuje-dogrywke\/","title":{"rendered":"Po sukcesie kiermaszu \u015bwi\u0105tecznego, Warta Pozna\u0144 szykuje \u201cdogrywk\u0119\u201d."},"content":{"rendered":"<p><b>145 koszulek sprzedanych w nieca\u0142e 4 godziny \u2014 taki jest efekt \u015bwi\u0105tecznego kiermaszu Warty Pozna\u0144, w ramach kt\u00f3rego mo\u017cna by\u0142o kupi\u0107 unikatowe koszulki klubu z minionych sezon\u00f3w. Wszystkie pieni\u0105dze ze zbi\u00f3rki zosta\u0142y przeznaczone na zakup nowej trybuny, dzi\u0119ki czemu \u201elicznik\u201d wp\u0142at przekroczy\u0142 50% potrzebnej kwoty. Klub idzie za ciosem i planuje organizacj\u0119 \u201edogrywki\u201d w najbli\u017cszy pi\u0105tek.<\/b><\/p>\n<p><i><span style=\"font-weight: 400;\">\u2014 Nie spodziewali\u015bmy si\u0119 tak wielkiego odzewu na nasz\u0105 inicjatyw\u0119. Ch\u0119tnych by\u0142o mn\u00f3stwo. Koszulki rozesz\u0142y si\u0119 b\u0142yskawicznie, co do jednej<\/span><\/i><span style=\"font-weight: 400;\"> \u2014 m\u00f3wi Piotr Komorowski, rzecznik prasowy klubu. \u2014 <\/span><i><span style=\"font-weight: 400;\">Mieli\u015bmy informacje od wielu kibic\u00f3w, \u017ce nie b\u0119d\u0105 w stanie dotrze\u0107 na jarmark, dlatego postanowili\u015bmy zrobi\u0107 dogrywk\u0119!<\/span><\/i><\/p>\n<p><span style=\"font-weight: 400;\">Powt\u00f3rka kiermaszu czyli &#8222;\u015awi\u0105teczna Wyprzeda\u017c Gara\u017cowa&#8221;, odb\u0119dzie si\u0119 w najbli\u017cszy pi\u0105tek od godziny 14.00 do 19.00 w siedzibie klubu przy ul. Spychalskiego 34, na I pi\u0119trze.\u00a0<\/span><\/p>\n<p><i><span style=\"font-weight: 400;\">Si\u0119gn\u0119li\u015bmy jeszcze g\u0142\u0119biej do klubowego magazynu. Dla ch\u0119tnych przygotowali\u015bmy kilkadziesi\u0105t koszulek meczowych i treningowych z okresu gry w Ekstraklasie oraz pierwszej lidze. Dost\u0119pne b\u0119d\u0105 r\u00f3wnie\u017c warcia\u0144skie gad\u017cety, w tym kolekcjonerskie pami\u0105tki, takie jak tabliczki z szafek pi\u0142karzy wyst\u0119puj\u0105cych w Warcie w latach 2020\u201325, dzieci\u0119ce stroje Akademii, r\u0119kawice bramkarskie, szaliki i inne klubowe drobiazgi <\/span><\/i><span style=\"font-weight: 400;\">\u2014 uzupe\u0142nia Komorowski.<\/span><\/p>\n<p><span style=\"font-weight: 400;\">Podobnie jak w przypadku sobotniego kiermaszu na Wildzie, ca\u0142kowity doch\u00f3d ze sprzeda\u017cy koszulek trafi na zbi\u00f3rk\u0119 na now\u0105 trybun\u0119 na stadiony przy Drodze D\u0119bi\u0144skiej.\u00a0<\/span><\/p>\n","protected":false},"excerpt":{"rendered":"<p>145 koszulek sprzedanych w nieca\u0142e 4 godziny \u2014 taki jest efekt \u015bwi\u0105tecznego kiermaszu Warty Pozna\u0144, w ramach kt\u00f3rego mo\u017cna by\u0142o&#8230;<\/p>\n","protected":false},"author":36,"featured_media":43779,"comment_status":"closed","ping_status":"closed","sticky":false,"template":"","format":"standard","meta":{"om_disable_all_campaigns":false,"inline_featured_image":false,"footnotes":"","_links_to":"","_links_to_target":""},"categories":[94,1],"tags":[],"aioseo_notices":[],"_links":{"self":[{"href":"https:\/\/wartapoznan.pl\/index.php\/wp-json\/wp\/v2\/posts\/43778"}],"collection":[{"href":"https:\/\/wartapoznan.pl\/index.php\/wp-json\/wp\/v2\/posts"}],"about":[{"href":"https:\/\/wartapoznan.pl\/index.php\/wp-json\/wp\/v2\/types\/post"}],"author":[{"embeddable":true,"href":"https:\/\/wartapoznan.pl\/index.php\/wp-json\/wp\/v2\/users\/36"}],"replies":[{"embeddable":true,"href":"https:\/\/wartapoznan.pl\/index.php\/wp-json\/wp\/v2\/comments?post=43778"}],"version-history":[{"count":4,"href":"https:\/\/wartapoznan.pl\/index.php\/wp-json\/wp\/v2\/posts\/43778\/revisions"}],"predecessor-version":[{"id":43784,"href":"https:\/\/wartapoznan.pl\/index.php\/wp-json\/wp\/v2\/posts\/43778\/revisions\/43784"}],"wp:featuredmedia":[{"embeddable":true,"href":"https:\/\/wartapoznan.pl\/index.php\/wp-json\/wp\/v2\/media\/43779"}],"wp:attachment":[{"href":"https:\/\/wartapoznan.pl\/index.php\/wp-json\/wp\/v2\/media?parent=43778"}],"wp:term":[{"taxonomy":"category","embeddable":true,"href":"https:\/\/wartapoznan.pl\/index.php\/wp-json\/wp\/v2\/categories?post=43778"},{"taxonomy":"post_tag","embeddable":true,"href":"https:\/\/wartapoznan.pl\/index.php\/wp-json\/wp\/v2\/tags?post=43778"}],"curies":[{"name":"wp","href":"https:\/\/api.w.org\/{rel}","templated":true}]}}