{"id":43922,"date":"2026-01-27T09:06:25","date_gmt":"2026-01-27T08:06:25","guid":{"rendered":"https:\/\/wartapoznan.pl\/?p=43922"},"modified":"2026-01-27T09:06:25","modified_gmt":"2026-01-27T08:06:25","slug":"akademia-warty-poznan-wraca-na-boiska-treningowe-przy-dd12","status":"publish","type":"post","link":"https:\/\/wartapoznan.pl\/index.php\/2026\/01\/27\/akademia-warty-poznan-wraca-na-boiska-treningowe-przy-dd12\/","title":{"rendered":"Akademia Warty Pozna\u0144 wraca na boiska treningowe przy DD12"},"content":{"rendered":"<p><b>Po wielu miesi\u0105cach oczekiwa\u0144 Warta Pozna\u0144 w ko\u0144cu wraca na boiska treningowe przy Drodze D\u0119bi\u0144skiej. W \u015brod\u0119 odb\u0119d\u0105 si\u0119 tam pierwsze treningi grup m\u0142odzie\u017cowych. To szczeg\u00f3lnie dobra informacja dla rodzic\u00f3w ponad 300 zawodnik\u00f3w i zawodniczek z Akademii Warty Pozna\u0144, kt\u00f3rzy do tej pory zmuszeni byli wozi\u0107 dzieci po ca\u0142ym Poznaniu i okolicznych gminach.<\/b><\/p>\n<p><span style=\"font-weight: 400;\">\u2013<\/span><i><span style=\"font-weight: 400;\"> Cieszymy si\u0119, \u017ce ten moment w ko\u0144cu nasta\u0142. Dla nas to bardzo wa\u017cna chwila. Boiska treningowe w sercu miasta, w Ogr\u00f3dku, to dobra wiadomo\u015b\u0107 zar\u00f3wno dla rodzic\u00f3w, jak i dla klubu. Ostatnie miesi\u0105ce sta\u0142y pod znakiem gor\u0105czkowego szukania miejsc do trenowania w ca\u0142ym Poznaniu i okolicznych gminach, co oznacza\u0142o brak stabilizacji zar\u00f3wno dla rodzic\u00f3w i opiekun\u00f3w, jak i trener\u00f3w oraz samych zawodnik\u00f3w i zawodniczek. Teraz w ko\u0144cu wszystko b\u0119dzie w jednym miejscu \u2013 w dodatku blisko siedziby klubu, tu\u017c przy pierwszej dru\u017cynie<\/span><\/i><span style=\"font-weight: 400;\"> \u2013 m\u00f3wi Artur Meissner, prezes zarz\u0105du Warta Pozna\u0144 SA.<\/span><\/p>\n<p><span style=\"font-weight: 400;\">Boiska treningowe Warty Pozna\u0144 powsta\u0142y ze \u015brodk\u00f3w miejskich oraz pa\u0144stwowych uzyskanych w ramach Programu Rozwoju Infrastruktury Pi\u0142karskiej 2022 Ministerstwa Sportu i Turystyki. Zgodnie z postanowieniami Programu ww. boiska s\u0142u\u017cy\u0107 maj\u0105 profesjonalnym akademiom i szk\u00f3\u0142kom pi\u0142karskim klub\u00f3w Ekstraklasy oraz I ligi na dzie\u0144 sk\u0142adania wniosku (klub spe\u0142nia\u0142 ten warunek w dacie sk\u0142adania wniosku). \u017beby m\u00f3c ubiega\u0107 si\u0119 o ministerialne dofinansowanie, Miasto i Warta Pozna\u0144 zawar\u0142y list intencyjny, w ramach kt\u00f3rego Warta w\u0142o\u017cy\u0142a swoje know-how w opracowanie projektu, a miasto zobowi\u0105za\u0142o si\u0119 do przekazania klubowi boisk w dzier\u017caw\u0119. W sk\u0142ad nowego obiektu wchodzi jedno boisko z podgrzewan\u0105 muraw\u0105 naturaln\u0105 oraz jedno boisko ze sztuczn\u0105 nawierzchni\u0105.<\/span><\/p>\n<p><span style=\"font-weight: 400;\">Od \u015brody, po oficjalnym przekazaniu boisk, na muraw\u0119 ze sztuczn\u0105 nawierzchni\u0105 wyjd\u0105 dru\u017cyny z rocznik\u00f3w U19 i U16 oraz dru\u017cyna rezerw. Treningi na boiskach b\u0119d\u0105 si\u0119 odbywa\u0142y codziennie od godz. 8 do 21. Przede wszystkim przeznaczone b\u0119d\u0105 dla grup m\u0142odzie\u017cowych Warty \u2013 pocz\u0105wszy od 6-latk\u00f3w, po grup\u0119 U19 i rezerwy. \u0141\u0105cznie przy Drodze D\u0119bi\u0144skiej trenowa\u0107 b\u0119dzie 13 grup rocznikowych Akademii, w tym r\u00f3wnie\u017c dru\u017cyny kobiece, a tak\u017ce sekcje ampfutbolu i blind footballu. W wybranych dniach na boiskach treningowych b\u0119dzie trenowa\u0142a te\u017c pierwsza dru\u017cyna.<\/span><\/p>\n<p><i><span style=\"font-weight: 400;\">Jeste\u015bmy bardzo wdzi\u0119czni wszystkim, kt\u00f3rzy pomogli nam doprowadzi\u0107 t\u0119 inwestycj\u0119 do ko\u0144ca. Te boiska to dla nas wielki krok do przodu. Co prawda nie spe\u0142niaj\u0105 jeszcze wszystkich naszych potrzeb szkoleniowych, ale stanowi\u0105 dobr\u0105 podstaw\u0119 do budowania stabilnego rozwoju Warty Pozna\u0144. Rozmowy na temat zasad korzystania z boisk jeszcze trwaj\u0105. &#8211; <\/span><\/i><span style=\"font-weight: 400;\">m\u00f3wi Artur Meissner.<\/span><\/p>\n","protected":false},"excerpt":{"rendered":"<p>Po wielu miesi\u0105cach oczekiwa\u0144 Warta Pozna\u0144 w ko\u0144cu wraca na boiska treningowe przy Drodze D\u0119bi\u0144skiej. W \u015brod\u0119 odb\u0119d\u0105 si\u0119 tam&#8230;<\/p>\n","protected":false},"author":36,"featured_media":43925,"comment_status":"closed","ping_status":"closed","sticky":false,"template":"","format":"standard","meta":{"om_disable_all_campaigns":false,"inline_featured_image":false,"footnotes":"","_links_to":"","_links_to_target":""},"categories":[95,94,1],"tags":[],"aioseo_notices":[],"_links":{"self":[{"href":"https:\/\/wartapoznan.pl\/index.php\/wp-json\/wp\/v2\/posts\/43922"}],"collection":[{"href":"https:\/\/wartapoznan.pl\/index.php\/wp-json\/wp\/v2\/posts"}],"about":[{"href":"https:\/\/wartapoznan.pl\/index.php\/wp-json\/wp\/v2\/types\/post"}],"author":[{"embeddable":true,"href":"https:\/\/wartapoznan.pl\/index.php\/wp-json\/wp\/v2\/users\/36"}],"replies":[{"embeddable":true,"href":"https:\/\/wartapoznan.pl\/index.php\/wp-json\/wp\/v2\/comments?post=43922"}],"version-history":[{"count":1,"href":"https:\/\/wartapoznan.pl\/index.php\/wp-json\/wp\/v2\/posts\/43922\/revisions"}],"predecessor-version":[{"id":43927,"href":"https:\/\/wartapoznan.pl\/index.php\/wp-json\/wp\/v2\/posts\/43922\/revisions\/43927"}],"wp:featuredmedia":[{"embeddable":true,"href":"https:\/\/wartapoznan.pl\/index.php\/wp-json\/wp\/v2\/media\/43925"}],"wp:attachment":[{"href":"https:\/\/wartapoznan.pl\/index.php\/wp-json\/wp\/v2\/media?parent=43922"}],"wp:term":[{"taxonomy":"category","embeddable":true,"href":"https:\/\/wartapoznan.pl\/index.php\/wp-json\/wp\/v2\/categories?post=43922"},{"taxonomy":"post_tag","embeddable":true,"href":"https:\/\/wartapoznan.pl\/index.php\/wp-json\/wp\/v2\/tags?post=43922"}],"curies":[{"name":"wp","href":"https:\/\/api.w.org\/{rel}","templated":true}]}}