{"id":43929,"date":"2026-01-27T17:53:24","date_gmt":"2026-01-27T16:53:24","guid":{"rendered":"https:\/\/wartapoznan.pl\/?p=43929"},"modified":"2026-01-27T17:53:24","modified_gmt":"2026-01-27T16:53:24","slug":"zmiana-miejsca-sparingu-warta-poznan-vs-chojniczanka-chojnice","status":"publish","type":"post","link":"https:\/\/wartapoznan.pl\/index.php\/2026\/01\/27\/zmiana-miejsca-sparingu-warta-poznan-vs-chojniczanka-chojnice\/","title":{"rendered":"Zmiana miejsca sparingu &#8211; Warta Pozna\u0144 vs Chojniczanka Chojnice"},"content":{"rendered":"<p><b>Przed Wart\u0105 Pozna\u0144 trzeci mecz kontrolny w trakcie zimowej przerwy rozgrywkowej. Po efektownym zwyci\u0119stwie 5:0 nad Olimpi\u0105 Grudzi\u0105dz, \u201eZieloni\u201d zmierz\u0105 si\u0119 z Chojniczank\u0105 Chojnice. Ze wzgl\u0119du na z\u0142y stan nawierzchni boiska w Chojnicach, wynikaj\u0105cy z warunk\u00f3w pogodowych, nast\u0105pi\u0142a zmiana miejsca rozegrania sparingu \u2013 spotkanie odb\u0119dzie si\u0119 w \u015brod\u0119 o godzinie 13:00 na \u015bwie\u017co otwartym boisku treningowym ze sztuczn\u0105 nawierzchni\u0105 przy Drodze D\u0119bi\u0144skiej w Poznaniu. Sparing b\u0119dzie otwarty dla kibic\u00f3w.<\/b><\/p>\n<p><span style=\"font-weight: 400;\">Chojniczanka to rywal doskonale znany Warciarzom \u2013 to w\u0142a\u015bnie z tym zespo\u0142em Warta mierzy\u0142a si\u0119 w ostatnim meczu ligowym przed zimow\u0105 przerw\u0105. W\u00f3wczas poznaniacy wygrali 1:0, a decyduj\u0105cego gola w pierwszej po\u0142owie zdoby\u0142 Marcel Zylla. Po rundzie jesiennej Chojniczanka zajmuje 11. miejsce w tabeli Betclic 2. Ligi z dorobkiem 24 punkt\u00f3w.<\/span><\/p>\n<p><span style=\"font-weight: 400;\">Zim\u0105 w dru\u017cynie z Chojnic dosz\u0142o do kilku zmian kadrowych. Klub opu\u015bcili Shun Shibata oraz Konrad Gutowski, natomiast na zasadzie wypo\u017cyczenia z Miedzi Legnica do zespo\u0142u do\u0142\u0105czy\u0142 Babacar Diallo. W dotychczasowych sparingach Chojniczanka prezentuje si\u0119 solidnie \u2013 pokona\u0142a Wart\u0119 Gorz\u00f3w Wielkopolski 4:2 oraz Pogo\u0144 Grodzisk Mazowiecki 3:0.<\/span><\/p>\n<p><span style=\"font-weight: 400;\">Serdecznie zapraszamy do przyj\u015bcia i obejrzenia spotkania na \u017cywo. Je\u015bli kto\u015b nie b\u0119dzie m\u00f3g\u0142 by\u0107 obecny po relacj\u0119 oraz materia\u0142y z tego spotkania zapraszamy do naszych klubowych medi\u00f3w spo\u0142eczno\u015bciowych.<\/span><\/p>\n","protected":false},"excerpt":{"rendered":"<p>Przed Wart\u0105 Pozna\u0144 trzeci mecz kontrolny w trakcie zimowej przerwy rozgrywkowej. Po efektownym zwyci\u0119stwie 5:0 nad Olimpi\u0105 Grudzi\u0105dz, \u201eZieloni\u201d zmierz\u0105&#8230;<\/p>\n","protected":false},"author":36,"featured_media":43930,"comment_status":"closed","ping_status":"closed","sticky":false,"template":"","format":"standard","meta":{"om_disable_all_campaigns":false,"inline_featured_image":false,"footnotes":"","_links_to":"","_links_to_target":""},"categories":[94,100,1],"tags":[],"aioseo_notices":[],"_links":{"self":[{"href":"https:\/\/wartapoznan.pl\/index.php\/wp-json\/wp\/v2\/posts\/43929"}],"collection":[{"href":"https:\/\/wartapoznan.pl\/index.php\/wp-json\/wp\/v2\/posts"}],"about":[{"href":"https:\/\/wartapoznan.pl\/index.php\/wp-json\/wp\/v2\/types\/post"}],"author":[{"embeddable":true,"href":"https:\/\/wartapoznan.pl\/index.php\/wp-json\/wp\/v2\/users\/36"}],"replies":[{"embeddable":true,"href":"https:\/\/wartapoznan.pl\/index.php\/wp-json\/wp\/v2\/comments?post=43929"}],"version-history":[{"count":1,"href":"https:\/\/wartapoznan.pl\/index.php\/wp-json\/wp\/v2\/posts\/43929\/revisions"}],"predecessor-version":[{"id":43932,"href":"https:\/\/wartapoznan.pl\/index.php\/wp-json\/wp\/v2\/posts\/43929\/revisions\/43932"}],"wp:featuredmedia":[{"embeddable":true,"href":"https:\/\/wartapoznan.pl\/index.php\/wp-json\/wp\/v2\/media\/43930"}],"wp:attachment":[{"href":"https:\/\/wartapoznan.pl\/index.php\/wp-json\/wp\/v2\/media?parent=43929"}],"wp:term":[{"taxonomy":"category","embeddable":true,"href":"https:\/\/wartapoznan.pl\/index.php\/wp-json\/wp\/v2\/categories?post=43929"},{"taxonomy":"post_tag","embeddable":true,"href":"https:\/\/wartapoznan.pl\/index.php\/wp-json\/wp\/v2\/tags?post=43929"}],"curies":[{"name":"wp","href":"https:\/\/api.w.org\/{rel}","templated":true}]}}