{"id":43933,"date":"2026-01-28T12:46:18","date_gmt":"2026-01-28T11:46:18","guid":{"rendered":"https:\/\/wartapoznan.pl\/?p=43933"},"modified":"2026-01-31T13:52:33","modified_gmt":"2026-01-31T12:52:33","slug":"otwarcie-boisk-treningowych-przy-drodze-debinskiej","status":"publish","type":"post","link":"https:\/\/wartapoznan.pl\/index.php\/2026\/01\/28\/otwarcie-boisk-treningowych-przy-drodze-debinskiej\/","title":{"rendered":"Otwarcie boisk treningowych przy Drodze D\u0119bi\u0144skiej"},"content":{"rendered":"<p><b>W \u015brod\u0119, 28 stycznia, odby\u0142o si\u0119 oficjalne otwarcie nowych boisk treningowych przy Drodze D\u0119bi\u0144skiej. Zako\u0144czenie tej inwestycji stanowi kolejny wa\u017cny krok w rozwoju infrastruktury sportowej Warty Pozna\u0144.<\/b><\/p>\n<p><span style=\"font-weight: 400;\">Briefing prasowy rozpocz\u0105\u0142 si\u0119 o godzinie 10:00 na terenie boisk przy ul. \u017belazka. Spotkanie poprowadzi\u0142 Filip Borowiak, rzecznik POSiR, kt\u00f3ry przywita\u0142 zaproszonych go\u015bci i odda\u0142 g\u0142os przedstawicielom miasta oraz sp\u00f3\u0142ek zaanga\u017cowanych w realizacj\u0119 projektu.<\/span><\/p>\n<p><span style=\"font-weight: 400;\">Jako pierwszy g\u0142os zabra\u0142 Marcin Go\u0142ek, zast\u0119pca prezydenta Poznania. W swoim wyst\u0105pieniu podkre\u015bli\u0142 znaczenie nowoczesnej bazy treningowej dla rozwoju sportu w mie\u015bcie, zwracaj\u0105c uwag\u0119, \u017ce teren przy Drodze D\u0119bi\u0144skiej konsekwentnie zmienia si\u0119 w sportowy \u201efyrtel\u201d Poznania. Zaznaczy\u0142 r\u00f3wnie\u017c, \u017ce nowe boiska zosta\u0142y zaprojektowane z my\u015bl\u0105 o Warcie Pozna\u0144, kt\u00f3ra b\u0119dzie mia\u0142a pierwsze\u0144stwo w korzystaniu z obiektu, przy jednoczesnym zachowaniu dost\u0119pno\u015bci boisk tak\u017ce dla innych klub\u00f3w i podmiot\u00f3w sportowych.<\/span><\/p>\n<p><span style=\"font-weight: 400;\">Nast\u0119pnie g\u0142os zabra\u0142a Ma\u0142gorzata Dudzic-Biskupska, radna miejska, kt\u00f3ra zwr\u00f3ci\u0142a uwag\u0119 na znaczenie inwestycji dla rozwoju sportu m\u0142odzie\u017cowego oraz tworzenia dost\u0119pnej infrastruktury sportowej w Poznaniu.\u00a0<\/span><\/p>\n<p><span style=\"font-weight: 400;\">Szczeg\u00f3\u0142y dotycz\u0105ce realizacji projektu przedstawi\u0142 Tomasz P\u0142\u00f3ciniczak, prezes sp\u00f3\u0142ki Pozna\u0144skie Inwestycje Miejskie. W swoim wyst\u0105pieniu om\u00f3wi\u0142 zakres wykonanych prac oraz rozwi\u0105zania techniczne zastosowane przy budowie boisk.<\/span><\/p>\n<p><span style=\"font-weight: 400;\">Do dyspozycji sportowc\u00f3w oddano dwa nowoczesne boiska treningowe \u2013 jedno o nawierzchni sztucznej, syntetycznej oraz drugie z podgrzewan\u0105 muraw\u0105 naturaln\u0105. Oba obiekty wyposa\u017cone zosta\u0142y w o\u015bwietlenie, bramki oraz pi\u0142kochwyty, a ca\u0142y teren zosta\u0142 ogrodzony. W ramach inwestycji wykonano r\u00f3wnie\u017c odwodnienie w postaci instalacji odprowadzania w\u00f3d opadowych oraz zbiorniki retencyjne.<\/span><\/p>\n<p><span style=\"font-weight: 400;\"><img loading=\"lazy\" decoding=\"async\" width=\"2560\" height=\"1707\" class=\"alignnone size-full wp-image-43936\" src=\"https:\/\/wartapoznan.pl\/wp-content\/uploads\/2026\/01\/adadad-scaled.jpg\" alt=\"\" srcset=\"https:\/\/wartapoznan.pl\/wp-content\/uploads\/2026\/01\/adadad-scaled.jpg 2560w, https:\/\/wartapoznan.pl\/wp-content\/uploads\/2026\/01\/adadad-1536x1024.jpg 1536w, https:\/\/wartapoznan.pl\/wp-content\/uploads\/2026\/01\/adadad-2048x1366.jpg 2048w, https:\/\/wartapoznan.pl\/wp-content\/uploads\/2026\/01\/adadad-300x200.jpg 300w, https:\/\/wartapoznan.pl\/wp-content\/uploads\/2026\/01\/adadad-128x85.jpg 128w, https:\/\/wartapoznan.pl\/wp-content\/uploads\/2026\/01\/adadad-32x21.jpg 32w\" sizes=\"(max-width: 2560px) 100vw, 2560px\" \/><\/span><\/p>\n<p>Fot. Kacper Pyto<\/p>\n<p><span style=\"font-weight: 400;\">Po zako\u0144czeniu oficjalnych przem\u00f3wie\u0144 odby\u0142y si\u0119 rozmowy indywidualne z mediami, w kt\u00f3rych poza zaproszonymi go\u015bci uczestniczyli m.in. Artur Meissner, prezes Warta Pozna\u0144 S.A., Bart\u0142omiej Farjaszewski, w\u0142a\u015bciciel klubu, oraz \u0141ukasz Miadzio\u0142ko, dyrektor POSiR. W tle przez ca\u0142y czas odbywa\u0142 si\u0119 trening m\u0142odych pi\u0142karzy Akademii Warty Pozna\u0144 z rocznik\u00f3w 2009 i 2010.<\/span><\/p>\n<p><span style=\"font-weight: 400;\"><img loading=\"lazy\" decoding=\"async\" width=\"2560\" height=\"1707\" class=\"alignnone size-full wp-image-43940\" src=\"https:\/\/wartapoznan.pl\/wp-content\/uploads\/2026\/01\/4096-2731-max-1-scaled.jpg\" alt=\"\" srcset=\"https:\/\/wartapoznan.pl\/wp-content\/uploads\/2026\/01\/4096-2731-max-1-scaled.jpg 2560w, https:\/\/wartapoznan.pl\/wp-content\/uploads\/2026\/01\/4096-2731-max-1-1536x1024.jpg 1536w, https:\/\/wartapoznan.pl\/wp-content\/uploads\/2026\/01\/4096-2731-max-1-2048x1366.jpg 2048w, https:\/\/wartapoznan.pl\/wp-content\/uploads\/2026\/01\/4096-2731-max-1-300x200.jpg 300w, https:\/\/wartapoznan.pl\/wp-content\/uploads\/2026\/01\/4096-2731-max-1-128x85.jpg 128w, https:\/\/wartapoznan.pl\/wp-content\/uploads\/2026\/01\/4096-2731-max-1-32x21.jpg 32w\" sizes=\"(max-width: 2560px) 100vw, 2560px\" \/><\/span><\/p>\n<p>Fot. Kacper Pyto<\/p>\n<p><span style=\"font-weight: 400;\">Po zako\u0144czeniu cz\u0119\u015bci medialnej zaplanowano kr\u00f3tk\u0105, integracyjn\u0105 gr\u0119 na boisku ze sztuczn\u0105 nawierzchni\u0105, w kt\u00f3rej udzia\u0142 wzi\u0119li przedstawiciele miasta i instytucji (\u0141ukasz Madzio\u0142ko, Marcin Go\u0142ek i Tomasz P\u0142\u00f3ciniczak) oraz zawodnicy dru\u017cyn m\u0142odzie\u017cowych Warty (U18, U17 i U16).<\/span><\/p>\n<p><span style=\"font-weight: 400;\"><img loading=\"lazy\" decoding=\"async\" width=\"2560\" height=\"1707\" class=\"alignnone size-full wp-image-43938\" src=\"https:\/\/wartapoznan.pl\/wp-content\/uploads\/2026\/01\/adadacxcz-scaled.jpg\" alt=\"\" srcset=\"https:\/\/wartapoznan.pl\/wp-content\/uploads\/2026\/01\/adadacxcz-scaled.jpg 2560w, https:\/\/wartapoznan.pl\/wp-content\/uploads\/2026\/01\/adadacxcz-1536x1024.jpg 1536w, https:\/\/wartapoznan.pl\/wp-content\/uploads\/2026\/01\/adadacxcz-2048x1366.jpg 2048w, https:\/\/wartapoznan.pl\/wp-content\/uploads\/2026\/01\/adadacxcz-300x200.jpg 300w, https:\/\/wartapoznan.pl\/wp-content\/uploads\/2026\/01\/adadacxcz-128x85.jpg 128w, https:\/\/wartapoznan.pl\/wp-content\/uploads\/2026\/01\/adadacxcz-32x21.jpg 32w\" sizes=\"(max-width: 2560px) 100vw, 2560px\" \/><\/span><\/p>\n<p>Fot. Kacper Pyto<\/p>\n<p><span style=\"font-weight: 400;\">Nowe boiska dedykowane s\u0105 Warta Pozna\u0144 S.A., kt\u00f3ra b\u0119dzie mia\u0142a pierwsze\u0144stwo w ich wynajmie. Treningi odbywa\u0107 si\u0119 b\u0119d\u0105 codziennie w godzinach od 8:00 do 21:00. Z obiekt\u00f3w korzysta\u0107 b\u0119d\u0105 przede wszystkim grupy m\u0142odzie\u017cowe Akademii Warty \u2013 od sze\u015bciolatk\u00f3w, przez zespo\u0142y U19 i rezerwy. \u0141\u0105cznie przy Drodze D\u0119bi\u0144skiej trenowa\u0107 b\u0119dzie 13 grup rocznikowych, w tym r\u00f3wnie\u017c dru\u017cyny kobiece, a tak\u017ce sekcje ampfutbolu i blind footballu. W wybranych dniach z boisk korzysta\u0107 b\u0119dzie tak\u017ce pierwsza dru\u017cyna.<\/span><\/p>\n<p>&nbsp;<\/p>\n<p><img loading=\"lazy\" decoding=\"async\" width=\"2560\" height=\"1706\" class=\"alignnone size-full wp-image-43942\" src=\"https:\/\/wartapoznan.pl\/wp-content\/uploads\/2026\/01\/fsfsfsfg-scaled.jpg\" alt=\"\" srcset=\"https:\/\/wartapoznan.pl\/wp-content\/uploads\/2026\/01\/fsfsfsfg-scaled.jpg 2560w, https:\/\/wartapoznan.pl\/wp-content\/uploads\/2026\/01\/fsfsfsfg-1536x1024.jpg 1536w, https:\/\/wartapoznan.pl\/wp-content\/uploads\/2026\/01\/fsfsfsfg-2048x1365.jpg 2048w, https:\/\/wartapoznan.pl\/wp-content\/uploads\/2026\/01\/fsfsfsfg-300x200.jpg 300w, https:\/\/wartapoznan.pl\/wp-content\/uploads\/2026\/01\/fsfsfsfg-128x85.jpg 128w, https:\/\/wartapoznan.pl\/wp-content\/uploads\/2026\/01\/fsfsfsfg-32x21.jpg 32w\" sizes=\"(max-width: 2560px) 100vw, 2560px\" \/><\/p>\n<p>Fot. Kacper Pyto<\/p>\n<p>Boiska treningowe Warty Pozna\u0144 powsta\u0142y ze \u015brodk\u00f3w miejskich oraz pa\u0144stwowych uzyskanych w ramach Programu Rozwoju Infrastruktury Pi\u0142karskiej 2022 Ministerstwa Sportu i Turystyki. Zgodnie z postanowieniami Programu ww. boiska s\u0142u\u017cy\u0107 maj\u0105 profesjonalnym akademiom i szk\u00f3\u0142kom pi\u0142karskim klub\u00f3w Ekstraklasy oraz I ligi na dzie\u0144 sk\u0142adania wniosku (klub spe\u0142nia\u0142 ten warunek w dacie sk\u0142adania wniosku). \u017beby m\u00f3c ubiega\u0107 si\u0119 o ministerialne dofinansowanie, Miasto i Warta Pozna\u0144 zawar\u0142y list intencyjny, w ramach kt\u00f3rego Warta w\u0142o\u017cy\u0142a swoje know-how w opracowanie projektu, a miasto zobowi\u0105za\u0142o si\u0119 do przekazania klubowi boisk w dzier\u017caw\u0119. W sk\u0142ad nowego obiektu wchodzi jedno boisko z podgrzewan\u0105 muraw\u0105 naturaln\u0105 oraz jedno boisko ze sztuczn\u0105 nawierzchni\u0105.<\/p>\n","protected":false},"excerpt":{"rendered":"<p>W \u015brod\u0119, 28 stycznia, odby\u0142o si\u0119 oficjalne otwarcie nowych boisk treningowych przy Drodze D\u0119bi\u0144skiej. Zako\u0144czenie tej inwestycji stanowi kolejny wa\u017cny&#8230;<\/p>\n","protected":false},"author":36,"featured_media":43944,"comment_status":"closed","ping_status":"closed","sticky":false,"template":"","format":"standard","meta":{"om_disable_all_campaigns":false,"inline_featured_image":false,"footnotes":"","_links_to":"","_links_to_target":""},"categories":[95,94,96,100,248,1],"tags":[],"aioseo_notices":[],"_links":{"self":[{"href":"https:\/\/wartapoznan.pl\/index.php\/wp-json\/wp\/v2\/posts\/43933"}],"collection":[{"href":"https:\/\/wartapoznan.pl\/index.php\/wp-json\/wp\/v2\/posts"}],"about":[{"href":"https:\/\/wartapoznan.pl\/index.php\/wp-json\/wp\/v2\/types\/post"}],"author":[{"embeddable":true,"href":"https:\/\/wartapoznan.pl\/index.php\/wp-json\/wp\/v2\/users\/36"}],"replies":[{"embeddable":true,"href":"https:\/\/wartapoznan.pl\/index.php\/wp-json\/wp\/v2\/comments?post=43933"}],"version-history":[{"count":5,"href":"https:\/\/wartapoznan.pl\/index.php\/wp-json\/wp\/v2\/posts\/43933\/revisions"}],"predecessor-version":[{"id":43975,"href":"https:\/\/wartapoznan.pl\/index.php\/wp-json\/wp\/v2\/posts\/43933\/revisions\/43975"}],"wp:featuredmedia":[{"embeddable":true,"href":"https:\/\/wartapoznan.pl\/index.php\/wp-json\/wp\/v2\/media\/43944"}],"wp:attachment":[{"href":"https:\/\/wartapoznan.pl\/index.php\/wp-json\/wp\/v2\/media?parent=43933"}],"wp:term":[{"taxonomy":"category","embeddable":true,"href":"https:\/\/wartapoznan.pl\/index.php\/wp-json\/wp\/v2\/categories?post=43933"},{"taxonomy":"post_tag","embeddable":true,"href":"https:\/\/wartapoznan.pl\/index.php\/wp-json\/wp\/v2\/tags?post=43933"}],"curies":[{"name":"wp","href":"https:\/\/api.w.org\/{rel}","templated":true}]}}