{"id":43947,"date":"2026-01-28T17:25:26","date_gmt":"2026-01-28T16:25:26","guid":{"rendered":"https:\/\/wartapoznan.pl\/?p=43947"},"modified":"2026-01-28T17:25:26","modified_gmt":"2026-01-28T16:25:26","slug":"inauguracja-nowych-boisk-udana-warta-poznan-zwycieska-w-sparingu-z-chojniczanka-chojnice","status":"publish","type":"post","link":"https:\/\/wartapoznan.pl\/index.php\/2026\/01\/28\/inauguracja-nowych-boisk-udana-warta-poznan-zwycieska-w-sparingu-z-chojniczanka-chojnice\/","title":{"rendered":"Inauguracja nowych boisk udana! Warta Pozna\u0144 zwyci\u0119ska w sparingu z Chojniczank\u0105 Chojnice"},"content":{"rendered":"<p><b>W trudnych, zimowych warunkach i przy niesprzyjaj\u0105cej pogodzie Warta Pozna\u0144 rozegra\u0142a sparing z Chojniczank\u0105 Chojnice, kt\u00f3ry by\u0142 pierwszym meczem rozegranym na nowo otwartych boiskach treningowych. Podczas trzeciego zimowego sprawdzianu Warciarze ponownie si\u0119gn\u0119li po zwyci\u0119stwo, wygrywaj\u0105c 2:0 i notuj\u0105c trzecie kolejne spotkanie bez straty bramki.<\/b><\/p>\n<p><span style=\"font-weight: 400;\">W pierwszej ods\u0142onie Zieloni byli konkretniejsi. Wynik po raz trzeci w zimowych sparingach otworzy\u0142 Filip Walu\u015b, wykorzystuj\u0105c b\u0142\u0105d defensywy rywali i wygrywaj\u0105c sytuacj\u0119 sam na sam z bramkarzem. Kilkana\u015bcie minut p\u00f3\u017aniej Mateusz Stanek wywalczy\u0142 rzut karny po indywidualnej akcji i sam pewnie go wykorzysta\u0142. Chojniczanka r\u00f3wnie\u017c mia\u0142a swoje momenty, ale \u015bwietn\u0105 interwencj\u0105 w sytuacji sam na sam popisa\u0142 si\u0119 Leo Przybylak, a jeden z goli go\u015bci nie zosta\u0142 uznany z powodu pozycji spalonej.<\/span><\/p>\n<p><span style=\"font-weight: 400;\">Druga cz\u0119\u015b\u0107 spotkania by\u0142a spokojniejsza i nie przynios\u0142a ju\u017c bramek. Warta nadal utrzymywa\u0142a si\u0119 przy pi\u0142ce i stwarza\u0142a zagro\u017cenie, jednak pr\u00f3by Micha\u0142a Smoczy\u0144skiego czy Filipa Tondera nie zako\u0144czy\u0142y si\u0119 trafieniami. Mecz zako\u0144czy\u0142 si\u0119 zwyci\u0119stwem Zielonych 2:0.<\/span><\/p>\n<p><b>Po meczu trener Maciej Tokarczyk podkre\u015bla\u0142, \u017ce ciesz\u0105 go nie tylko wyniki, ale g\u0142\u00f3wnie spos\u00f3b gry zespo\u0142u:<\/b><\/p>\n<p><i><span style=\"font-weight: 400;\">Wyniki oczywi\u015bcie ciesz\u0105, ale w sparingach wa\u017cne jest dla nas przede wszystkim to, jak wygl\u0105damy na boisku i w jaki spos\u00f3b realizujemy za\u0142o\u017cenia. Chcemy rozwija\u0107 konkretne elementy gry i wida\u0107, \u017ce ten proces idzie w dobrym kierunku. Dzisiejszy mecz by\u0142 solidny, rozegrany w d\u0142u\u017cszym wymiarze czasowym \u2014 dwa razy po 60 minut \u2014 co r\u00f3wnie\u017c mia\u0142o dla nas du\u017ce znaczenie.<\/span><\/i><\/p>\n","protected":false},"excerpt":{"rendered":"<p>W trudnych, zimowych warunkach i przy niesprzyjaj\u0105cej pogodzie Warta Pozna\u0144 rozegra\u0142a sparing z Chojniczank\u0105 Chojnice, kt\u00f3ry by\u0142 pierwszym meczem rozegranym&#8230;<\/p>\n","protected":false},"author":36,"featured_media":43930,"comment_status":"closed","ping_status":"closed","sticky":false,"template":"","format":"standard","meta":{"om_disable_all_campaigns":false,"inline_featured_image":false,"footnotes":"","_links_to":"","_links_to_target":""},"categories":[94,100,1],"tags":[],"aioseo_notices":[],"_links":{"self":[{"href":"https:\/\/wartapoznan.pl\/index.php\/wp-json\/wp\/v2\/posts\/43947"}],"collection":[{"href":"https:\/\/wartapoznan.pl\/index.php\/wp-json\/wp\/v2\/posts"}],"about":[{"href":"https:\/\/wartapoznan.pl\/index.php\/wp-json\/wp\/v2\/types\/post"}],"author":[{"embeddable":true,"href":"https:\/\/wartapoznan.pl\/index.php\/wp-json\/wp\/v2\/users\/36"}],"replies":[{"embeddable":true,"href":"https:\/\/wartapoznan.pl\/index.php\/wp-json\/wp\/v2\/comments?post=43947"}],"version-history":[{"count":1,"href":"https:\/\/wartapoznan.pl\/index.php\/wp-json\/wp\/v2\/posts\/43947\/revisions"}],"predecessor-version":[{"id":43950,"href":"https:\/\/wartapoznan.pl\/index.php\/wp-json\/wp\/v2\/posts\/43947\/revisions\/43950"}],"wp:featuredmedia":[{"embeddable":true,"href":"https:\/\/wartapoznan.pl\/index.php\/wp-json\/wp\/v2\/media\/43930"}],"wp:attachment":[{"href":"https:\/\/wartapoznan.pl\/index.php\/wp-json\/wp\/v2\/media?parent=43947"}],"wp:term":[{"taxonomy":"category","embeddable":true,"href":"https:\/\/wartapoznan.pl\/index.php\/wp-json\/wp\/v2\/categories?post=43947"},{"taxonomy":"post_tag","embeddable":true,"href":"https:\/\/wartapoznan.pl\/index.php\/wp-json\/wp\/v2\/tags?post=43947"}],"curies":[{"name":"wp","href":"https:\/\/api.w.org\/{rel}","templated":true}]}}